{"id":9551,"date":"2026-04-30T16:58:00","date_gmt":"2026-04-30T14:58:00","guid":{"rendered":"https:\/\/guillermou-avocats.fr\/fr\/?p=9551"},"modified":"2026-04-30T16:58:00","modified_gmt":"2026-04-30T14:58:00","slug":"journee-mondiale-de-la-sante-et-de-la-securite-au-travail","status":"publish","type":"post","link":"https:\/\/guillermou-avocats.fr\/fr\/actualites\/journee-mondiale-de-la-sante-et-de-la-securite-au-travail","title":{"rendered":"Journ\u00e9e mondiale de la sant\u00e9 et de la s\u00e9curit\u00e9 au travail"},"content":{"rendered":"<div class=\"fusion-fullwidth fullwidth-box nonhundred-percent-fullwidth non-hundred-percent-height-scrolling\"  style='background-color: rgba(255,255,255,0);background-position: center center;background-repeat: no-repeat;padding-top:0px;padding-right:0px;padding-bottom:0px;padding-left:0px;'><div class=\"fusion-builder-row fusion-row \"><div  class=\"fusion-layout-column fusion_builder_column fusion_builder_column_1_1  fusion-one-full fusion-column-first fusion-column-last 1_1\"  style='margin-top:0px;margin-bottom:0px;'>\n\t\t\t\t\t<div class=\"fusion-column-wrapper\" style=\"padding: 0px 0px 0px 0px;background-position:left top;background-repeat:no-repeat;-webkit-background-size:cover;-moz-background-size:cover;-o-background-size:cover;background-size:cover;\"  data-bg-url=\"\">\n\t\t\t\t\t\t<div class=\"fusion-text\"><p>Chaque ann\u00e9e, le 28 avril, la Journ\u00e9e mondiale de la s\u00e9curit\u00e9 et de la sant\u00e9 au travail, port\u00e9e par l\u2019Organisation internationale du travail, constitue un moment privil\u00e9gi\u00e9 de sensibilisation aux risques professionnels. Elle offre \u00e9galement l\u2019occasion de rappeler les enjeux juridiques essentiels attach\u00e9s \u00e0 la reconnaissance et \u00e0 l\u2019indemnisation des accidents du travail et des maladies professionnelles.<\/p>\n<p>La sant\u00e9 et la s\u00e9curit\u00e9 au travail ne rel\u00e8vent pas uniquement d\u2019exigences r\u00e9glementaires : elles s\u2019inscrivent au c\u0153ur de la responsabilit\u00e9 des employeurs et participent directement \u00e0 la protection de la dignit\u00e9 et de l\u2019int\u00e9grit\u00e9 des travailleurs. Les chiffres demeurent, \u00e0 cet \u00e9gard, particuli\u00e8rement pr\u00e9occupants, avec plusieurs millions de d\u00e9c\u00e8s chaque ann\u00e9e \u00e0 l\u2019\u00e9chelle mondiale imputables \u00e0 des accidents du travail ou \u00e0 des pathologies d\u2019origine professionnelle.<\/p>\n<p>Sur le plan juridique, la survenance d\u2019un accident du travail ou la reconnaissance d\u2019une maladie professionnelle ouvre droit \u00e0 une r\u00e9paration sp\u00e9cifique dans le cadre du r\u00e9gime de s\u00e9curit\u00e9 sociale. Toutefois, ce m\u00e9canisme demeure partiel, en ce qu\u2019il ne couvre pas l\u2019ensemble des pr\u00e9judices subis.<\/p>\n<p>Le cadre juridique de la reconnaissance des accidents du travail est d\u00e9fini par les articles L. 411-1 et L. 411-2 du Code de la s\u00e9curit\u00e9 sociale. Le premier consacre une d\u00e9finition large, fond\u00e9e sur la survenance d\u2019un fait accidentel par le fait ou \u00e0 l\u2019occasion du travail, permettant de pr\u00e9sumer son imputabilit\u00e9 \u00e0 l\u2019activit\u00e9 professionnelle. Le second \u00e9tend cette qualification aux accidents de trajet, survenus entre le domicile et le lieu de travail ou entre le lieu de travail et le lieu de restauration habituel, sous r\u00e9serve de l\u2019absence d\u2019interruption ou de d\u00e9tour pour un motif personnel \u00e9tranger aux n\u00e9cessit\u00e9s de la vie courante.<\/p>\n<p>S\u2019agissant des maladies professionnelles, leur reconnaissance est r\u00e9gie par l\u2019article L. 461-1 du m\u00eame code. Une maladie est pr\u00e9sum\u00e9e d\u2019origine professionnelle lorsqu\u2019elle figure dans l\u2019un des tableaux annex\u00e9s et que les conditions d\u2019exposition au risque sont r\u00e9unies. \u00c0 d\u00e9faut, la reconnaissance demeure possible, sous r\u00e9serve d\u2019\u00e9tablir le lien direct et essentiel entre la pathologie et l\u2019activit\u00e9 professionnelle, ce qui suppose souvent le recours \u00e0 une expertise m\u00e9dicale approfondie.<\/p>\n<p>La proc\u00e9dure de reconnaissance des accidents du travail et des maladies professionnelles, engag\u00e9e aupr\u00e8s de la caisse primaire d\u2019assurance maladie, rev\u00eat une importance d\u00e9terminante en ce qu\u2019elle conditionne l\u2019ouverture des droits \u00e0 indemnisation.<\/p>\n<p>Ces droits comprennent la prise en charge des d\u00e9penses de sant\u00e9 ainsi que de l\u2019incapacit\u00e9 temporaire et permanente (notions distinctes du d\u00e9ficit fonctionnel temporaire et du d\u00e9ficit fonctionnel permanent).<\/p>\n<p>\u00c0 partir du 1<sup>er<\/sup> novembre 2026 au plus tard, une partie de ces droits, attribu\u00e9e sous la forme d\u2019une rente, sera compos\u00e9e d\u2019une part professionnelle (correspondant au taux d\u2019incapacit\u00e9 permanente multipli\u00e9 par le salaire annuel) et d\u2019une part fonctionnelle (correspondant au d\u00e9ficit fonctionnel permanent de la victime).<\/p>\n<p>De plus, dans le cas o\u00f9 l\u2019accident du travail serait d\u00fb \u00e0 une faute inexcusable de l\u2019employeur, la victime a le droit de demander \u00e0 celui-ci l\u2019indemnisation des souffrances physiques et morales, de son pr\u00e9judice d\u2019agr\u00e9ment, de son pr\u00e9judice esth\u00e9tique ainsi que du pr\u00e9judice r\u00e9sultant de la perte ou de la diminution de ses possibilit\u00e9s de promotion professionnelle.<\/p>\n<p>La pr\u00e9vention des risques professionnels rev\u00eat une importance capitale. Elle implique la mise en \u0153uvre d\u2019une politique structur\u00e9e, reposant sur l\u2019identification, l\u2019\u00e9valuation et la ma\u00eetrise des risques, ainsi que sur l\u2019implication conjointe de l\u2019employeur, de l\u2019encadrement et des salari\u00e9s. Cette exigence s\u2019inscrit dans le cadre de l\u2019obligation de s\u00e9curit\u00e9 pesant sur l\u2019employeur, d\u00e9sormais analys\u00e9e comme une obligation de pr\u00e9vention renforc\u00e9e.<\/p>\n<p>La pr\u00e9vention appara\u00eet ainsi comme un enjeu non seulement humain, mais \u00e9galement contentieux.<\/p>\n<\/div><div class=\"fusion-clearfix\"><\/div>\n\n\t\t\t\t\t<\/div>\n\t\t\t\t<\/div><\/div><\/div>\n","protected":false},"excerpt":{"rendered":"","protected":false},"author":2,"featured_media":9553,"comment_status":"open","ping_status":"open","sticky":false,"template":"","format":"standard","meta":{"footnotes":""},"categories":[93],"tags":[],"class_list":["post-9551","post","type-post","status-publish","format-standard","has-post-thumbnail","hentry","category-actualites"],"yoast_head":"<!-- This site is optimized with the Yoast SEO Premium plugin v23.4 (Yoast SEO v27.4) - https:\/\/yoast.com\/product\/yoast-seo-premium-wordpress\/ -->\n<title>Journ\u00e9e mondiale de la sant\u00e9 et de la s\u00e9curit\u00e9 au travail - Avocat indemnisation de victimes<\/title>\n<meta name=\"robots\" content=\"index, follow, max-snippet:-1, max-image-preview:large, max-video-preview:-1\" \/>\n<link rel=\"canonical\" href=\"https:\/\/guillermou-avocats.fr\/fr\/actualites\/journee-mondiale-de-la-sante-et-de-la-securite-au-travail\" \/>\n<meta property=\"og:locale\" content=\"fr_FR\" \/>\n<meta property=\"og:type\" content=\"article\" \/>\n<meta property=\"og:title\" content=\"Journ\u00e9e mondiale de la sant\u00e9 et de la s\u00e9curit\u00e9 au travail - Avocat indemnisation de victimes\" \/>\n<meta property=\"og:url\" content=\"https:\/\/guillermou-avocats.fr\/fr\/actualites\/journee-mondiale-de-la-sante-et-de-la-securite-au-travail\" \/>\n<meta property=\"og:site_name\" content=\"Avocat indemnisation de victimes\" \/>\n<meta property=\"article:publisher\" content=\"https:\/\/www.facebook.com\/emericguillermou\/\" \/>\n<meta property=\"article:published_time\" content=\"2026-04-30T14:58:00+00:00\" \/>\n<meta property=\"og:image\" content=\"https:\/\/guillermou-avocats.fr\/wp-content\/uploads\/2026\/04\/JOURNE1.jpg\" \/>\n\t<meta property=\"og:image:width\" content=\"940\" \/>\n\t<meta property=\"og:image:height\" content=\"788\" \/>\n\t<meta property=\"og:image:type\" content=\"image\/jpeg\" \/>\n<meta name=\"author\" content=\"Proxima\" \/>\n<meta name=\"twitter:card\" content=\"summary_large_image\" \/>\n<meta name=\"twitter:creator\" content=\"@eguillermou\" \/>\n<meta name=\"twitter:site\" content=\"@eguillermou\" \/>\n<meta name=\"twitter:label1\" content=\"\u00c9crit par\" \/>\n\t<meta name=\"twitter:data1\" content=\"Proxima\" \/>\n\t<meta name=\"twitter:label2\" content=\"Dur\u00e9e de lecture estim\u00e9e\" \/>\n\t<meta name=\"twitter:data2\" content=\"4 minutes\" \/>\n<script type=\"application\/ld+json\" class=\"yoast-schema-graph\">{\"@context\":\"https:\\\/\\\/schema.org\",\"@graph\":[{\"@type\":\"Article\",\"@id\":\"https:\\\/\\\/guillermou-avocats.fr\\\/fr\\\/actualites\\\/journee-mondiale-de-la-sante-et-de-la-securite-au-travail#article\",\"isPartOf\":{\"@id\":\"https:\\\/\\\/guillermou-avocats.fr\\\/fr\\\/actualites\\\/journee-mondiale-de-la-sante-et-de-la-securite-au-travail\"},\"author\":{\"name\":\"Proxima\",\"@id\":\"https:\\\/\\\/proxima2023.okoumea.com\\\/fr\\\/#\\\/schema\\\/person\\\/76485fc47f1ebece06bb555d9824cae0\"},\"headline\":\"Journ\u00e9e mondiale de la sant\u00e9 et de la s\u00e9curit\u00e9 au travail\",\"datePublished\":\"2026-04-30T14:58:00+00:00\",\"mainEntityOfPage\":{\"@id\":\"https:\\\/\\\/guillermou-avocats.fr\\\/fr\\\/actualites\\\/journee-mondiale-de-la-sante-et-de-la-securite-au-travail\"},\"wordCount\":871,\"commentCount\":0,\"publisher\":{\"@id\":\"https:\\\/\\\/proxima2023.okoumea.com\\\/fr\\\/#organization\"},\"image\":{\"@id\":\"https:\\\/\\\/guillermou-avocats.fr\\\/fr\\\/actualites\\\/journee-mondiale-de-la-sante-et-de-la-securite-au-travail#primaryimage\"},\"thumbnailUrl\":\"https:\\\/\\\/guillermou-avocats.fr\\\/wp-content\\\/uploads\\\/2026\\\/04\\\/JOURNE1.jpg\",\"articleSection\":[\"actualit\u00e9s\"],\"inLanguage\":\"fr-FR\",\"potentialAction\":[{\"@type\":\"CommentAction\",\"name\":\"Comment\",\"target\":[\"https:\\\/\\\/guillermou-avocats.fr\\\/fr\\\/actualites\\\/journee-mondiale-de-la-sante-et-de-la-securite-au-travail#respond\"]}]},{\"@type\":\"WebPage\",\"@id\":\"https:\\\/\\\/guillermou-avocats.fr\\\/fr\\\/actualites\\\/journee-mondiale-de-la-sante-et-de-la-securite-au-travail\",\"url\":\"https:\\\/\\\/guillermou-avocats.fr\\\/fr\\\/actualites\\\/journee-mondiale-de-la-sante-et-de-la-securite-au-travail\",\"name\":\"Journ\u00e9e mondiale de la sant\u00e9 et de la s\u00e9curit\u00e9 au travail - Avocat indemnisation de victimes\",\"isPartOf\":{\"@id\":\"https:\\\/\\\/proxima2023.okoumea.com\\\/fr\\\/#website\"},\"primaryImageOfPage\":{\"@id\":\"https:\\\/\\\/guillermou-avocats.fr\\\/fr\\\/actualites\\\/journee-mondiale-de-la-sante-et-de-la-securite-au-travail#primaryimage\"},\"image\":{\"@id\":\"https:\\\/\\\/guillermou-avocats.fr\\\/fr\\\/actualites\\\/journee-mondiale-de-la-sante-et-de-la-securite-au-travail#primaryimage\"},\"thumbnailUrl\":\"https:\\\/\\\/guillermou-avocats.fr\\\/wp-content\\\/uploads\\\/2026\\\/04\\\/JOURNE1.jpg\",\"datePublished\":\"2026-04-30T14:58:00+00:00\",\"inLanguage\":\"fr-FR\",\"potentialAction\":[{\"@type\":\"ReadAction\",\"target\":[\"https:\\\/\\\/guillermou-avocats.fr\\\/fr\\\/actualites\\\/journee-mondiale-de-la-sante-et-de-la-securite-au-travail\"]}]},{\"@type\":\"ImageObject\",\"inLanguage\":\"fr-FR\",\"@id\":\"https:\\\/\\\/guillermou-avocats.fr\\\/fr\\\/actualites\\\/journee-mondiale-de-la-sante-et-de-la-securite-au-travail#primaryimage\",\"url\":\"https:\\\/\\\/guillermou-avocats.fr\\\/wp-content\\\/uploads\\\/2026\\\/04\\\/JOURNE1.jpg\",\"contentUrl\":\"https:\\\/\\\/guillermou-avocats.fr\\\/wp-content\\\/uploads\\\/2026\\\/04\\\/JOURNE1.jpg\",\"width\":940,\"height\":788},{\"@type\":\"WebSite\",\"@id\":\"https:\\\/\\\/proxima2023.okoumea.com\\\/fr\\\/#website\",\"url\":\"https:\\\/\\\/proxima2023.okoumea.com\\\/fr\\\/\",\"name\":\"Proxima - Avocats indemnisation de victimes\",\"description\":\"Chaque jour est un nouveau cap \u00e0 franchir ensemble\",\"publisher\":{\"@id\":\"https:\\\/\\\/proxima2023.okoumea.com\\\/fr\\\/#organization\"},\"potentialAction\":[{\"@type\":\"SearchAction\",\"target\":{\"@type\":\"EntryPoint\",\"urlTemplate\":\"https:\\\/\\\/proxima2023.okoumea.com\\\/fr\\\/?s={search_term_string}\"},\"query-input\":{\"@type\":\"PropertyValueSpecification\",\"valueRequired\":true,\"valueName\":\"search_term_string\"}}],\"inLanguage\":\"fr-FR\"},{\"@type\":\"Organization\",\"@id\":\"https:\\\/\\\/proxima2023.okoumea.com\\\/fr\\\/#organization\",\"name\":\"CABINET PROXIMA GUILLERMOU AVOCATS\",\"url\":\"https:\\\/\\\/proxima2023.okoumea.com\\\/fr\\\/\",\"logo\":{\"@type\":\"ImageObject\",\"inLanguage\":\"fr-FR\",\"@id\":\"https:\\\/\\\/proxima2023.okoumea.com\\\/fr\\\/#\\\/schema\\\/logo\\\/image\\\/\",\"url\":\"https:\\\/\\\/guillermou-avocats.fr\\\/wp-content\\\/uploads\\\/2024\\\/08\\\/2Fichier-12ProximaLogox1.png\",\"contentUrl\":\"https:\\\/\\\/guillermou-avocats.fr\\\/wp-content\\\/uploads\\\/2024\\\/08\\\/2Fichier-12ProximaLogox1.png\",\"width\":836,\"height\":825,\"caption\":\"CABINET PROXIMA GUILLERMOU AVOCATS\"},\"image\":{\"@id\":\"https:\\\/\\\/proxima2023.okoumea.com\\\/fr\\\/#\\\/schema\\\/logo\\\/image\\\/\"},\"sameAs\":[\"https:\\\/\\\/www.facebook.com\\\/emericguillermou\\\/\",\"https:\\\/\\\/x.com\\\/eguillermou\",\"https:\\\/\\\/fr.linkedin.com\\\/in\\\/emeric-guillermou-6a4b9bb6\",\"https:\\\/\\\/www.youtube.com\\\/@emericguillermou9412\"]},{\"@type\":\"Person\",\"@id\":\"https:\\\/\\\/proxima2023.okoumea.com\\\/fr\\\/#\\\/schema\\\/person\\\/76485fc47f1ebece06bb555d9824cae0\",\"name\":\"Proxima\",\"image\":{\"@type\":\"ImageObject\",\"inLanguage\":\"fr-FR\",\"@id\":\"https:\\\/\\\/secure.gravatar.com\\\/avatar\\\/1a9a201a1fcd5f2ecbfa35b383607d569af4cffda10e358211dbcb32e8d758cc?s=96&d=mm&r=g\",\"url\":\"https:\\\/\\\/secure.gravatar.com\\\/avatar\\\/1a9a201a1fcd5f2ecbfa35b383607d569af4cffda10e358211dbcb32e8d758cc?s=96&d=mm&r=g\",\"contentUrl\":\"https:\\\/\\\/secure.gravatar.com\\\/avatar\\\/1a9a201a1fcd5f2ecbfa35b383607d569af4cffda10e358211dbcb32e8d758cc?s=96&d=mm&r=g\",\"caption\":\"Proxima\"},\"description\":\"Avocat Indemnisation de victimes Emeric GUILLERMOU\",\"url\":\"https:\\\/\\\/guillermou-avocats.fr\\\/fr\\\/author\\\/proxima\"}]}<\/script>\n<!-- \/ Yoast SEO Premium plugin. -->","yoast_head_json":{"title":"Journ\u00e9e mondiale de la sant\u00e9 et de la s\u00e9curit\u00e9 au travail - Avocat indemnisation de victimes","robots":{"index":"index","follow":"follow","max-snippet":"max-snippet:-1","max-image-preview":"max-image-preview:large","max-video-preview":"max-video-preview:-1"},"canonical":"https:\/\/guillermou-avocats.fr\/fr\/actualites\/journee-mondiale-de-la-sante-et-de-la-securite-au-travail","og_locale":"fr_FR","og_type":"article","og_title":"Journ\u00e9e mondiale de la sant\u00e9 et de la s\u00e9curit\u00e9 au travail - Avocat indemnisation de victimes","og_url":"https:\/\/guillermou-avocats.fr\/fr\/actualites\/journee-mondiale-de-la-sante-et-de-la-securite-au-travail","og_site_name":"Avocat indemnisation de victimes","article_publisher":"https:\/\/www.facebook.com\/emericguillermou\/","article_published_time":"2026-04-30T14:58:00+00:00","og_image":[{"width":940,"height":788,"url":"https:\/\/guillermou-avocats.fr\/wp-content\/uploads\/2026\/04\/JOURNE1.jpg","type":"image\/jpeg"}],"author":"Proxima","twitter_card":"summary_large_image","twitter_creator":"@eguillermou","twitter_site":"@eguillermou","twitter_misc":{"\u00c9crit par":"Proxima","Dur\u00e9e de lecture estim\u00e9e":"4 minutes"},"schema":{"@context":"https:\/\/schema.org","@graph":[{"@type":"Article","@id":"https:\/\/guillermou-avocats.fr\/fr\/actualites\/journee-mondiale-de-la-sante-et-de-la-securite-au-travail#article","isPartOf":{"@id":"https:\/\/guillermou-avocats.fr\/fr\/actualites\/journee-mondiale-de-la-sante-et-de-la-securite-au-travail"},"author":{"name":"Proxima","@id":"https:\/\/proxima2023.okoumea.com\/fr\/#\/schema\/person\/76485fc47f1ebece06bb555d9824cae0"},"headline":"Journ\u00e9e mondiale de la sant\u00e9 et de la s\u00e9curit\u00e9 au travail","datePublished":"2026-04-30T14:58:00+00:00","mainEntityOfPage":{"@id":"https:\/\/guillermou-avocats.fr\/fr\/actualites\/journee-mondiale-de-la-sante-et-de-la-securite-au-travail"},"wordCount":871,"commentCount":0,"publisher":{"@id":"https:\/\/proxima2023.okoumea.com\/fr\/#organization"},"image":{"@id":"https:\/\/guillermou-avocats.fr\/fr\/actualites\/journee-mondiale-de-la-sante-et-de-la-securite-au-travail#primaryimage"},"thumbnailUrl":"https:\/\/guillermou-avocats.fr\/wp-content\/uploads\/2026\/04\/JOURNE1.jpg","articleSection":["actualit\u00e9s"],"inLanguage":"fr-FR","potentialAction":[{"@type":"CommentAction","name":"Comment","target":["https:\/\/guillermou-avocats.fr\/fr\/actualites\/journee-mondiale-de-la-sante-et-de-la-securite-au-travail#respond"]}]},{"@type":"WebPage","@id":"https:\/\/guillermou-avocats.fr\/fr\/actualites\/journee-mondiale-de-la-sante-et-de-la-securite-au-travail","url":"https:\/\/guillermou-avocats.fr\/fr\/actualites\/journee-mondiale-de-la-sante-et-de-la-securite-au-travail","name":"Journ\u00e9e mondiale de la sant\u00e9 et de la s\u00e9curit\u00e9 au travail - Avocat indemnisation de victimes","isPartOf":{"@id":"https:\/\/proxima2023.okoumea.com\/fr\/#website"},"primaryImageOfPage":{"@id":"https:\/\/guillermou-avocats.fr\/fr\/actualites\/journee-mondiale-de-la-sante-et-de-la-securite-au-travail#primaryimage"},"image":{"@id":"https:\/\/guillermou-avocats.fr\/fr\/actualites\/journee-mondiale-de-la-sante-et-de-la-securite-au-travail#primaryimage"},"thumbnailUrl":"https:\/\/guillermou-avocats.fr\/wp-content\/uploads\/2026\/04\/JOURNE1.jpg","datePublished":"2026-04-30T14:58:00+00:00","inLanguage":"fr-FR","potentialAction":[{"@type":"ReadAction","target":["https:\/\/guillermou-avocats.fr\/fr\/actualites\/journee-mondiale-de-la-sante-et-de-la-securite-au-travail"]}]},{"@type":"ImageObject","inLanguage":"fr-FR","@id":"https:\/\/guillermou-avocats.fr\/fr\/actualites\/journee-mondiale-de-la-sante-et-de-la-securite-au-travail#primaryimage","url":"https:\/\/guillermou-avocats.fr\/wp-content\/uploads\/2026\/04\/JOURNE1.jpg","contentUrl":"https:\/\/guillermou-avocats.fr\/wp-content\/uploads\/2026\/04\/JOURNE1.jpg","width":940,"height":788},{"@type":"WebSite","@id":"https:\/\/proxima2023.okoumea.com\/fr\/#website","url":"https:\/\/proxima2023.okoumea.com\/fr\/","name":"Proxima - Avocats indemnisation de victimes","description":"Chaque jour est un nouveau cap \u00e0 franchir ensemble","publisher":{"@id":"https:\/\/proxima2023.okoumea.com\/fr\/#organization"},"potentialAction":[{"@type":"SearchAction","target":{"@type":"EntryPoint","urlTemplate":"https:\/\/proxima2023.okoumea.com\/fr\/?s={search_term_string}"},"query-input":{"@type":"PropertyValueSpecification","valueRequired":true,"valueName":"search_term_string"}}],"inLanguage":"fr-FR"},{"@type":"Organization","@id":"https:\/\/proxima2023.okoumea.com\/fr\/#organization","name":"CABINET PROXIMA GUILLERMOU AVOCATS","url":"https:\/\/proxima2023.okoumea.com\/fr\/","logo":{"@type":"ImageObject","inLanguage":"fr-FR","@id":"https:\/\/proxima2023.okoumea.com\/fr\/#\/schema\/logo\/image\/","url":"https:\/\/guillermou-avocats.fr\/wp-content\/uploads\/2024\/08\/2Fichier-12ProximaLogox1.png","contentUrl":"https:\/\/guillermou-avocats.fr\/wp-content\/uploads\/2024\/08\/2Fichier-12ProximaLogox1.png","width":836,"height":825,"caption":"CABINET PROXIMA GUILLERMOU AVOCATS"},"image":{"@id":"https:\/\/proxima2023.okoumea.com\/fr\/#\/schema\/logo\/image\/"},"sameAs":["https:\/\/www.facebook.com\/emericguillermou\/","https:\/\/x.com\/eguillermou","https:\/\/fr.linkedin.com\/in\/emeric-guillermou-6a4b9bb6","https:\/\/www.youtube.com\/@emericguillermou9412"]},{"@type":"Person","@id":"https:\/\/proxima2023.okoumea.com\/fr\/#\/schema\/person\/76485fc47f1ebece06bb555d9824cae0","name":"Proxima","image":{"@type":"ImageObject","inLanguage":"fr-FR","@id":"https:\/\/secure.gravatar.com\/avatar\/1a9a201a1fcd5f2ecbfa35b383607d569af4cffda10e358211dbcb32e8d758cc?s=96&d=mm&r=g","url":"https:\/\/secure.gravatar.com\/avatar\/1a9a201a1fcd5f2ecbfa35b383607d569af4cffda10e358211dbcb32e8d758cc?s=96&d=mm&r=g","contentUrl":"https:\/\/secure.gravatar.com\/avatar\/1a9a201a1fcd5f2ecbfa35b383607d569af4cffda10e358211dbcb32e8d758cc?s=96&d=mm&r=g","caption":"Proxima"},"description":"Avocat Indemnisation de victimes Emeric GUILLERMOU","url":"https:\/\/guillermou-avocats.fr\/fr\/author\/proxima"}]}},"_links":{"self":[{"href":"https:\/\/guillermou-avocats.fr\/fr\/wp-json\/wp\/v2\/posts\/9551","targetHints":{"allow":["GET"]}}],"collection":[{"href":"https:\/\/guillermou-avocats.fr\/fr\/wp-json\/wp\/v2\/posts"}],"about":[{"href":"https:\/\/guillermou-avocats.fr\/fr\/wp-json\/wp\/v2\/types\/post"}],"author":[{"embeddable":true,"href":"https:\/\/guillermou-avocats.fr\/fr\/wp-json\/wp\/v2\/users\/2"}],"replies":[{"embeddable":true,"href":"https:\/\/guillermou-avocats.fr\/fr\/wp-json\/wp\/v2\/comments?post=9551"}],"version-history":[{"count":2,"href":"https:\/\/guillermou-avocats.fr\/fr\/wp-json\/wp\/v2\/posts\/9551\/revisions"}],"predecessor-version":[{"id":9555,"href":"https:\/\/guillermou-avocats.fr\/fr\/wp-json\/wp\/v2\/posts\/9551\/revisions\/9555"}],"wp:featuredmedia":[{"embeddable":true,"href":"https:\/\/guillermou-avocats.fr\/fr\/wp-json\/wp\/v2\/media\/9553"}],"wp:attachment":[{"href":"https:\/\/guillermou-avocats.fr\/fr\/wp-json\/wp\/v2\/media?parent=9551"}],"wp:term":[{"taxonomy":"category","embeddable":true,"href":"https:\/\/guillermou-avocats.fr\/fr\/wp-json\/wp\/v2\/categories?post=9551"},{"taxonomy":"post_tag","embeddable":true,"href":"https:\/\/guillermou-avocats.fr\/fr\/wp-json\/wp\/v2\/tags?post=9551"}],"curies":[{"name":"wp","href":"https:\/\/api.w.org\/{rel}","templated":true}]}}