{"id":9369,"date":"2025-11-21T12:38:38","date_gmt":"2025-11-21T11:38:38","guid":{"rendered":"https:\/\/guillermou-avocats.fr\/fr\/?p=9369"},"modified":"2026-04-10T16:53:23","modified_gmt":"2026-04-10T14:53:23","slug":"proxima-vous-souhaite-une-belle-annee-2026-%f0%9f%8e%86","status":"publish","type":"post","link":"https:\/\/guillermou-avocats.fr\/fr\/actualites\/proxima-vous-souhaite-une-belle-annee-2026-%f0%9f%8e%86","title":{"rendered":"Proxima vous souhaite une belle ann\u00e9e 2026 ! \ud83c\udf86"},"content":{"rendered":"<div class=\"fusion-fullwidth fullwidth-box nonhundred-percent-fullwidth non-hundred-percent-height-scrolling\"  style='background-color: rgba(255,255,255,0);background-position: center center;background-repeat: no-repeat;padding-top:0px;padding-right:0px;padding-bottom:0px;padding-left:0px;'><div class=\"fusion-builder-row fusion-row \"><div  class=\"fusion-layout-column fusion_builder_column fusion_builder_column_1_1  fusion-one-full fusion-column-first fusion-column-last 1_1\"  style='margin-top:0px;margin-bottom:0px;'>\n\t\t\t\t\t<div class=\"fusion-column-wrapper\" style=\"padding: 0px 0px 0px 0px;background-position:left top;background-repeat:no-repeat;-webkit-background-size:cover;-moz-background-size:cover;-o-background-size:cover;background-size:cover;\"  data-bg-url=\"\">\n\t\t\t\t\t\t<div class=\"fusion-text\"><p>La nouvelle ann\u00e9e est celle de l\u2019esp\u00e9rance de jours meilleurs et de projets aboutis. En combattant ceux qui contestent les droits fondamentaux des plus vuln\u00e9rables, Proxima redonne \u00e0 ceux-ci la perspective d\u2019un nouveau d\u00e9part. En partageant cette conviction Proxima initie une nouvelle vision des droits essentiels \u00e0 la vie citoyenne. En emportant la conviction des institutions Proxima fait du r\u00eave un projet. Que cette nouvelle ann\u00e9e permette \u00e0 vos r\u00eaves\u00a0de\u00a0se\u00a0r\u00e9aliser\u00a0!<\/p>\n<\/div><div style=\"text-align:center;\">\n  <iframe loading=\"lazy\" width=\"560\" height=\"315\"\n  src=\"https:\/\/www.youtube.com\/embed\/Q3EIXxEr8H4\"\n  frameborder=\"0\"\n  allowfullscreen><\/iframe>\n<\/div><div class=\"fusion-clearfix\"><\/div>\n\n\t\t\t\t\t<\/div>\n\t\t\t\t<\/div><\/div><\/div>\n","protected":false},"excerpt":{"rendered":"","protected":false},"author":2,"featured_media":9389,"comment_status":"open","ping_status":"open","sticky":false,"template":"","format":"standard","meta":{"footnotes":""},"categories":[93],"tags":[],"class_list":["post-9369","post","type-post","status-publish","format-standard","has-post-thumbnail","hentry","category-actualites"],"yoast_head":"<!-- This site is optimized with the Yoast SEO Premium plugin v23.4 (Yoast SEO v27.4) - https:\/\/yoast.com\/product\/yoast-seo-premium-wordpress\/ -->\n<title>Proxima vous souhaite une belle ann\u00e9e 2026 ! \ud83c\udf86 - Avocat indemnisation de victimes<\/title>\n<meta name=\"robots\" content=\"index, follow, max-snippet:-1, max-image-preview:large, max-video-preview:-1\" \/>\n<link rel=\"canonical\" href=\"https:\/\/guillermou-avocats.fr\/fr\/actualites\/proxima-vous-souhaite-une-belle-annee-2026-\ud83c\udf86\" \/>\n<meta property=\"og:locale\" content=\"fr_FR\" \/>\n<meta property=\"og:type\" content=\"article\" \/>\n<meta property=\"og:title\" content=\"Proxima vous souhaite une belle ann\u00e9e 2026 ! \ud83c\udf86 - Avocat indemnisation de victimes\" \/>\n<meta property=\"og:url\" content=\"https:\/\/guillermou-avocats.fr\/fr\/actualites\/proxima-vous-souhaite-une-belle-annee-2026-\ud83c\udf86\" \/>\n<meta property=\"og:site_name\" content=\"Avocat indemnisation de victimes\" \/>\n<meta property=\"article:publisher\" content=\"https:\/\/www.facebook.com\/emericguillermou\/\" \/>\n<meta property=\"article:published_time\" content=\"2025-11-21T11:38:38+00:00\" \/>\n<meta property=\"article:modified_time\" content=\"2026-04-10T14:53:23+00:00\" \/>\n<meta property=\"og:image\" content=\"https:\/\/guillermou-avocats.fr\/wp-content\/uploads\/2025\/12\/Voeux-proxima-.png\" \/>\n\t<meta property=\"og:image:width\" content=\"1130\" \/>\n\t<meta property=\"og:image:height\" content=\"798\" \/>\n\t<meta property=\"og:image:type\" content=\"image\/png\" \/>\n<meta name=\"author\" content=\"Proxima\" \/>\n<meta name=\"twitter:card\" content=\"summary_large_image\" \/>\n<meta name=\"twitter:creator\" content=\"@eguillermou\" \/>\n<meta name=\"twitter:site\" content=\"@eguillermou\" \/>\n<meta name=\"twitter:label1\" content=\"\u00c9crit par\" \/>\n\t<meta name=\"twitter:data1\" content=\"Proxima\" \/>\n\t<meta name=\"twitter:label2\" content=\"Dur\u00e9e de lecture estim\u00e9e\" \/>\n\t<meta name=\"twitter:data2\" content=\"1 minute\" \/>\n<script type=\"application\/ld+json\" class=\"yoast-schema-graph\">{\"@context\":\"https:\\\/\\\/schema.org\",\"@graph\":[{\"@type\":\"Article\",\"@id\":\"https:\\\/\\\/guillermou-avocats.fr\\\/fr\\\/actualites\\\/proxima-vous-souhaite-une-belle-annee-2026-%f0%9f%8e%86#article\",\"isPartOf\":{\"@id\":\"https:\\\/\\\/guillermou-avocats.fr\\\/fr\\\/actualites\\\/proxima-vous-souhaite-une-belle-annee-2026-%f0%9f%8e%86\"},\"author\":{\"name\":\"Proxima\",\"@id\":\"https:\\\/\\\/proxima2023.okoumea.com\\\/fr\\\/#\\\/schema\\\/person\\\/76485fc47f1ebece06bb555d9824cae0\"},\"headline\":\"Proxima vous souhaite une belle ann\u00e9e 2026 ! \ud83c\udf86\",\"datePublished\":\"2025-11-21T11:38:38+00:00\",\"dateModified\":\"2026-04-10T14:53:23+00:00\",\"mainEntityOfPage\":{\"@id\":\"https:\\\/\\\/guillermou-avocats.fr\\\/fr\\\/actualites\\\/proxima-vous-souhaite-une-belle-annee-2026-%f0%9f%8e%86\"},\"wordCount\":301,\"commentCount\":0,\"publisher\":{\"@id\":\"https:\\\/\\\/proxima2023.okoumea.com\\\/fr\\\/#organization\"},\"image\":{\"@id\":\"https:\\\/\\\/guillermou-avocats.fr\\\/fr\\\/actualites\\\/proxima-vous-souhaite-une-belle-annee-2026-%f0%9f%8e%86#primaryimage\"},\"thumbnailUrl\":\"https:\\\/\\\/guillermou-avocats.fr\\\/wp-content\\\/uploads\\\/2025\\\/12\\\/Voeux-proxima-.png\",\"articleSection\":[\"actualit\u00e9s\"],\"inLanguage\":\"fr-FR\",\"potentialAction\":[{\"@type\":\"CommentAction\",\"name\":\"Comment\",\"target\":[\"https:\\\/\\\/guillermou-avocats.fr\\\/fr\\\/actualites\\\/proxima-vous-souhaite-une-belle-annee-2026-%f0%9f%8e%86#respond\"]}]},{\"@type\":\"WebPage\",\"@id\":\"https:\\\/\\\/guillermou-avocats.fr\\\/fr\\\/actualites\\\/proxima-vous-souhaite-une-belle-annee-2026-%f0%9f%8e%86\",\"url\":\"https:\\\/\\\/guillermou-avocats.fr\\\/fr\\\/actualites\\\/proxima-vous-souhaite-une-belle-annee-2026-%f0%9f%8e%86\",\"name\":\"Proxima vous souhaite une belle ann\u00e9e 2026 ! \ud83c\udf86 - Avocat indemnisation de victimes\",\"isPartOf\":{\"@id\":\"https:\\\/\\\/proxima2023.okoumea.com\\\/fr\\\/#website\"},\"primaryImageOfPage\":{\"@id\":\"https:\\\/\\\/guillermou-avocats.fr\\\/fr\\\/actualites\\\/proxima-vous-souhaite-une-belle-annee-2026-%f0%9f%8e%86#primaryimage\"},\"image\":{\"@id\":\"https:\\\/\\\/guillermou-avocats.fr\\\/fr\\\/actualites\\\/proxima-vous-souhaite-une-belle-annee-2026-%f0%9f%8e%86#primaryimage\"},\"thumbnailUrl\":\"https:\\\/\\\/guillermou-avocats.fr\\\/wp-content\\\/uploads\\\/2025\\\/12\\\/Voeux-proxima-.png\",\"datePublished\":\"2025-11-21T11:38:38+00:00\",\"dateModified\":\"2026-04-10T14:53:23+00:00\",\"inLanguage\":\"fr-FR\",\"potentialAction\":[{\"@type\":\"ReadAction\",\"target\":[\"https:\\\/\\\/guillermou-avocats.fr\\\/fr\\\/actualites\\\/proxima-vous-souhaite-une-belle-annee-2026-%f0%9f%8e%86\"]}]},{\"@type\":\"ImageObject\",\"inLanguage\":\"fr-FR\",\"@id\":\"https:\\\/\\\/guillermou-avocats.fr\\\/fr\\\/actualites\\\/proxima-vous-souhaite-une-belle-annee-2026-%f0%9f%8e%86#primaryimage\",\"url\":\"https:\\\/\\\/guillermou-avocats.fr\\\/wp-content\\\/uploads\\\/2025\\\/12\\\/Voeux-proxima-.png\",\"contentUrl\":\"https:\\\/\\\/guillermou-avocats.fr\\\/wp-content\\\/uploads\\\/2025\\\/12\\\/Voeux-proxima-.png\",\"width\":1130,\"height\":798},{\"@type\":\"WebSite\",\"@id\":\"https:\\\/\\\/proxima2023.okoumea.com\\\/fr\\\/#website\",\"url\":\"https:\\\/\\\/proxima2023.okoumea.com\\\/fr\\\/\",\"name\":\"Proxima - Avocats indemnisation de victimes\",\"description\":\"Chaque jour est un nouveau cap \u00e0 franchir ensemble\",\"publisher\":{\"@id\":\"https:\\\/\\\/proxima2023.okoumea.com\\\/fr\\\/#organization\"},\"potentialAction\":[{\"@type\":\"SearchAction\",\"target\":{\"@type\":\"EntryPoint\",\"urlTemplate\":\"https:\\\/\\\/proxima2023.okoumea.com\\\/fr\\\/?s={search_term_string}\"},\"query-input\":{\"@type\":\"PropertyValueSpecification\",\"valueRequired\":true,\"valueName\":\"search_term_string\"}}],\"inLanguage\":\"fr-FR\"},{\"@type\":\"Organization\",\"@id\":\"https:\\\/\\\/proxima2023.okoumea.com\\\/fr\\\/#organization\",\"name\":\"CABINET PROXIMA GUILLERMOU AVOCATS\",\"url\":\"https:\\\/\\\/proxima2023.okoumea.com\\\/fr\\\/\",\"logo\":{\"@type\":\"ImageObject\",\"inLanguage\":\"fr-FR\",\"@id\":\"https:\\\/\\\/proxima2023.okoumea.com\\\/fr\\\/#\\\/schema\\\/logo\\\/image\\\/\",\"url\":\"https:\\\/\\\/guillermou-avocats.fr\\\/wp-content\\\/uploads\\\/2024\\\/08\\\/2Fichier-12ProximaLogox1.png\",\"contentUrl\":\"https:\\\/\\\/guillermou-avocats.fr\\\/wp-content\\\/uploads\\\/2024\\\/08\\\/2Fichier-12ProximaLogox1.png\",\"width\":836,\"height\":825,\"caption\":\"CABINET PROXIMA GUILLERMOU AVOCATS\"},\"image\":{\"@id\":\"https:\\\/\\\/proxima2023.okoumea.com\\\/fr\\\/#\\\/schema\\\/logo\\\/image\\\/\"},\"sameAs\":[\"https:\\\/\\\/www.facebook.com\\\/emericguillermou\\\/\",\"https:\\\/\\\/x.com\\\/eguillermou\",\"https:\\\/\\\/fr.linkedin.com\\\/in\\\/emeric-guillermou-6a4b9bb6\",\"https:\\\/\\\/www.youtube.com\\\/@emericguillermou9412\"]},{\"@type\":\"Person\",\"@id\":\"https:\\\/\\\/proxima2023.okoumea.com\\\/fr\\\/#\\\/schema\\\/person\\\/76485fc47f1ebece06bb555d9824cae0\",\"name\":\"Proxima\",\"image\":{\"@type\":\"ImageObject\",\"inLanguage\":\"fr-FR\",\"@id\":\"https:\\\/\\\/secure.gravatar.com\\\/avatar\\\/1a9a201a1fcd5f2ecbfa35b383607d569af4cffda10e358211dbcb32e8d758cc?s=96&d=mm&r=g\",\"url\":\"https:\\\/\\\/secure.gravatar.com\\\/avatar\\\/1a9a201a1fcd5f2ecbfa35b383607d569af4cffda10e358211dbcb32e8d758cc?s=96&d=mm&r=g\",\"contentUrl\":\"https:\\\/\\\/secure.gravatar.com\\\/avatar\\\/1a9a201a1fcd5f2ecbfa35b383607d569af4cffda10e358211dbcb32e8d758cc?s=96&d=mm&r=g\",\"caption\":\"Proxima\"},\"description\":\"Avocat Indemnisation de victimes Emeric GUILLERMOU\",\"url\":\"https:\\\/\\\/guillermou-avocats.fr\\\/fr\\\/author\\\/proxima\"}]}<\/script>\n<!-- \/ Yoast SEO Premium plugin. -->","yoast_head_json":{"title":"Proxima vous souhaite une belle ann\u00e9e 2026 ! \ud83c\udf86 - Avocat indemnisation de victimes","robots":{"index":"index","follow":"follow","max-snippet":"max-snippet:-1","max-image-preview":"max-image-preview:large","max-video-preview":"max-video-preview:-1"},"canonical":"https:\/\/guillermou-avocats.fr\/fr\/actualites\/proxima-vous-souhaite-une-belle-annee-2026-\ud83c\udf86","og_locale":"fr_FR","og_type":"article","og_title":"Proxima vous souhaite une belle ann\u00e9e 2026 ! \ud83c\udf86 - Avocat indemnisation de victimes","og_url":"https:\/\/guillermou-avocats.fr\/fr\/actualites\/proxima-vous-souhaite-une-belle-annee-2026-\ud83c\udf86","og_site_name":"Avocat indemnisation de victimes","article_publisher":"https:\/\/www.facebook.com\/emericguillermou\/","article_published_time":"2025-11-21T11:38:38+00:00","article_modified_time":"2026-04-10T14:53:23+00:00","og_image":[{"width":1130,"height":798,"url":"https:\/\/guillermou-avocats.fr\/wp-content\/uploads\/2025\/12\/Voeux-proxima-.png","type":"image\/png"}],"author":"Proxima","twitter_card":"summary_large_image","twitter_creator":"@eguillermou","twitter_site":"@eguillermou","twitter_misc":{"\u00c9crit par":"Proxima","Dur\u00e9e de lecture estim\u00e9e":"1 minute"},"schema":{"@context":"https:\/\/schema.org","@graph":[{"@type":"Article","@id":"https:\/\/guillermou-avocats.fr\/fr\/actualites\/proxima-vous-souhaite-une-belle-annee-2026-%f0%9f%8e%86#article","isPartOf":{"@id":"https:\/\/guillermou-avocats.fr\/fr\/actualites\/proxima-vous-souhaite-une-belle-annee-2026-%f0%9f%8e%86"},"author":{"name":"Proxima","@id":"https:\/\/proxima2023.okoumea.com\/fr\/#\/schema\/person\/76485fc47f1ebece06bb555d9824cae0"},"headline":"Proxima vous souhaite une belle ann\u00e9e 2026 ! \ud83c\udf86","datePublished":"2025-11-21T11:38:38+00:00","dateModified":"2026-04-10T14:53:23+00:00","mainEntityOfPage":{"@id":"https:\/\/guillermou-avocats.fr\/fr\/actualites\/proxima-vous-souhaite-une-belle-annee-2026-%f0%9f%8e%86"},"wordCount":301,"commentCount":0,"publisher":{"@id":"https:\/\/proxima2023.okoumea.com\/fr\/#organization"},"image":{"@id":"https:\/\/guillermou-avocats.fr\/fr\/actualites\/proxima-vous-souhaite-une-belle-annee-2026-%f0%9f%8e%86#primaryimage"},"thumbnailUrl":"https:\/\/guillermou-avocats.fr\/wp-content\/uploads\/2025\/12\/Voeux-proxima-.png","articleSection":["actualit\u00e9s"],"inLanguage":"fr-FR","potentialAction":[{"@type":"CommentAction","name":"Comment","target":["https:\/\/guillermou-avocats.fr\/fr\/actualites\/proxima-vous-souhaite-une-belle-annee-2026-%f0%9f%8e%86#respond"]}]},{"@type":"WebPage","@id":"https:\/\/guillermou-avocats.fr\/fr\/actualites\/proxima-vous-souhaite-une-belle-annee-2026-%f0%9f%8e%86","url":"https:\/\/guillermou-avocats.fr\/fr\/actualites\/proxima-vous-souhaite-une-belle-annee-2026-%f0%9f%8e%86","name":"Proxima vous souhaite une belle ann\u00e9e 2026 ! \ud83c\udf86 - Avocat indemnisation de victimes","isPartOf":{"@id":"https:\/\/proxima2023.okoumea.com\/fr\/#website"},"primaryImageOfPage":{"@id":"https:\/\/guillermou-avocats.fr\/fr\/actualites\/proxima-vous-souhaite-une-belle-annee-2026-%f0%9f%8e%86#primaryimage"},"image":{"@id":"https:\/\/guillermou-avocats.fr\/fr\/actualites\/proxima-vous-souhaite-une-belle-annee-2026-%f0%9f%8e%86#primaryimage"},"thumbnailUrl":"https:\/\/guillermou-avocats.fr\/wp-content\/uploads\/2025\/12\/Voeux-proxima-.png","datePublished":"2025-11-21T11:38:38+00:00","dateModified":"2026-04-10T14:53:23+00:00","inLanguage":"fr-FR","potentialAction":[{"@type":"ReadAction","target":["https:\/\/guillermou-avocats.fr\/fr\/actualites\/proxima-vous-souhaite-une-belle-annee-2026-%f0%9f%8e%86"]}]},{"@type":"ImageObject","inLanguage":"fr-FR","@id":"https:\/\/guillermou-avocats.fr\/fr\/actualites\/proxima-vous-souhaite-une-belle-annee-2026-%f0%9f%8e%86#primaryimage","url":"https:\/\/guillermou-avocats.fr\/wp-content\/uploads\/2025\/12\/Voeux-proxima-.png","contentUrl":"https:\/\/guillermou-avocats.fr\/wp-content\/uploads\/2025\/12\/Voeux-proxima-.png","width":1130,"height":798},{"@type":"WebSite","@id":"https:\/\/proxima2023.okoumea.com\/fr\/#website","url":"https:\/\/proxima2023.okoumea.com\/fr\/","name":"Proxima - Avocats indemnisation de victimes","description":"Chaque jour est un nouveau cap \u00e0 franchir ensemble","publisher":{"@id":"https:\/\/proxima2023.okoumea.com\/fr\/#organization"},"potentialAction":[{"@type":"SearchAction","target":{"@type":"EntryPoint","urlTemplate":"https:\/\/proxima2023.okoumea.com\/fr\/?s={search_term_string}"},"query-input":{"@type":"PropertyValueSpecification","valueRequired":true,"valueName":"search_term_string"}}],"inLanguage":"fr-FR"},{"@type":"Organization","@id":"https:\/\/proxima2023.okoumea.com\/fr\/#organization","name":"CABINET PROXIMA GUILLERMOU AVOCATS","url":"https:\/\/proxima2023.okoumea.com\/fr\/","logo":{"@type":"ImageObject","inLanguage":"fr-FR","@id":"https:\/\/proxima2023.okoumea.com\/fr\/#\/schema\/logo\/image\/","url":"https:\/\/guillermou-avocats.fr\/wp-content\/uploads\/2024\/08\/2Fichier-12ProximaLogox1.png","contentUrl":"https:\/\/guillermou-avocats.fr\/wp-content\/uploads\/2024\/08\/2Fichier-12ProximaLogox1.png","width":836,"height":825,"caption":"CABINET PROXIMA GUILLERMOU AVOCATS"},"image":{"@id":"https:\/\/proxima2023.okoumea.com\/fr\/#\/schema\/logo\/image\/"},"sameAs":["https:\/\/www.facebook.com\/emericguillermou\/","https:\/\/x.com\/eguillermou","https:\/\/fr.linkedin.com\/in\/emeric-guillermou-6a4b9bb6","https:\/\/www.youtube.com\/@emericguillermou9412"]},{"@type":"Person","@id":"https:\/\/proxima2023.okoumea.com\/fr\/#\/schema\/person\/76485fc47f1ebece06bb555d9824cae0","name":"Proxima","image":{"@type":"ImageObject","inLanguage":"fr-FR","@id":"https:\/\/secure.gravatar.com\/avatar\/1a9a201a1fcd5f2ecbfa35b383607d569af4cffda10e358211dbcb32e8d758cc?s=96&d=mm&r=g","url":"https:\/\/secure.gravatar.com\/avatar\/1a9a201a1fcd5f2ecbfa35b383607d569af4cffda10e358211dbcb32e8d758cc?s=96&d=mm&r=g","contentUrl":"https:\/\/secure.gravatar.com\/avatar\/1a9a201a1fcd5f2ecbfa35b383607d569af4cffda10e358211dbcb32e8d758cc?s=96&d=mm&r=g","caption":"Proxima"},"description":"Avocat Indemnisation de victimes Emeric GUILLERMOU","url":"https:\/\/guillermou-avocats.fr\/fr\/author\/proxima"}]}},"_links":{"self":[{"href":"https:\/\/guillermou-avocats.fr\/fr\/wp-json\/wp\/v2\/posts\/9369","targetHints":{"allow":["GET"]}}],"collection":[{"href":"https:\/\/guillermou-avocats.fr\/fr\/wp-json\/wp\/v2\/posts"}],"about":[{"href":"https:\/\/guillermou-avocats.fr\/fr\/wp-json\/wp\/v2\/types\/post"}],"author":[{"embeddable":true,"href":"https:\/\/guillermou-avocats.fr\/fr\/wp-json\/wp\/v2\/users\/2"}],"replies":[{"embeddable":true,"href":"https:\/\/guillermou-avocats.fr\/fr\/wp-json\/wp\/v2\/comments?post=9369"}],"version-history":[{"count":15,"href":"https:\/\/guillermou-avocats.fr\/fr\/wp-json\/wp\/v2\/posts\/9369\/revisions"}],"predecessor-version":[{"id":9519,"href":"https:\/\/guillermou-avocats.fr\/fr\/wp-json\/wp\/v2\/posts\/9369\/revisions\/9519"}],"wp:featuredmedia":[{"embeddable":true,"href":"https:\/\/guillermou-avocats.fr\/fr\/wp-json\/wp\/v2\/media\/9389"}],"wp:attachment":[{"href":"https:\/\/guillermou-avocats.fr\/fr\/wp-json\/wp\/v2\/media?parent=9369"}],"wp:term":[{"taxonomy":"category","embeddable":true,"href":"https:\/\/guillermou-avocats.fr\/fr\/wp-json\/wp\/v2\/categories?post=9369"},{"taxonomy":"post_tag","embeddable":true,"href":"https:\/\/guillermou-avocats.fr\/fr\/wp-json\/wp\/v2\/tags?post=9369"}],"curies":[{"name":"wp","href":"https:\/\/api.w.org\/{rel}","templated":true}]}}