{"id":9236,"date":"2025-08-08T12:43:44","date_gmt":"2025-08-08T10:43:44","guid":{"rendered":"https:\/\/guillermou-avocats.fr\/fr\/?p=9236"},"modified":"2026-04-13T15:22:40","modified_gmt":"2026-04-13T13:22:40","slug":"dommages-post-vaccinaux-et-lien-de-causalite","status":"publish","type":"post","link":"https:\/\/guillermou-avocats.fr\/fr\/actualites\/dommages-post-vaccinaux-et-lien-de-causalite","title":{"rendered":"Dommages post-vaccinaux et lien de causalit\u00e9"},"content":{"rendered":"<p><div class=\"fusion-fullwidth fullwidth-box nonhundred-percent-fullwidth non-hundred-percent-height-scrolling\"  style='background-color: rgba(255,255,255,0);background-position: center center;background-repeat: no-repeat;padding-top:0px;padding-right:0px;padding-bottom:0px;padding-left:0px;'><div class=\"fusion-builder-row fusion-row \"><div  class=\"fusion-layout-column fusion_builder_column fusion_builder_column_1_1  fusion-one-full fusion-column-first fusion-column-last 1_1\"  style='margin-top:0px;margin-bottom:0px;'>\n\t\t\t\t\t<div class=\"fusion-column-wrapper\" style=\"padding: 0px 0px 0px 0px;background-position:left top;background-repeat:no-repeat;-webkit-background-size:cover;-moz-background-size:cover;-o-background-size:cover;background-size:cover;\"  data-bg-url=\"\">\n\t\t\t\t\t\t<div class=\"fusion-text\"><p>Dans trois arr\u00eats rendus le 21 juillet 2025, le Conseil d\u2019\u00c9tat s\u2019est prononc\u00e9 sur l\u2019existence d\u2019un lien de causalit\u00e9, d\u2019une part entre une vaccination obligatoire contre l\u2019h\u00e9patite B et l\u2019apparition ult\u00e9rieure d\u2019une pathologie auto-immune chez la personne vaccin\u00e9e, et d\u2019autre part entre la vaccination contre le virus H1N1 et le d\u00e9veloppement d\u2019une narcolepsie accompagn\u00e9e de troubles aggrav\u00e9s chez la personne inocul\u00e9e.<\/p>\n<p>Dans les trois affaires, les personnes vaccin\u00e9es avaient saisi l\u2019Office national d\u2019indemnisation des accidents m\u00e9dicaux, des affections iatrog\u00e8nes et des infections nosocomiales (ONIAM) afin d\u2019obtenir r\u00e9paration des pr\u00e9judices qu\u2019elles estimaient li\u00e9s \u00e0 leur vaccination, sans succ\u00e8s en premi\u00e8re instance.<\/p>\n<p>Apr\u00e8s une longue proc\u00e9dure, jalonn\u00e9e d\u2019expertises, <strong>le Conseil d\u2019\u00c9tat est venu rappeler les principes r\u00e9gissant l\u2019intervention de l\u2019ONIAM.<\/strong><\/p>\n<p>En cas de dommage caus\u00e9 par une vaccination obligatoire (comme c\u2019\u00e9tait le cas pour une infirmi\u00e8re) ou dans le cadre d\u2019une campagne vaccinale organis\u00e9e par l\u2019\u00c9tat, au sens de l\u2019article L. 3111-9 du Code de la sant\u00e9 publique (ce qui concernait les deux autres affaires), le juge doit se contenter de la <strong><u>simple vraisemblance d\u2019un lien de causalit\u00e9 sans rechercher si ce lien entre la vaccination et la pathologie pr\u00e9sent\u00e9e est \u00e9tabli. <\/u><\/strong><\/p>\n<p>Si cette vraisemblance est reconnue, <span style=\"text-decoration: underline;\"><strong>le juge doit alors v\u00e9rifier l\u2019absence de toute cause ext\u00e9rieure.<\/strong><\/span><\/p>\n<p>Est-ce que les sympt\u00f4mes sont apparus dans un d\u00e9lai normal\u00a0(ici deux ans) ?<\/p>\n<p>Les sympt\u00f4mes se sont-ils aggrav\u00e9s \u00e0 un rythme et une ampleur qui n\u2019\u00e9taient pas pr\u00e9visibles au regard de l\u2019\u00e9tat de sant\u00e9 ant\u00e9rieur de la victime\u00a0?<\/p>\n<p>L\u2019affection peut-elle raisonnablement \u00eatre attribu\u00e9e \u00e0 une autre cause que la vaccination ?<\/p>\n<p>En l\u2019esp\u00e8ce, les plaignants n\u2019avaient pas d\u2019ant\u00e9c\u00e9dents m\u00e9dicaux pouvant justifier de leurs pathologies post\u00e9rieures \u00e0 leur vaccination, et les sympt\u00f4mes s\u2019\u00e9taient d\u00e9clar\u00e9s dans un d\u00e9lai inf\u00e9rieur \u00e0 deux ans apr\u00e8s l\u2019injection. Dans ces conditions, l\u2019ONIAM a \u00e9t\u00e9 condamn\u00e9 \u00e0 indemniser les victimes, en raison de la vraisemblance du lien de causalit\u00e9.<\/p>\n<p>Il est important de noter que, parmi les 3 faits d\u2019esp\u00e8ce similaires, le Conseil d\u2019Etat a rejet\u00e9 le pourvoi de l\u2019un des requ\u00e9rants.<\/p>\n<p>La Haute juridiction a rappel\u00e9 que les juges du fond doivent, dans un premier temps, <strong>v\u00e9rifier qu\u2019aucune donn\u00e9e scientifique actuelle ne permet d\u2019exclure totalement l\u2019existence d\u2019un lien de causalit\u00e9<\/strong>.<\/p>\n<p>Il est important de noter que, parmi les 3 faits d\u2019esp\u00e8ce similaires, le Conseil d\u2019Etat a rejet\u00e9 le pourvoi de l\u2019un des requ\u00e9rants.<\/p>\n<p>La Haute juridiction a rappel\u00e9 que les juges du fond doivent, dans un premier temps, v\u00e9rifier qu\u2019aucune donn\u00e9e scientifique actuelle ne permet d\u2019exclure totalement l\u2019existence d\u2019un lien de causalit\u00e9.<\/p>\n<p>Autrement dit, tant que les connaissances scientifiques n\u2019\u00e9cartent pas formellement toute possibilit\u00e9 d\u2019un lien entre la vaccination et l\u2019affection, l\u2019analyse judiciaire doit se poursuivre. \u00c0 l\u2019inverse, si la science \u00e9tablit de mani\u00e8re claire et certaine qu\u2019un vaccin ne peut en aucun cas provoquer la maladie invoqu\u00e9e, la demande est rejet\u00e9e sans qu\u2019il soit n\u00e9cessaire d\u2019aller plus loin.<\/p>\n<p>Dans un second temps, si un lien ne peut \u00eatre exclu, les juges doivent appr\u00e9cier les circonstances concr\u00e8tes, selon les crit\u00e8res pr\u00e9cit\u00e9s.<\/p>\n<p>Dans son arr\u00eat n\u00b0497424, le Conseil d\u2019\u00c9tat a valid\u00e9 l\u2019analyse de la cour administrative d\u2019appel, laquelle avait estim\u00e9 qu\u2019il n\u2019\u00e9tait pas \u00e9tabli que les sympt\u00f4mes \u00e9taient apparus dans un d\u00e9lai normal apr\u00e8s la vaccination. Les juges du fond ont, \u00e0 bon droit, appliqu\u00e9 la <strong>m\u00e9thode du faisceau d\u2019indices<\/strong>, en appr\u00e9ciant souverainement les preuves pr\u00e9sent\u00e9es par la victime et son entourage.<\/p>\n<p>Ces d\u00e9cisions viennent pr\u00e9ciser de mani\u00e8re essentielle les conditions d\u2019\u00e9tablissement du lien de causalit\u00e9 en mati\u00e8re de dommages post-vaccinaux.<\/p>\n<p><strong>Notre cabinet, rompu \u00e0 la pratique du contentieux m\u00e9dical et du dommage corporel, accompagne quotidiennement les victimes dans leurs d\u00e9marches aupr\u00e8s de l\u2019ONIAM. Nous intervenons notamment lors de l\u2019expertise m\u00e9dicale, une \u00e9tape d\u00e9terminante pour faire valoir pleinement leurs droits et obtenir une r\u00e9paration int\u00e9grale des pr\u00e9judices subis.<\/strong><\/p>\n<p>____________________________________________________________<\/p>\n<p>Les d\u00e9cisions sont consultables sur le site du Conseil d\u2019Etat\u00a0:<\/p>\n<p><a href=\"https:\/\/vp.elnet.fr\/aboveille\/\">\u00a0CE, 21 juill. 2025, n\u00b0 489397<\/a><\/p>\n<p><a href=\"https:\/\/vp.elnet.fr\/aboveille\/\">\u00a0CE, 21 juill. 2025, n\u00b0 497424<\/a><\/p>\n<p><a href=\"https:\/\/vp.elnet.fr\/aboveille\/\">\u00a0CE, 21 juill. 2025, n\u00b0 471343<\/a><\/p>\n<p>https:\/\/www.conseil-etat.fr\/decisions-de-justice\/jurisprudence\/rechercher-une-decision-arianeweb<\/p>\n<div class=\"mceTemp\">\n<p><a href=\"https:\/\/guillermou-avocats.fr\/fr\/needle-biology-care-medicine-health-product-924258-pxhere-com\"><img loading=\"lazy\" decoding=\"async\" class=\"aligncenter size-full wp-image-9235\" src=\"https:\/\/guillermou-avocats.fr\/wp-content\/uploads\/2025\/08\/needle-biology-care-medicine-health-product-924258-pxhere.com_.jpg\" alt=\"\" width=\"3008\" height=\"2000\" \/><\/a><\/p>\n<\/div><div class=\"fusion-clearfix\"><\/div>\n\n\t\t\t\t\t<\/div>\n\t\t\t\t<\/div><\/div><\/div><div class=\"fusion-fullwidth fullwidth-box nonhundred-percent-fullwidth non-hundred-percent-height-scrolling\"  style='background-color: rgba(255,255,255,0);background-position: center center;background-repeat: no-repeat;padding-top:0px;padding-right:0px;padding-bottom:0px;padding-left:0px;'><div class=\"fusion-builder-row fusion-row \"><div  class=\"fusion-layout-column fusion_builder_column fusion_builder_column_1_1  fusion-one-full fusion-column-first fusion-column-last 1_1\"  style='margin-top:0px;margin-bottom:0px;'>\n\t\t\t\t\t<div class=\"fusion-column-wrapper\" style=\"padding: 0px 0px 0px 0px;background-position:left top;background-repeat:no-repeat;-webkit-background-size:cover;-moz-background-size:cover;-o-background-size:cover;background-size:cover;\"  data-bg-url=\"\">\n\t\t\t\t\t\t<div class=\"fusion-text\"><\/div>\n<\/div><div class=\"fusion-clearfix\"><\/div>\n\n\t\t\t\t\t<\/div>\n\t\t\t\t<\/div><\/div><\/div><\/p>\n","protected":false},"excerpt":{"rendered":"","protected":false},"author":2,"featured_media":9234,"comment_status":"open","ping_status":"open","sticky":false,"template":"","format":"standard","meta":{"footnotes":""},"categories":[93,26,179],"tags":[],"class_list":["post-9236","post","type-post","status-publish","format-standard","has-post-thumbnail","hentry","category-actualites","category-dommage-corporel","category-vaccination"],"yoast_head":"<!-- This site is optimized with the Yoast SEO Premium plugin v23.4 (Yoast SEO v27.4) - https:\/\/yoast.com\/product\/yoast-seo-premium-wordpress\/ -->\n<title>Dommages post-vaccinaux et lien de causalit\u00e9 - Avocat indemnisation de victimes<\/title>\n<meta name=\"robots\" content=\"index, follow, max-snippet:-1, max-image-preview:large, max-video-preview:-1\" \/>\n<link rel=\"canonical\" href=\"https:\/\/guillermou-avocats.fr\/fr\/actualites\/dommages-post-vaccinaux-et-lien-de-causalite\" \/>\n<meta property=\"og:locale\" content=\"fr_FR\" \/>\n<meta property=\"og:type\" content=\"article\" \/>\n<meta property=\"og:title\" content=\"Dommages post-vaccinaux et lien de causalit\u00e9 - Avocat indemnisation de victimes\" \/>\n<meta property=\"og:url\" content=\"https:\/\/guillermou-avocats.fr\/fr\/actualites\/dommages-post-vaccinaux-et-lien-de-causalite\" \/>\n<meta property=\"og:site_name\" content=\"Avocat indemnisation de victimes\" \/>\n<meta property=\"article:publisher\" content=\"https:\/\/www.facebook.com\/emericguillermou\/\" \/>\n<meta property=\"article:published_time\" content=\"2025-08-08T10:43:44+00:00\" \/>\n<meta property=\"article:modified_time\" content=\"2026-04-13T13:22:40+00:00\" \/>\n<meta property=\"og:image\" content=\"https:\/\/guillermou-avocats.fr\/wp-content\/uploads\/2025\/08\/AdobeStock_430680299.jpeg\" \/>\n\t<meta property=\"og:image:width\" content=\"5166\" \/>\n\t<meta property=\"og:image:height\" content=\"2904\" \/>\n\t<meta property=\"og:image:type\" content=\"image\/jpeg\" \/>\n<meta name=\"author\" content=\"Proxima\" \/>\n<meta name=\"twitter:card\" content=\"summary_large_image\" \/>\n<meta name=\"twitter:creator\" content=\"@eguillermou\" \/>\n<meta name=\"twitter:site\" content=\"@eguillermou\" \/>\n<meta name=\"twitter:label1\" content=\"\u00c9crit par\" \/>\n\t<meta name=\"twitter:data1\" content=\"Proxima\" \/>\n\t<meta name=\"twitter:label2\" content=\"Dur\u00e9e de lecture estim\u00e9e\" \/>\n\t<meta name=\"twitter:data2\" content=\"5 minutes\" \/>\n<script type=\"application\/ld+json\" class=\"yoast-schema-graph\">{\"@context\":\"https:\\\/\\\/schema.org\",\"@graph\":[{\"@type\":\"Article\",\"@id\":\"https:\\\/\\\/guillermou-avocats.fr\\\/fr\\\/actualites\\\/dommages-post-vaccinaux-et-lien-de-causalite#article\",\"isPartOf\":{\"@id\":\"https:\\\/\\\/guillermou-avocats.fr\\\/fr\\\/actualites\\\/dommages-post-vaccinaux-et-lien-de-causalite\"},\"author\":{\"name\":\"Proxima\",\"@id\":\"https:\\\/\\\/proxima2023.okoumea.com\\\/fr\\\/#\\\/schema\\\/person\\\/76485fc47f1ebece06bb555d9824cae0\"},\"headline\":\"Dommages post-vaccinaux et lien de causalit\u00e9\",\"datePublished\":\"2025-08-08T10:43:44+00:00\",\"dateModified\":\"2026-04-13T13:22:40+00:00\",\"mainEntityOfPage\":{\"@id\":\"https:\\\/\\\/guillermou-avocats.fr\\\/fr\\\/actualites\\\/dommages-post-vaccinaux-et-lien-de-causalite\"},\"wordCount\":1100,\"commentCount\":0,\"publisher\":{\"@id\":\"https:\\\/\\\/proxima2023.okoumea.com\\\/fr\\\/#organization\"},\"image\":{\"@id\":\"https:\\\/\\\/guillermou-avocats.fr\\\/fr\\\/actualites\\\/dommages-post-vaccinaux-et-lien-de-causalite#primaryimage\"},\"thumbnailUrl\":\"https:\\\/\\\/guillermou-avocats.fr\\\/wp-content\\\/uploads\\\/2025\\\/08\\\/AdobeStock_430680299.jpeg\",\"articleSection\":[\"actualit\u00e9s\",\"Dommage corporel\",\"Vaccination\"],\"inLanguage\":\"fr-FR\",\"potentialAction\":[{\"@type\":\"CommentAction\",\"name\":\"Comment\",\"target\":[\"https:\\\/\\\/guillermou-avocats.fr\\\/fr\\\/actualites\\\/dommages-post-vaccinaux-et-lien-de-causalite#respond\"]}]},{\"@type\":\"WebPage\",\"@id\":\"https:\\\/\\\/guillermou-avocats.fr\\\/fr\\\/actualites\\\/dommages-post-vaccinaux-et-lien-de-causalite\",\"url\":\"https:\\\/\\\/guillermou-avocats.fr\\\/fr\\\/actualites\\\/dommages-post-vaccinaux-et-lien-de-causalite\",\"name\":\"Dommages post-vaccinaux et lien de causalit\u00e9 - Avocat indemnisation de victimes\",\"isPartOf\":{\"@id\":\"https:\\\/\\\/proxima2023.okoumea.com\\\/fr\\\/#website\"},\"primaryImageOfPage\":{\"@id\":\"https:\\\/\\\/guillermou-avocats.fr\\\/fr\\\/actualites\\\/dommages-post-vaccinaux-et-lien-de-causalite#primaryimage\"},\"image\":{\"@id\":\"https:\\\/\\\/guillermou-avocats.fr\\\/fr\\\/actualites\\\/dommages-post-vaccinaux-et-lien-de-causalite#primaryimage\"},\"thumbnailUrl\":\"https:\\\/\\\/guillermou-avocats.fr\\\/wp-content\\\/uploads\\\/2025\\\/08\\\/AdobeStock_430680299.jpeg\",\"datePublished\":\"2025-08-08T10:43:44+00:00\",\"dateModified\":\"2026-04-13T13:22:40+00:00\",\"inLanguage\":\"fr-FR\",\"potentialAction\":[{\"@type\":\"ReadAction\",\"target\":[\"https:\\\/\\\/guillermou-avocats.fr\\\/fr\\\/actualites\\\/dommages-post-vaccinaux-et-lien-de-causalite\"]}]},{\"@type\":\"ImageObject\",\"inLanguage\":\"fr-FR\",\"@id\":\"https:\\\/\\\/guillermou-avocats.fr\\\/fr\\\/actualites\\\/dommages-post-vaccinaux-et-lien-de-causalite#primaryimage\",\"url\":\"https:\\\/\\\/guillermou-avocats.fr\\\/wp-content\\\/uploads\\\/2025\\\/08\\\/AdobeStock_430680299.jpeg\",\"contentUrl\":\"https:\\\/\\\/guillermou-avocats.fr\\\/wp-content\\\/uploads\\\/2025\\\/08\\\/AdobeStock_430680299.jpeg\",\"width\":5166,\"height\":2904,\"caption\":\"Vaccination, medical treatment, prevention and immunize vector illustration. Cartoon man doctor character making flu vaccine injection to woman in hospital, immunization medicine healthcare background\"},{\"@type\":\"WebSite\",\"@id\":\"https:\\\/\\\/proxima2023.okoumea.com\\\/fr\\\/#website\",\"url\":\"https:\\\/\\\/proxima2023.okoumea.com\\\/fr\\\/\",\"name\":\"Proxima - Avocats indemnisation de victimes\",\"description\":\"Chaque jour est un nouveau cap \u00e0 franchir ensemble\",\"publisher\":{\"@id\":\"https:\\\/\\\/proxima2023.okoumea.com\\\/fr\\\/#organization\"},\"potentialAction\":[{\"@type\":\"SearchAction\",\"target\":{\"@type\":\"EntryPoint\",\"urlTemplate\":\"https:\\\/\\\/proxima2023.okoumea.com\\\/fr\\\/?s={search_term_string}\"},\"query-input\":{\"@type\":\"PropertyValueSpecification\",\"valueRequired\":true,\"valueName\":\"search_term_string\"}}],\"inLanguage\":\"fr-FR\"},{\"@type\":\"Organization\",\"@id\":\"https:\\\/\\\/proxima2023.okoumea.com\\\/fr\\\/#organization\",\"name\":\"CABINET PROXIMA GUILLERMOU AVOCATS\",\"url\":\"https:\\\/\\\/proxima2023.okoumea.com\\\/fr\\\/\",\"logo\":{\"@type\":\"ImageObject\",\"inLanguage\":\"fr-FR\",\"@id\":\"https:\\\/\\\/proxima2023.okoumea.com\\\/fr\\\/#\\\/schema\\\/logo\\\/image\\\/\",\"url\":\"https:\\\/\\\/guillermou-avocats.fr\\\/wp-content\\\/uploads\\\/2024\\\/08\\\/2Fichier-12ProximaLogox1.png\",\"contentUrl\":\"https:\\\/\\\/guillermou-avocats.fr\\\/wp-content\\\/uploads\\\/2024\\\/08\\\/2Fichier-12ProximaLogox1.png\",\"width\":836,\"height\":825,\"caption\":\"CABINET PROXIMA GUILLERMOU AVOCATS\"},\"image\":{\"@id\":\"https:\\\/\\\/proxima2023.okoumea.com\\\/fr\\\/#\\\/schema\\\/logo\\\/image\\\/\"},\"sameAs\":[\"https:\\\/\\\/www.facebook.com\\\/emericguillermou\\\/\",\"https:\\\/\\\/x.com\\\/eguillermou\",\"https:\\\/\\\/fr.linkedin.com\\\/in\\\/emeric-guillermou-6a4b9bb6\",\"https:\\\/\\\/www.youtube.com\\\/@emericguillermou9412\"]},{\"@type\":\"Person\",\"@id\":\"https:\\\/\\\/proxima2023.okoumea.com\\\/fr\\\/#\\\/schema\\\/person\\\/76485fc47f1ebece06bb555d9824cae0\",\"name\":\"Proxima\",\"image\":{\"@type\":\"ImageObject\",\"inLanguage\":\"fr-FR\",\"@id\":\"https:\\\/\\\/secure.gravatar.com\\\/avatar\\\/1a9a201a1fcd5f2ecbfa35b383607d569af4cffda10e358211dbcb32e8d758cc?s=96&d=mm&r=g\",\"url\":\"https:\\\/\\\/secure.gravatar.com\\\/avatar\\\/1a9a201a1fcd5f2ecbfa35b383607d569af4cffda10e358211dbcb32e8d758cc?s=96&d=mm&r=g\",\"contentUrl\":\"https:\\\/\\\/secure.gravatar.com\\\/avatar\\\/1a9a201a1fcd5f2ecbfa35b383607d569af4cffda10e358211dbcb32e8d758cc?s=96&d=mm&r=g\",\"caption\":\"Proxima\"},\"description\":\"Avocat Indemnisation de victimes Emeric GUILLERMOU\",\"url\":\"https:\\\/\\\/guillermou-avocats.fr\\\/fr\\\/author\\\/proxima\"}]}<\/script>\n<!-- \/ Yoast SEO Premium plugin. -->","yoast_head_json":{"title":"Dommages post-vaccinaux et lien de causalit\u00e9 - Avocat indemnisation de victimes","robots":{"index":"index","follow":"follow","max-snippet":"max-snippet:-1","max-image-preview":"max-image-preview:large","max-video-preview":"max-video-preview:-1"},"canonical":"https:\/\/guillermou-avocats.fr\/fr\/actualites\/dommages-post-vaccinaux-et-lien-de-causalite","og_locale":"fr_FR","og_type":"article","og_title":"Dommages post-vaccinaux et lien de causalit\u00e9 - Avocat indemnisation de victimes","og_url":"https:\/\/guillermou-avocats.fr\/fr\/actualites\/dommages-post-vaccinaux-et-lien-de-causalite","og_site_name":"Avocat indemnisation de victimes","article_publisher":"https:\/\/www.facebook.com\/emericguillermou\/","article_published_time":"2025-08-08T10:43:44+00:00","article_modified_time":"2026-04-13T13:22:40+00:00","og_image":[{"width":5166,"height":2904,"url":"https:\/\/guillermou-avocats.fr\/wp-content\/uploads\/2025\/08\/AdobeStock_430680299.jpeg","type":"image\/jpeg"}],"author":"Proxima","twitter_card":"summary_large_image","twitter_creator":"@eguillermou","twitter_site":"@eguillermou","twitter_misc":{"\u00c9crit par":"Proxima","Dur\u00e9e de lecture estim\u00e9e":"5 minutes"},"schema":{"@context":"https:\/\/schema.org","@graph":[{"@type":"Article","@id":"https:\/\/guillermou-avocats.fr\/fr\/actualites\/dommages-post-vaccinaux-et-lien-de-causalite#article","isPartOf":{"@id":"https:\/\/guillermou-avocats.fr\/fr\/actualites\/dommages-post-vaccinaux-et-lien-de-causalite"},"author":{"name":"Proxima","@id":"https:\/\/proxima2023.okoumea.com\/fr\/#\/schema\/person\/76485fc47f1ebece06bb555d9824cae0"},"headline":"Dommages post-vaccinaux et lien de causalit\u00e9","datePublished":"2025-08-08T10:43:44+00:00","dateModified":"2026-04-13T13:22:40+00:00","mainEntityOfPage":{"@id":"https:\/\/guillermou-avocats.fr\/fr\/actualites\/dommages-post-vaccinaux-et-lien-de-causalite"},"wordCount":1100,"commentCount":0,"publisher":{"@id":"https:\/\/proxima2023.okoumea.com\/fr\/#organization"},"image":{"@id":"https:\/\/guillermou-avocats.fr\/fr\/actualites\/dommages-post-vaccinaux-et-lien-de-causalite#primaryimage"},"thumbnailUrl":"https:\/\/guillermou-avocats.fr\/wp-content\/uploads\/2025\/08\/AdobeStock_430680299.jpeg","articleSection":["actualit\u00e9s","Dommage corporel","Vaccination"],"inLanguage":"fr-FR","potentialAction":[{"@type":"CommentAction","name":"Comment","target":["https:\/\/guillermou-avocats.fr\/fr\/actualites\/dommages-post-vaccinaux-et-lien-de-causalite#respond"]}]},{"@type":"WebPage","@id":"https:\/\/guillermou-avocats.fr\/fr\/actualites\/dommages-post-vaccinaux-et-lien-de-causalite","url":"https:\/\/guillermou-avocats.fr\/fr\/actualites\/dommages-post-vaccinaux-et-lien-de-causalite","name":"Dommages post-vaccinaux et lien de causalit\u00e9 - Avocat indemnisation de victimes","isPartOf":{"@id":"https:\/\/proxima2023.okoumea.com\/fr\/#website"},"primaryImageOfPage":{"@id":"https:\/\/guillermou-avocats.fr\/fr\/actualites\/dommages-post-vaccinaux-et-lien-de-causalite#primaryimage"},"image":{"@id":"https:\/\/guillermou-avocats.fr\/fr\/actualites\/dommages-post-vaccinaux-et-lien-de-causalite#primaryimage"},"thumbnailUrl":"https:\/\/guillermou-avocats.fr\/wp-content\/uploads\/2025\/08\/AdobeStock_430680299.jpeg","datePublished":"2025-08-08T10:43:44+00:00","dateModified":"2026-04-13T13:22:40+00:00","inLanguage":"fr-FR","potentialAction":[{"@type":"ReadAction","target":["https:\/\/guillermou-avocats.fr\/fr\/actualites\/dommages-post-vaccinaux-et-lien-de-causalite"]}]},{"@type":"ImageObject","inLanguage":"fr-FR","@id":"https:\/\/guillermou-avocats.fr\/fr\/actualites\/dommages-post-vaccinaux-et-lien-de-causalite#primaryimage","url":"https:\/\/guillermou-avocats.fr\/wp-content\/uploads\/2025\/08\/AdobeStock_430680299.jpeg","contentUrl":"https:\/\/guillermou-avocats.fr\/wp-content\/uploads\/2025\/08\/AdobeStock_430680299.jpeg","width":5166,"height":2904,"caption":"Vaccination, medical treatment, prevention and immunize vector illustration. Cartoon man doctor character making flu vaccine injection to woman in hospital, immunization medicine healthcare background"},{"@type":"WebSite","@id":"https:\/\/proxima2023.okoumea.com\/fr\/#website","url":"https:\/\/proxima2023.okoumea.com\/fr\/","name":"Proxima - Avocats indemnisation de victimes","description":"Chaque jour est un nouveau cap \u00e0 franchir ensemble","publisher":{"@id":"https:\/\/proxima2023.okoumea.com\/fr\/#organization"},"potentialAction":[{"@type":"SearchAction","target":{"@type":"EntryPoint","urlTemplate":"https:\/\/proxima2023.okoumea.com\/fr\/?s={search_term_string}"},"query-input":{"@type":"PropertyValueSpecification","valueRequired":true,"valueName":"search_term_string"}}],"inLanguage":"fr-FR"},{"@type":"Organization","@id":"https:\/\/proxima2023.okoumea.com\/fr\/#organization","name":"CABINET PROXIMA GUILLERMOU AVOCATS","url":"https:\/\/proxima2023.okoumea.com\/fr\/","logo":{"@type":"ImageObject","inLanguage":"fr-FR","@id":"https:\/\/proxima2023.okoumea.com\/fr\/#\/schema\/logo\/image\/","url":"https:\/\/guillermou-avocats.fr\/wp-content\/uploads\/2024\/08\/2Fichier-12ProximaLogox1.png","contentUrl":"https:\/\/guillermou-avocats.fr\/wp-content\/uploads\/2024\/08\/2Fichier-12ProximaLogox1.png","width":836,"height":825,"caption":"CABINET PROXIMA GUILLERMOU AVOCATS"},"image":{"@id":"https:\/\/proxima2023.okoumea.com\/fr\/#\/schema\/logo\/image\/"},"sameAs":["https:\/\/www.facebook.com\/emericguillermou\/","https:\/\/x.com\/eguillermou","https:\/\/fr.linkedin.com\/in\/emeric-guillermou-6a4b9bb6","https:\/\/www.youtube.com\/@emericguillermou9412"]},{"@type":"Person","@id":"https:\/\/proxima2023.okoumea.com\/fr\/#\/schema\/person\/76485fc47f1ebece06bb555d9824cae0","name":"Proxima","image":{"@type":"ImageObject","inLanguage":"fr-FR","@id":"https:\/\/secure.gravatar.com\/avatar\/1a9a201a1fcd5f2ecbfa35b383607d569af4cffda10e358211dbcb32e8d758cc?s=96&d=mm&r=g","url":"https:\/\/secure.gravatar.com\/avatar\/1a9a201a1fcd5f2ecbfa35b383607d569af4cffda10e358211dbcb32e8d758cc?s=96&d=mm&r=g","contentUrl":"https:\/\/secure.gravatar.com\/avatar\/1a9a201a1fcd5f2ecbfa35b383607d569af4cffda10e358211dbcb32e8d758cc?s=96&d=mm&r=g","caption":"Proxima"},"description":"Avocat Indemnisation de victimes Emeric GUILLERMOU","url":"https:\/\/guillermou-avocats.fr\/fr\/author\/proxima"}]}},"_links":{"self":[{"href":"https:\/\/guillermou-avocats.fr\/fr\/wp-json\/wp\/v2\/posts\/9236","targetHints":{"allow":["GET"]}}],"collection":[{"href":"https:\/\/guillermou-avocats.fr\/fr\/wp-json\/wp\/v2\/posts"}],"about":[{"href":"https:\/\/guillermou-avocats.fr\/fr\/wp-json\/wp\/v2\/types\/post"}],"author":[{"embeddable":true,"href":"https:\/\/guillermou-avocats.fr\/fr\/wp-json\/wp\/v2\/users\/2"}],"replies":[{"embeddable":true,"href":"https:\/\/guillermou-avocats.fr\/fr\/wp-json\/wp\/v2\/comments?post=9236"}],"version-history":[{"count":7,"href":"https:\/\/guillermou-avocats.fr\/fr\/wp-json\/wp\/v2\/posts\/9236\/revisions"}],"predecessor-version":[{"id":9527,"href":"https:\/\/guillermou-avocats.fr\/fr\/wp-json\/wp\/v2\/posts\/9236\/revisions\/9527"}],"wp:featuredmedia":[{"embeddable":true,"href":"https:\/\/guillermou-avocats.fr\/fr\/wp-json\/wp\/v2\/media\/9234"}],"wp:attachment":[{"href":"https:\/\/guillermou-avocats.fr\/fr\/wp-json\/wp\/v2\/media?parent=9236"}],"wp:term":[{"taxonomy":"category","embeddable":true,"href":"https:\/\/guillermou-avocats.fr\/fr\/wp-json\/wp\/v2\/categories?post=9236"},{"taxonomy":"post_tag","embeddable":true,"href":"https:\/\/guillermou-avocats.fr\/fr\/wp-json\/wp\/v2\/tags?post=9236"}],"curies":[{"name":"wp","href":"https:\/\/api.w.org\/{rel}","templated":true}]}}