{"id":9205,"date":"2025-07-08T10:25:09","date_gmt":"2025-07-08T08:25:09","guid":{"rendered":"https:\/\/guillermou-avocats.fr\/fr\/?p=9205"},"modified":"2026-04-13T15:23:28","modified_gmt":"2026-04-13T13:23:28","slug":"accident-de-cheval-expertise-a-nimes","status":"publish","type":"post","link":"https:\/\/guillermou-avocats.fr\/fr\/actualites\/accident-de-cheval-expertise-a-nimes","title":{"rendered":"Accident de cheval, expertise \u00e0 N\u00eemes"},"content":{"rendered":"<div class=\"fusion-fullwidth fullwidth-box nonhundred-percent-fullwidth non-hundred-percent-height-scrolling\"  style='background-color: rgba(255,255,255,0);background-position: center center;background-repeat: no-repeat;padding-top:0px;padding-right:0px;padding-bottom:0px;padding-left:0px;'><div class=\"fusion-builder-row fusion-row \"><div  class=\"fusion-layout-column fusion_builder_column fusion_builder_column_1_1  fusion-one-full fusion-column-first fusion-column-last 1_1\"  style='margin-top:0px;margin-bottom:0px;'>\n\t\t\t\t\t<div class=\"fusion-column-wrapper\" style=\"padding: 0px 0px 0px 0px;background-position:left top;background-repeat:no-repeat;-webkit-background-size:cover;-moz-background-size:cover;-o-background-size:cover;background-size:cover;\"  data-bg-url=\"\">\n\t\t\t\t\t\t<div class=\"fusion-text\"><p>Le cabinet est de nouveau intervenu \u00e0 N\u00eemes, cette fois dans le cadre d\u2019un accident \u00e9questre.<\/p>\n<p>La victime effectuait une promenade \u00e0 cheval lorsque l\u2019animal s\u2019est emball\u00e9. S\u2019en est suivie une lourde chute, \u00e0 l\u2019origine de s\u00e9quelles orthop\u00e9diques, oculaires et cognitives.<\/p>\n<p>Le tribunal judiciaire de N\u00eemes a d\u00e9sign\u00e9 un expert afin d\u2019\u00e9valuer l\u2019ensemble de ces s\u00e9quelles.<\/p>\n<p>Toutefois, face \u00e0 \u00a0la complexit\u00e9 du dossier, l\u2019expert principal a sollicit\u00e9 l\u2019intervention d\u2019un sapiteur neuropsychologue, charg\u00e9 d\u2019\u00e9valuer avec pr\u00e9cision l\u2019impact cognitif de l\u2019accident.<\/p>\n<p>Cette expertise marque une nouvelle \u00e9tape d\u00e9cisive dans le processus d\u2019indemnisation, au service d\u2019une r\u00e9paration juste et int\u00e9grale du pr\u00e9judice subi.<\/p>\n<p><strong class=\"ql-hashtag\" data-test-ql-hashtag=\"true\">#avocat<\/strong> <strong class=\"ql-hashtag\" data-test-ql-hashtag=\"true\">#prejudicescorporels<\/strong> <strong class=\"ql-hashtag\" data-test-ql-hashtag=\"true\">#accidentdelaroute<\/strong> <strong class=\"ql-hashtag\" data-test-ql-hashtag=\"true\">#dommagecorporel<\/strong> <strong class=\"ql-hashtag\" data-test-ql-hashtag=\"true\">#avocatdommagecorporel<\/strong> <strong class=\"ql-hashtag\" data-test-ql-hashtag=\"true\">#indemnisation<\/strong> <strong class=\"ql-hashtag\" data-test-ql-hashtag=\"true\">#traumatismecranien<\/strong> <strong class=\"ql-hashtag\" data-test-ql-hashtag=\"true\">#cerebrolesion<\/strong><\/p>\n<\/div><div class=\"fusion-clearfix\"><\/div>\n\n\t\t\t\t\t<\/div>\n\t\t\t\t<\/div><\/div><\/div>\n","protected":false},"excerpt":{"rendered":"","protected":false},"author":2,"featured_media":9204,"comment_status":"open","ping_status":"open","sticky":false,"template":"","format":"standard","meta":{"footnotes":""},"categories":[164,93,26,115],"tags":[],"class_list":["post-9205","post","type-post","status-publish","format-standard","has-post-thumbnail","hentry","category-accident","category-actualites","category-dommage-corporel","category-victime"],"yoast_head":"<!-- This site is optimized with the Yoast SEO Premium plugin v23.4 (Yoast SEO v27.4) - https:\/\/yoast.com\/product\/yoast-seo-premium-wordpress\/ -->\n<title>Accident de cheval, expertise \u00e0 N\u00eemes - Avocat indemnisation de victimes<\/title>\n<meta name=\"robots\" content=\"index, follow, max-snippet:-1, max-image-preview:large, max-video-preview:-1\" \/>\n<link rel=\"canonical\" href=\"https:\/\/guillermou-avocats.fr\/fr\/actualites\/accident-de-cheval-expertise-a-nimes\" \/>\n<meta property=\"og:locale\" content=\"fr_FR\" \/>\n<meta property=\"og:type\" content=\"article\" \/>\n<meta property=\"og:title\" content=\"Accident de cheval, expertise \u00e0 N\u00eemes - Avocat indemnisation de victimes\" \/>\n<meta property=\"og:url\" content=\"https:\/\/guillermou-avocats.fr\/fr\/actualites\/accident-de-cheval-expertise-a-nimes\" \/>\n<meta property=\"og:site_name\" content=\"Avocat indemnisation de victimes\" \/>\n<meta property=\"article:publisher\" content=\"https:\/\/www.facebook.com\/emericguillermou\/\" \/>\n<meta property=\"article:published_time\" content=\"2025-07-08T08:25:09+00:00\" \/>\n<meta property=\"article:modified_time\" content=\"2026-04-13T13:23:28+00:00\" \/>\n<meta property=\"og:image\" content=\"https:\/\/guillermou-avocats.fr\/wp-content\/uploads\/2025\/07\/Expertise-Nimes-CB.jpg\" \/>\n\t<meta property=\"og:image:width\" content=\"1200\" \/>\n\t<meta property=\"og:image:height\" content=\"1600\" \/>\n\t<meta property=\"og:image:type\" content=\"image\/jpeg\" \/>\n<meta name=\"author\" content=\"Proxima\" \/>\n<meta name=\"twitter:card\" content=\"summary_large_image\" \/>\n<meta name=\"twitter:creator\" content=\"@eguillermou\" \/>\n<meta name=\"twitter:site\" content=\"@eguillermou\" \/>\n<meta name=\"twitter:label1\" content=\"\u00c9crit par\" \/>\n\t<meta name=\"twitter:data1\" content=\"Proxima\" \/>\n\t<meta name=\"twitter:label2\" content=\"Dur\u00e9e de lecture estim\u00e9e\" \/>\n\t<meta name=\"twitter:data2\" content=\"2 minutes\" \/>\n<script type=\"application\/ld+json\" class=\"yoast-schema-graph\">{\"@context\":\"https:\\\/\\\/schema.org\",\"@graph\":[{\"@type\":\"Article\",\"@id\":\"https:\\\/\\\/guillermou-avocats.fr\\\/fr\\\/actualites\\\/accident-de-cheval-expertise-a-nimes#article\",\"isPartOf\":{\"@id\":\"https:\\\/\\\/guillermou-avocats.fr\\\/fr\\\/actualites\\\/accident-de-cheval-expertise-a-nimes\"},\"author\":{\"name\":\"Proxima\",\"@id\":\"https:\\\/\\\/proxima2023.okoumea.com\\\/fr\\\/#\\\/schema\\\/person\\\/76485fc47f1ebece06bb555d9824cae0\"},\"headline\":\"Accident de cheval, expertise \u00e0 N\u00eemes\",\"datePublished\":\"2025-07-08T08:25:09+00:00\",\"dateModified\":\"2026-04-13T13:23:28+00:00\",\"mainEntityOfPage\":{\"@id\":\"https:\\\/\\\/guillermou-avocats.fr\\\/fr\\\/actualites\\\/accident-de-cheval-expertise-a-nimes\"},\"wordCount\":295,\"commentCount\":0,\"publisher\":{\"@id\":\"https:\\\/\\\/proxima2023.okoumea.com\\\/fr\\\/#organization\"},\"image\":{\"@id\":\"https:\\\/\\\/guillermou-avocats.fr\\\/fr\\\/actualites\\\/accident-de-cheval-expertise-a-nimes#primaryimage\"},\"thumbnailUrl\":\"https:\\\/\\\/guillermou-avocats.fr\\\/wp-content\\\/uploads\\\/2025\\\/07\\\/Expertise-Nimes-CB.jpg\",\"articleSection\":[\"Accident\",\"actualit\u00e9s\",\"Dommage corporel\",\"victime\"],\"inLanguage\":\"fr-FR\",\"potentialAction\":[{\"@type\":\"CommentAction\",\"name\":\"Comment\",\"target\":[\"https:\\\/\\\/guillermou-avocats.fr\\\/fr\\\/actualites\\\/accident-de-cheval-expertise-a-nimes#respond\"]}]},{\"@type\":\"WebPage\",\"@id\":\"https:\\\/\\\/guillermou-avocats.fr\\\/fr\\\/actualites\\\/accident-de-cheval-expertise-a-nimes\",\"url\":\"https:\\\/\\\/guillermou-avocats.fr\\\/fr\\\/actualites\\\/accident-de-cheval-expertise-a-nimes\",\"name\":\"Accident de cheval, expertise \u00e0 N\u00eemes - Avocat indemnisation de victimes\",\"isPartOf\":{\"@id\":\"https:\\\/\\\/proxima2023.okoumea.com\\\/fr\\\/#website\"},\"primaryImageOfPage\":{\"@id\":\"https:\\\/\\\/guillermou-avocats.fr\\\/fr\\\/actualites\\\/accident-de-cheval-expertise-a-nimes#primaryimage\"},\"image\":{\"@id\":\"https:\\\/\\\/guillermou-avocats.fr\\\/fr\\\/actualites\\\/accident-de-cheval-expertise-a-nimes#primaryimage\"},\"thumbnailUrl\":\"https:\\\/\\\/guillermou-avocats.fr\\\/wp-content\\\/uploads\\\/2025\\\/07\\\/Expertise-Nimes-CB.jpg\",\"datePublished\":\"2025-07-08T08:25:09+00:00\",\"dateModified\":\"2026-04-13T13:23:28+00:00\",\"inLanguage\":\"fr-FR\",\"potentialAction\":[{\"@type\":\"ReadAction\",\"target\":[\"https:\\\/\\\/guillermou-avocats.fr\\\/fr\\\/actualites\\\/accident-de-cheval-expertise-a-nimes\"]}]},{\"@type\":\"ImageObject\",\"inLanguage\":\"fr-FR\",\"@id\":\"https:\\\/\\\/guillermou-avocats.fr\\\/fr\\\/actualites\\\/accident-de-cheval-expertise-a-nimes#primaryimage\",\"url\":\"https:\\\/\\\/guillermou-avocats.fr\\\/wp-content\\\/uploads\\\/2025\\\/07\\\/Expertise-Nimes-CB.jpg\",\"contentUrl\":\"https:\\\/\\\/guillermou-avocats.fr\\\/wp-content\\\/uploads\\\/2025\\\/07\\\/Expertise-Nimes-CB.jpg\",\"width\":1200,\"height\":1600},{\"@type\":\"WebSite\",\"@id\":\"https:\\\/\\\/proxima2023.okoumea.com\\\/fr\\\/#website\",\"url\":\"https:\\\/\\\/proxima2023.okoumea.com\\\/fr\\\/\",\"name\":\"Proxima - Avocats indemnisation de victimes\",\"description\":\"Chaque jour est un nouveau cap \u00e0 franchir ensemble\",\"publisher\":{\"@id\":\"https:\\\/\\\/proxima2023.okoumea.com\\\/fr\\\/#organization\"},\"potentialAction\":[{\"@type\":\"SearchAction\",\"target\":{\"@type\":\"EntryPoint\",\"urlTemplate\":\"https:\\\/\\\/proxima2023.okoumea.com\\\/fr\\\/?s={search_term_string}\"},\"query-input\":{\"@type\":\"PropertyValueSpecification\",\"valueRequired\":true,\"valueName\":\"search_term_string\"}}],\"inLanguage\":\"fr-FR\"},{\"@type\":\"Organization\",\"@id\":\"https:\\\/\\\/proxima2023.okoumea.com\\\/fr\\\/#organization\",\"name\":\"CABINET PROXIMA GUILLERMOU AVOCATS\",\"url\":\"https:\\\/\\\/proxima2023.okoumea.com\\\/fr\\\/\",\"logo\":{\"@type\":\"ImageObject\",\"inLanguage\":\"fr-FR\",\"@id\":\"https:\\\/\\\/proxima2023.okoumea.com\\\/fr\\\/#\\\/schema\\\/logo\\\/image\\\/\",\"url\":\"https:\\\/\\\/guillermou-avocats.fr\\\/wp-content\\\/uploads\\\/2024\\\/08\\\/2Fichier-12ProximaLogox1.png\",\"contentUrl\":\"https:\\\/\\\/guillermou-avocats.fr\\\/wp-content\\\/uploads\\\/2024\\\/08\\\/2Fichier-12ProximaLogox1.png\",\"width\":836,\"height\":825,\"caption\":\"CABINET PROXIMA GUILLERMOU AVOCATS\"},\"image\":{\"@id\":\"https:\\\/\\\/proxima2023.okoumea.com\\\/fr\\\/#\\\/schema\\\/logo\\\/image\\\/\"},\"sameAs\":[\"https:\\\/\\\/www.facebook.com\\\/emericguillermou\\\/\",\"https:\\\/\\\/x.com\\\/eguillermou\",\"https:\\\/\\\/fr.linkedin.com\\\/in\\\/emeric-guillermou-6a4b9bb6\",\"https:\\\/\\\/www.youtube.com\\\/@emericguillermou9412\"]},{\"@type\":\"Person\",\"@id\":\"https:\\\/\\\/proxima2023.okoumea.com\\\/fr\\\/#\\\/schema\\\/person\\\/76485fc47f1ebece06bb555d9824cae0\",\"name\":\"Proxima\",\"image\":{\"@type\":\"ImageObject\",\"inLanguage\":\"fr-FR\",\"@id\":\"https:\\\/\\\/secure.gravatar.com\\\/avatar\\\/1a9a201a1fcd5f2ecbfa35b383607d569af4cffda10e358211dbcb32e8d758cc?s=96&d=mm&r=g\",\"url\":\"https:\\\/\\\/secure.gravatar.com\\\/avatar\\\/1a9a201a1fcd5f2ecbfa35b383607d569af4cffda10e358211dbcb32e8d758cc?s=96&d=mm&r=g\",\"contentUrl\":\"https:\\\/\\\/secure.gravatar.com\\\/avatar\\\/1a9a201a1fcd5f2ecbfa35b383607d569af4cffda10e358211dbcb32e8d758cc?s=96&d=mm&r=g\",\"caption\":\"Proxima\"},\"description\":\"Avocat Indemnisation de victimes Emeric GUILLERMOU\",\"url\":\"https:\\\/\\\/guillermou-avocats.fr\\\/fr\\\/author\\\/proxima\"}]}<\/script>\n<!-- \/ Yoast SEO Premium plugin. -->","yoast_head_json":{"title":"Accident de cheval, expertise \u00e0 N\u00eemes - Avocat indemnisation de victimes","robots":{"index":"index","follow":"follow","max-snippet":"max-snippet:-1","max-image-preview":"max-image-preview:large","max-video-preview":"max-video-preview:-1"},"canonical":"https:\/\/guillermou-avocats.fr\/fr\/actualites\/accident-de-cheval-expertise-a-nimes","og_locale":"fr_FR","og_type":"article","og_title":"Accident de cheval, expertise \u00e0 N\u00eemes - Avocat indemnisation de victimes","og_url":"https:\/\/guillermou-avocats.fr\/fr\/actualites\/accident-de-cheval-expertise-a-nimes","og_site_name":"Avocat indemnisation de victimes","article_publisher":"https:\/\/www.facebook.com\/emericguillermou\/","article_published_time":"2025-07-08T08:25:09+00:00","article_modified_time":"2026-04-13T13:23:28+00:00","og_image":[{"width":1200,"height":1600,"url":"https:\/\/guillermou-avocats.fr\/wp-content\/uploads\/2025\/07\/Expertise-Nimes-CB.jpg","type":"image\/jpeg"}],"author":"Proxima","twitter_card":"summary_large_image","twitter_creator":"@eguillermou","twitter_site":"@eguillermou","twitter_misc":{"\u00c9crit par":"Proxima","Dur\u00e9e de lecture estim\u00e9e":"2 minutes"},"schema":{"@context":"https:\/\/schema.org","@graph":[{"@type":"Article","@id":"https:\/\/guillermou-avocats.fr\/fr\/actualites\/accident-de-cheval-expertise-a-nimes#article","isPartOf":{"@id":"https:\/\/guillermou-avocats.fr\/fr\/actualites\/accident-de-cheval-expertise-a-nimes"},"author":{"name":"Proxima","@id":"https:\/\/proxima2023.okoumea.com\/fr\/#\/schema\/person\/76485fc47f1ebece06bb555d9824cae0"},"headline":"Accident de cheval, expertise \u00e0 N\u00eemes","datePublished":"2025-07-08T08:25:09+00:00","dateModified":"2026-04-13T13:23:28+00:00","mainEntityOfPage":{"@id":"https:\/\/guillermou-avocats.fr\/fr\/actualites\/accident-de-cheval-expertise-a-nimes"},"wordCount":295,"commentCount":0,"publisher":{"@id":"https:\/\/proxima2023.okoumea.com\/fr\/#organization"},"image":{"@id":"https:\/\/guillermou-avocats.fr\/fr\/actualites\/accident-de-cheval-expertise-a-nimes#primaryimage"},"thumbnailUrl":"https:\/\/guillermou-avocats.fr\/wp-content\/uploads\/2025\/07\/Expertise-Nimes-CB.jpg","articleSection":["Accident","actualit\u00e9s","Dommage corporel","victime"],"inLanguage":"fr-FR","potentialAction":[{"@type":"CommentAction","name":"Comment","target":["https:\/\/guillermou-avocats.fr\/fr\/actualites\/accident-de-cheval-expertise-a-nimes#respond"]}]},{"@type":"WebPage","@id":"https:\/\/guillermou-avocats.fr\/fr\/actualites\/accident-de-cheval-expertise-a-nimes","url":"https:\/\/guillermou-avocats.fr\/fr\/actualites\/accident-de-cheval-expertise-a-nimes","name":"Accident de cheval, expertise \u00e0 N\u00eemes - Avocat indemnisation de victimes","isPartOf":{"@id":"https:\/\/proxima2023.okoumea.com\/fr\/#website"},"primaryImageOfPage":{"@id":"https:\/\/guillermou-avocats.fr\/fr\/actualites\/accident-de-cheval-expertise-a-nimes#primaryimage"},"image":{"@id":"https:\/\/guillermou-avocats.fr\/fr\/actualites\/accident-de-cheval-expertise-a-nimes#primaryimage"},"thumbnailUrl":"https:\/\/guillermou-avocats.fr\/wp-content\/uploads\/2025\/07\/Expertise-Nimes-CB.jpg","datePublished":"2025-07-08T08:25:09+00:00","dateModified":"2026-04-13T13:23:28+00:00","inLanguage":"fr-FR","potentialAction":[{"@type":"ReadAction","target":["https:\/\/guillermou-avocats.fr\/fr\/actualites\/accident-de-cheval-expertise-a-nimes"]}]},{"@type":"ImageObject","inLanguage":"fr-FR","@id":"https:\/\/guillermou-avocats.fr\/fr\/actualites\/accident-de-cheval-expertise-a-nimes#primaryimage","url":"https:\/\/guillermou-avocats.fr\/wp-content\/uploads\/2025\/07\/Expertise-Nimes-CB.jpg","contentUrl":"https:\/\/guillermou-avocats.fr\/wp-content\/uploads\/2025\/07\/Expertise-Nimes-CB.jpg","width":1200,"height":1600},{"@type":"WebSite","@id":"https:\/\/proxima2023.okoumea.com\/fr\/#website","url":"https:\/\/proxima2023.okoumea.com\/fr\/","name":"Proxima - Avocats indemnisation de victimes","description":"Chaque jour est un nouveau cap \u00e0 franchir ensemble","publisher":{"@id":"https:\/\/proxima2023.okoumea.com\/fr\/#organization"},"potentialAction":[{"@type":"SearchAction","target":{"@type":"EntryPoint","urlTemplate":"https:\/\/proxima2023.okoumea.com\/fr\/?s={search_term_string}"},"query-input":{"@type":"PropertyValueSpecification","valueRequired":true,"valueName":"search_term_string"}}],"inLanguage":"fr-FR"},{"@type":"Organization","@id":"https:\/\/proxima2023.okoumea.com\/fr\/#organization","name":"CABINET PROXIMA GUILLERMOU AVOCATS","url":"https:\/\/proxima2023.okoumea.com\/fr\/","logo":{"@type":"ImageObject","inLanguage":"fr-FR","@id":"https:\/\/proxima2023.okoumea.com\/fr\/#\/schema\/logo\/image\/","url":"https:\/\/guillermou-avocats.fr\/wp-content\/uploads\/2024\/08\/2Fichier-12ProximaLogox1.png","contentUrl":"https:\/\/guillermou-avocats.fr\/wp-content\/uploads\/2024\/08\/2Fichier-12ProximaLogox1.png","width":836,"height":825,"caption":"CABINET PROXIMA GUILLERMOU AVOCATS"},"image":{"@id":"https:\/\/proxima2023.okoumea.com\/fr\/#\/schema\/logo\/image\/"},"sameAs":["https:\/\/www.facebook.com\/emericguillermou\/","https:\/\/x.com\/eguillermou","https:\/\/fr.linkedin.com\/in\/emeric-guillermou-6a4b9bb6","https:\/\/www.youtube.com\/@emericguillermou9412"]},{"@type":"Person","@id":"https:\/\/proxima2023.okoumea.com\/fr\/#\/schema\/person\/76485fc47f1ebece06bb555d9824cae0","name":"Proxima","image":{"@type":"ImageObject","inLanguage":"fr-FR","@id":"https:\/\/secure.gravatar.com\/avatar\/1a9a201a1fcd5f2ecbfa35b383607d569af4cffda10e358211dbcb32e8d758cc?s=96&d=mm&r=g","url":"https:\/\/secure.gravatar.com\/avatar\/1a9a201a1fcd5f2ecbfa35b383607d569af4cffda10e358211dbcb32e8d758cc?s=96&d=mm&r=g","contentUrl":"https:\/\/secure.gravatar.com\/avatar\/1a9a201a1fcd5f2ecbfa35b383607d569af4cffda10e358211dbcb32e8d758cc?s=96&d=mm&r=g","caption":"Proxima"},"description":"Avocat Indemnisation de victimes Emeric GUILLERMOU","url":"https:\/\/guillermou-avocats.fr\/fr\/author\/proxima"}]}},"_links":{"self":[{"href":"https:\/\/guillermou-avocats.fr\/fr\/wp-json\/wp\/v2\/posts\/9205","targetHints":{"allow":["GET"]}}],"collection":[{"href":"https:\/\/guillermou-avocats.fr\/fr\/wp-json\/wp\/v2\/posts"}],"about":[{"href":"https:\/\/guillermou-avocats.fr\/fr\/wp-json\/wp\/v2\/types\/post"}],"author":[{"embeddable":true,"href":"https:\/\/guillermou-avocats.fr\/fr\/wp-json\/wp\/v2\/users\/2"}],"replies":[{"embeddable":true,"href":"https:\/\/guillermou-avocats.fr\/fr\/wp-json\/wp\/v2\/comments?post=9205"}],"version-history":[{"count":4,"href":"https:\/\/guillermou-avocats.fr\/fr\/wp-json\/wp\/v2\/posts\/9205\/revisions"}],"predecessor-version":[{"id":9528,"href":"https:\/\/guillermou-avocats.fr\/fr\/wp-json\/wp\/v2\/posts\/9205\/revisions\/9528"}],"wp:featuredmedia":[{"embeddable":true,"href":"https:\/\/guillermou-avocats.fr\/fr\/wp-json\/wp\/v2\/media\/9204"}],"wp:attachment":[{"href":"https:\/\/guillermou-avocats.fr\/fr\/wp-json\/wp\/v2\/media?parent=9205"}],"wp:term":[{"taxonomy":"category","embeddable":true,"href":"https:\/\/guillermou-avocats.fr\/fr\/wp-json\/wp\/v2\/categories?post=9205"},{"taxonomy":"post_tag","embeddable":true,"href":"https:\/\/guillermou-avocats.fr\/fr\/wp-json\/wp\/v2\/tags?post=9205"}],"curies":[{"name":"wp","href":"https:\/\/api.w.org\/{rel}","templated":true}]}}