{"id":8172,"date":"2022-06-28T16:15:03","date_gmt":"2022-06-28T14:15:03","guid":{"rendered":"https:\/\/guillermou-avocats.fr\/?p=8172"},"modified":"2024-12-27T17:46:40","modified_gmt":"2024-12-27T16:46:40","slug":"comment-envisager-lanormalite-du-dommage-lorsque-lacte-medical-a-eu-pour-effet-daccelerer-la-survenance-du-trouble-chez-la-victime","status":"publish","type":"post","link":"https:\/\/guillermou-avocats.fr\/fr\/actualites\/comment-envisager-lanormalite-du-dommage-lorsque-lacte-medical-a-eu-pour-effet-daccelerer-la-survenance-du-trouble-chez-la-victime","title":{"rendered":"Comment envisager l\u2019anormalit\u00e9 du dommage lorsque l\u2019acte m\u00e9dical a eu pour effet d\u2019acc\u00e9l\u00e9rer la survenance du trouble chez la victime ?"},"content":{"rendered":"<div class=\"fusion-fullwidth fullwidth-box nonhundred-percent-fullwidth non-hundred-percent-height-scrolling\"  style='background-color: rgba(255,255,255,0);background-position: center center;background-repeat: no-repeat;padding-top:0px;padding-right:0px;padding-bottom:0px;padding-left:0px;'><div class=\"fusion-builder-row fusion-row \"><div  class=\"fusion-layout-column fusion_builder_column fusion_builder_column_1_1  fusion-one-full fusion-column-first fusion-column-last 1_1\"  style='margin-top:0px;margin-bottom:0px;'>\n\t\t\t\t\t<div class=\"fusion-column-wrapper\" style=\"padding: 0px 0px 0px 0px;background-position:left top;background-repeat:no-repeat;-webkit-background-size:cover;-moz-background-size:cover;-o-background-size:cover;background-size:cover;\"  data-bg-url=\"\">\n\t\t\t\t\t\t<div class=\"fusion-text\"><p>En vertu de l\u2019article L 1142-1 du Code de la sant\u00e9 publique, les professionnels de sant\u00e9 ainsi que tout \u00e9tablissement de sant\u00e9, service ou organisme dans lesquels sont r\u00e9alis\u00e9s des actes individuels de pr\u00e9vention, de diagnostic ou de soins sont responsables des cons\u00e9quences dommageables d&rsquo;actes de pr\u00e9vention, de diagnostic ou de soin en cas de faute.<\/p>\n<p>Toutefois, dans le cas o\u00f9 la faute n\u2019est pas retenue, la victime de l\u2019accident m\u00e9dical a la possibilit\u00e9 de saisir l\u2019ONIAM afin de recevoir une juste indemnisation.<\/p>\n<p>Pour que l\u2019ONIAM soit saisie, 3 crit\u00e8res doivent \u00eatre remplis\u00a0:<\/p>\n<p>-l\u2019accident m\u00e9dical doit \u00eatre directement imputable \u00e0 des actes de pr\u00e9vention, de diagnostic ou de soin<\/p>\n<p>-l\u2019accident doit pr\u00e9senter un caract\u00e8re de gravit\u00e9<\/p>\n<p>-ces actes m\u00e9dicaux doivent avoir entra\u00een\u00e9 des cons\u00e9quences anormales au regard de l\u2019\u00e9tat de sant\u00e9 de la victime et de l\u2019\u00e9volution pr\u00e9visible de celui-ci<\/p>\n<p>La notion de cons\u00e9quence anormale a n\u00e9cessit\u00e9 un \u00e9claircissement jurisprudentiel.<\/p>\n<p>Le dommage subi par la victime sera caract\u00e9ris\u00e9 \u00ab\u00a0d\u2019anormal\u00a0\u00bb lorsque l\u2019\u00e9tat de sant\u00e9 du patient et son \u00e9volution pr\u00e9visible ne pouvaient pas g\u00e9n\u00e9rer les dommages caus\u00e9s par l\u2019acte m\u00e9dical.<\/p>\n<p>Les cons\u00e9quences du dommage subi par la victime seront qualifi\u00e9es \u00ab\u00a0d\u2019anormales\u00a0\u00bb lorsque l\u2019acte m\u00e9dical a entrain\u00e9 des cons\u00e9quences notablement plus graves que celles auxquelles le patient \u00e9tait expos\u00e9 du fait de sa pathologie en l\u2019absence de traitement.<\/p>\n<p>Pour \u00eatre clair, une comparaison doit \u00eatre op\u00e9r\u00e9e entre l\u2019\u00e9tat actuel du patient et l\u2019\u00e9tat dans lequel il aurait pu \u00eatre si l\u2019intervention n\u2019avait pas eu lieu.<\/p>\n<p>A l\u2019inverse, si le dommage caus\u00e9 par l\u2019intervention correspond aux cons\u00e9quences de l\u2019\u00e9volution normale de la pathologie du patient, l\u2019anormalit\u00e9 ne sera pas retenue.<\/p>\n<p>Les cons\u00e9quences de l\u2019acte m\u00e9dical peuvent subsidiairement \u00eatre consid\u00e9r\u00e9es comme anormales si, dans les conditions o\u00f9 l\u2019acte a \u00e9t\u00e9 accompli, la survenance du dommage pr\u00e9sentait une probabilit\u00e9 faible. Toutefois, une derni\u00e8re question relative \u00e0 l\u2019anormalit\u00e9 du dommage restait sans r\u00e9ponse.<\/p>\n<p>L\u2019anormalit\u00e9 du dommage peut-elle \u00eatre caract\u00e9ris\u00e9e lorsque l\u2019acte m\u00e9dical a eu pour cons\u00e9quence d\u2019acc\u00e9l\u00e9rer, de fa\u00e7on pr\u00e9matur\u00e9e, la survenance des troubles\u00a0?<\/p>\n<p>La Cour de cassation a eu l\u2019occasion de r\u00e9pondre \u00e0 cette question pour la premi\u00e8re fois le 6 avril 2022.<\/p>\n<p>En l\u2019esp\u00e8ce, les troubles que le patient avait subi apr\u00e8s l\u2019op\u00e9ration correspondaient \u00e0 l\u2019\u00e9volution pr\u00e9visible de sa pathologie.<\/p>\n<p>N\u00e9anmoins, m\u00eame si ces troubles \u00e9taient pr\u00e9visibles et seraient apparus dans tous les cas, leur apparition a \u00e9t\u00e9 anticip\u00e9e d\u2019environ trois ans.<\/p>\n<p>La Cour de cassation pr\u00e9cise ainsi que\u00a0: \u00ab\u00a0les cons\u00e9quences de l\u2019acte m\u00e9dical peuvent \u00eatre notablement plus graves que celles auxquelles le patient \u00e9tait expos\u00e9 par sa pathologie de mani\u00e8re suffisamment probable en l\u2019absence de traitement si les troubles pr\u00e9sent\u00e9s, bien qu\u2019identiques \u00e0 ceux auxquels il \u00e9tait expos\u00e9 par l\u2019\u00e9volution pr\u00e9visible de sa pathologie, sont survenus pr\u00e9matur\u00e9ment\u00a0\u00bb.<\/p>\n<p>La Cour de cassation reconna\u00eet donc l\u2019anormalit\u00e9 du dommage dans le cas o\u00f9 il est survenu plus t\u00f4t en raison de l\u2019intervention m\u00e9dicale. Les juges de la Haute juridiction pr\u00e9cise aussi que<br \/>\nl\u2019\u00ab indemnisation \u00a0ne peut \u00eatre due que jusqu\u2019\u00e0 la date \u00e0 laquelle les troubles seraient apparus en l\u2019absence de survenance de l\u2019accident m\u00e9dical\u00a0\u00bb.<\/p>\n<p>Cette d\u00e9cision, plut\u00f4t positive pour les victimes d\u2019accident m\u00e9dical, pose la question de l\u2019identification de la date de r\u00e9v\u00e9lation des troubles pr\u00e9visibles de la victime. En effet, l\u2019indemnisation de la victime sera directement li\u00e9e \u00e0 cette date de r\u00e9v\u00e9lation de ses troubles.<\/p>\n<p>La Cour de cassation devra alors se positionner pour \u00e9mettre son avis dans le cas o\u00f9 la date de survenance des troubles pr\u00e9visibles est impossible \u00e0 \u00e9tablir.<\/p>\n<p>La complexit\u00e9 de ces diff\u00e9rentes situations permet de comprendre l\u2019importance de l\u2019avocat et des m\u00e9decins de recours dans l\u2019accompagnement de la victime du dommage.<\/p>\n<p><img loading=\"lazy\" decoding=\"async\" class=\"aligncenter size-full wp-image-8173\" src=\"https:\/\/guillermou-avocats.fr\/wp-content\/uploads\/2022\/06\/hopital-deces-souffrance-indemnisation-victime.jpg\" alt=\"\" width=\"845\" height=\"550\" \/><\/p>\n<\/div><div class=\"fusion-clearfix\"><\/div>\n\n\t\t\t\t\t<\/div>\n\t\t\t\t<\/div><\/div><\/div>\n","protected":false},"excerpt":{"rendered":"","protected":false},"author":2,"featured_media":0,"comment_status":"open","ping_status":"open","sticky":false,"template":"","format":"standard","meta":{"footnotes":""},"categories":[93],"tags":[],"class_list":["post-8172","post","type-post","status-publish","format-standard","hentry","category-actualites"],"yoast_head":"<!-- This site is optimized with the Yoast SEO Premium plugin v23.4 (Yoast SEO v27.4) - https:\/\/yoast.com\/product\/yoast-seo-premium-wordpress\/ -->\n<title>Qualification de l&#039;anormalit\u00e9 d&#039;un dommage en cas d&#039;acte m\u00e9dical - Avocat indemnisation de victimes<\/title>\n<meta name=\"description\" content=\"La Cour de cassation reconna\u00eet donc l\u2019anormalit\u00e9 du dommage dans le cas o\u00f9 il est survenu plus t\u00f4t en raison de l\u2019intervention m\u00e9dicale.\" \/>\n<meta name=\"robots\" content=\"index, follow, max-snippet:-1, max-image-preview:large, max-video-preview:-1\" \/>\n<link rel=\"canonical\" href=\"https:\/\/guillermou-avocats.fr\/fr\/actualites\/comment-envisager-lanormalite-du-dommage-lorsque-lacte-medical-a-eu-pour-effet-daccelerer-la-survenance-du-trouble-chez-la-victime\" \/>\n<meta property=\"og:locale\" content=\"fr_FR\" \/>\n<meta property=\"og:type\" content=\"article\" \/>\n<meta property=\"og:title\" content=\"Qualification de l&#039;anormalit\u00e9 d&#039;un dommage en cas d&#039;acte m\u00e9dical - Avocat indemnisation de victimes\" \/>\n<meta property=\"og:description\" content=\"La Cour de cassation reconna\u00eet donc l\u2019anormalit\u00e9 du dommage dans le cas o\u00f9 il est survenu plus t\u00f4t en raison de l\u2019intervention m\u00e9dicale.\" \/>\n<meta property=\"og:url\" content=\"https:\/\/guillermou-avocats.fr\/fr\/actualites\/comment-envisager-lanormalite-du-dommage-lorsque-lacte-medical-a-eu-pour-effet-daccelerer-la-survenance-du-trouble-chez-la-victime\" \/>\n<meta property=\"og:site_name\" content=\"Avocat indemnisation de victimes\" \/>\n<meta property=\"article:publisher\" content=\"https:\/\/www.facebook.com\/emericguillermou\/\" \/>\n<meta property=\"article:published_time\" content=\"2022-06-28T14:15:03+00:00\" \/>\n<meta property=\"article:modified_time\" content=\"2024-12-27T16:46:40+00:00\" \/>\n<meta name=\"author\" content=\"Proxima\" \/>\n<meta name=\"twitter:card\" content=\"summary_large_image\" \/>\n<meta name=\"twitter:creator\" content=\"@eguillermou\" \/>\n<meta name=\"twitter:site\" content=\"@eguillermou\" \/>\n<meta name=\"twitter:label1\" content=\"\u00c9crit par\" \/>\n\t<meta name=\"twitter:data1\" content=\"Proxima\" \/>\n\t<meta name=\"twitter:label2\" content=\"Dur\u00e9e de lecture estim\u00e9e\" \/>\n\t<meta name=\"twitter:data2\" content=\"4 minutes\" \/>\n<script type=\"application\/ld+json\" class=\"yoast-schema-graph\">{\"@context\":\"https:\\\/\\\/schema.org\",\"@graph\":[{\"@type\":\"Article\",\"@id\":\"https:\\\/\\\/guillermou-avocats.fr\\\/fr\\\/actualites\\\/comment-envisager-lanormalite-du-dommage-lorsque-lacte-medical-a-eu-pour-effet-daccelerer-la-survenance-du-trouble-chez-la-victime#article\",\"isPartOf\":{\"@id\":\"https:\\\/\\\/guillermou-avocats.fr\\\/fr\\\/actualites\\\/comment-envisager-lanormalite-du-dommage-lorsque-lacte-medical-a-eu-pour-effet-daccelerer-la-survenance-du-trouble-chez-la-victime\"},\"author\":{\"name\":\"Proxima\",\"@id\":\"https:\\\/\\\/proxima2023.okoumea.com\\\/fr\\\/#\\\/schema\\\/person\\\/76485fc47f1ebece06bb555d9824cae0\"},\"headline\":\"Comment envisager l\u2019anormalit\u00e9 du dommage lorsque l\u2019acte m\u00e9dical a eu pour effet d\u2019acc\u00e9l\u00e9rer la survenance du trouble chez la victime ?\",\"datePublished\":\"2022-06-28T14:15:03+00:00\",\"dateModified\":\"2024-12-27T16:46:40+00:00\",\"mainEntityOfPage\":{\"@id\":\"https:\\\/\\\/guillermou-avocats.fr\\\/fr\\\/actualites\\\/comment-envisager-lanormalite-du-dommage-lorsque-lacte-medical-a-eu-pour-effet-daccelerer-la-survenance-du-trouble-chez-la-victime\"},\"wordCount\":897,\"commentCount\":0,\"publisher\":{\"@id\":\"https:\\\/\\\/proxima2023.okoumea.com\\\/fr\\\/#organization\"},\"image\":{\"@id\":\"https:\\\/\\\/guillermou-avocats.fr\\\/fr\\\/actualites\\\/comment-envisager-lanormalite-du-dommage-lorsque-lacte-medical-a-eu-pour-effet-daccelerer-la-survenance-du-trouble-chez-la-victime#primaryimage\"},\"thumbnailUrl\":\"https:\\\/\\\/guillermou-avocats.fr\\\/wp-content\\\/uploads\\\/2022\\\/06\\\/hopital-deces-souffrance-indemnisation-victime.jpg\",\"articleSection\":[\"actualit\u00e9s\"],\"inLanguage\":\"fr-FR\",\"potentialAction\":[{\"@type\":\"CommentAction\",\"name\":\"Comment\",\"target\":[\"https:\\\/\\\/guillermou-avocats.fr\\\/fr\\\/actualites\\\/comment-envisager-lanormalite-du-dommage-lorsque-lacte-medical-a-eu-pour-effet-daccelerer-la-survenance-du-trouble-chez-la-victime#respond\"]}]},{\"@type\":\"WebPage\",\"@id\":\"https:\\\/\\\/guillermou-avocats.fr\\\/fr\\\/actualites\\\/comment-envisager-lanormalite-du-dommage-lorsque-lacte-medical-a-eu-pour-effet-daccelerer-la-survenance-du-trouble-chez-la-victime\",\"url\":\"https:\\\/\\\/guillermou-avocats.fr\\\/fr\\\/actualites\\\/comment-envisager-lanormalite-du-dommage-lorsque-lacte-medical-a-eu-pour-effet-daccelerer-la-survenance-du-trouble-chez-la-victime\",\"name\":\"Qualification de l'anormalit\u00e9 d'un dommage en cas d'acte m\u00e9dical - Avocat indemnisation de victimes\",\"isPartOf\":{\"@id\":\"https:\\\/\\\/proxima2023.okoumea.com\\\/fr\\\/#website\"},\"primaryImageOfPage\":{\"@id\":\"https:\\\/\\\/guillermou-avocats.fr\\\/fr\\\/actualites\\\/comment-envisager-lanormalite-du-dommage-lorsque-lacte-medical-a-eu-pour-effet-daccelerer-la-survenance-du-trouble-chez-la-victime#primaryimage\"},\"image\":{\"@id\":\"https:\\\/\\\/guillermou-avocats.fr\\\/fr\\\/actualites\\\/comment-envisager-lanormalite-du-dommage-lorsque-lacte-medical-a-eu-pour-effet-daccelerer-la-survenance-du-trouble-chez-la-victime#primaryimage\"},\"thumbnailUrl\":\"https:\\\/\\\/guillermou-avocats.fr\\\/wp-content\\\/uploads\\\/2022\\\/06\\\/hopital-deces-souffrance-indemnisation-victime.jpg\",\"datePublished\":\"2022-06-28T14:15:03+00:00\",\"dateModified\":\"2024-12-27T16:46:40+00:00\",\"description\":\"La Cour de cassation reconna\u00eet donc l\u2019anormalit\u00e9 du dommage dans le cas o\u00f9 il est survenu plus t\u00f4t en raison de l\u2019intervention m\u00e9dicale.\",\"inLanguage\":\"fr-FR\",\"potentialAction\":[{\"@type\":\"ReadAction\",\"target\":[\"https:\\\/\\\/guillermou-avocats.fr\\\/fr\\\/actualites\\\/comment-envisager-lanormalite-du-dommage-lorsque-lacte-medical-a-eu-pour-effet-daccelerer-la-survenance-du-trouble-chez-la-victime\"]}]},{\"@type\":\"ImageObject\",\"inLanguage\":\"fr-FR\",\"@id\":\"https:\\\/\\\/guillermou-avocats.fr\\\/fr\\\/actualites\\\/comment-envisager-lanormalite-du-dommage-lorsque-lacte-medical-a-eu-pour-effet-daccelerer-la-survenance-du-trouble-chez-la-victime#primaryimage\",\"url\":\"https:\\\/\\\/guillermou-avocats.fr\\\/wp-content\\\/uploads\\\/2022\\\/06\\\/hopital-deces-souffrance-indemnisation-victime.jpg\",\"contentUrl\":\"https:\\\/\\\/guillermou-avocats.fr\\\/wp-content\\\/uploads\\\/2022\\\/06\\\/hopital-deces-souffrance-indemnisation-victime.jpg\"},{\"@type\":\"WebSite\",\"@id\":\"https:\\\/\\\/proxima2023.okoumea.com\\\/fr\\\/#website\",\"url\":\"https:\\\/\\\/proxima2023.okoumea.com\\\/fr\\\/\",\"name\":\"Proxima - Avocats indemnisation de victimes\",\"description\":\"Chaque jour est un nouveau cap \u00e0 franchir ensemble\",\"publisher\":{\"@id\":\"https:\\\/\\\/proxima2023.okoumea.com\\\/fr\\\/#organization\"},\"potentialAction\":[{\"@type\":\"SearchAction\",\"target\":{\"@type\":\"EntryPoint\",\"urlTemplate\":\"https:\\\/\\\/proxima2023.okoumea.com\\\/fr\\\/?s={search_term_string}\"},\"query-input\":{\"@type\":\"PropertyValueSpecification\",\"valueRequired\":true,\"valueName\":\"search_term_string\"}}],\"inLanguage\":\"fr-FR\"},{\"@type\":\"Organization\",\"@id\":\"https:\\\/\\\/proxima2023.okoumea.com\\\/fr\\\/#organization\",\"name\":\"CABINET PROXIMA GUILLERMOU AVOCATS\",\"url\":\"https:\\\/\\\/proxima2023.okoumea.com\\\/fr\\\/\",\"logo\":{\"@type\":\"ImageObject\",\"inLanguage\":\"fr-FR\",\"@id\":\"https:\\\/\\\/proxima2023.okoumea.com\\\/fr\\\/#\\\/schema\\\/logo\\\/image\\\/\",\"url\":\"https:\\\/\\\/guillermou-avocats.fr\\\/wp-content\\\/uploads\\\/2024\\\/08\\\/2Fichier-12ProximaLogox1.png\",\"contentUrl\":\"https:\\\/\\\/guillermou-avocats.fr\\\/wp-content\\\/uploads\\\/2024\\\/08\\\/2Fichier-12ProximaLogox1.png\",\"width\":836,\"height\":825,\"caption\":\"CABINET PROXIMA GUILLERMOU AVOCATS\"},\"image\":{\"@id\":\"https:\\\/\\\/proxima2023.okoumea.com\\\/fr\\\/#\\\/schema\\\/logo\\\/image\\\/\"},\"sameAs\":[\"https:\\\/\\\/www.facebook.com\\\/emericguillermou\\\/\",\"https:\\\/\\\/x.com\\\/eguillermou\",\"https:\\\/\\\/fr.linkedin.com\\\/in\\\/emeric-guillermou-6a4b9bb6\",\"https:\\\/\\\/www.youtube.com\\\/@emericguillermou9412\"]},{\"@type\":\"Person\",\"@id\":\"https:\\\/\\\/proxima2023.okoumea.com\\\/fr\\\/#\\\/schema\\\/person\\\/76485fc47f1ebece06bb555d9824cae0\",\"name\":\"Proxima\",\"image\":{\"@type\":\"ImageObject\",\"inLanguage\":\"fr-FR\",\"@id\":\"https:\\\/\\\/secure.gravatar.com\\\/avatar\\\/1a9a201a1fcd5f2ecbfa35b383607d569af4cffda10e358211dbcb32e8d758cc?s=96&d=mm&r=g\",\"url\":\"https:\\\/\\\/secure.gravatar.com\\\/avatar\\\/1a9a201a1fcd5f2ecbfa35b383607d569af4cffda10e358211dbcb32e8d758cc?s=96&d=mm&r=g\",\"contentUrl\":\"https:\\\/\\\/secure.gravatar.com\\\/avatar\\\/1a9a201a1fcd5f2ecbfa35b383607d569af4cffda10e358211dbcb32e8d758cc?s=96&d=mm&r=g\",\"caption\":\"Proxima\"},\"description\":\"Avocat Indemnisation de victimes Emeric GUILLERMOU\",\"url\":\"https:\\\/\\\/guillermou-avocats.fr\\\/fr\\\/author\\\/proxima\"}]}<\/script>\n<!-- \/ Yoast SEO Premium plugin. -->","yoast_head_json":{"title":"Qualification de l'anormalit\u00e9 d'un dommage en cas d'acte m\u00e9dical - Avocat indemnisation de victimes","description":"La Cour de cassation reconna\u00eet donc l\u2019anormalit\u00e9 du dommage dans le cas o\u00f9 il est survenu plus t\u00f4t en raison de l\u2019intervention m\u00e9dicale.","robots":{"index":"index","follow":"follow","max-snippet":"max-snippet:-1","max-image-preview":"max-image-preview:large","max-video-preview":"max-video-preview:-1"},"canonical":"https:\/\/guillermou-avocats.fr\/fr\/actualites\/comment-envisager-lanormalite-du-dommage-lorsque-lacte-medical-a-eu-pour-effet-daccelerer-la-survenance-du-trouble-chez-la-victime","og_locale":"fr_FR","og_type":"article","og_title":"Qualification de l'anormalit\u00e9 d'un dommage en cas d'acte m\u00e9dical - Avocat indemnisation de victimes","og_description":"La Cour de cassation reconna\u00eet donc l\u2019anormalit\u00e9 du dommage dans le cas o\u00f9 il est survenu plus t\u00f4t en raison de l\u2019intervention m\u00e9dicale.","og_url":"https:\/\/guillermou-avocats.fr\/fr\/actualites\/comment-envisager-lanormalite-du-dommage-lorsque-lacte-medical-a-eu-pour-effet-daccelerer-la-survenance-du-trouble-chez-la-victime","og_site_name":"Avocat indemnisation de victimes","article_publisher":"https:\/\/www.facebook.com\/emericguillermou\/","article_published_time":"2022-06-28T14:15:03+00:00","article_modified_time":"2024-12-27T16:46:40+00:00","author":"Proxima","twitter_card":"summary_large_image","twitter_creator":"@eguillermou","twitter_site":"@eguillermou","twitter_misc":{"\u00c9crit par":"Proxima","Dur\u00e9e de lecture estim\u00e9e":"4 minutes"},"schema":{"@context":"https:\/\/schema.org","@graph":[{"@type":"Article","@id":"https:\/\/guillermou-avocats.fr\/fr\/actualites\/comment-envisager-lanormalite-du-dommage-lorsque-lacte-medical-a-eu-pour-effet-daccelerer-la-survenance-du-trouble-chez-la-victime#article","isPartOf":{"@id":"https:\/\/guillermou-avocats.fr\/fr\/actualites\/comment-envisager-lanormalite-du-dommage-lorsque-lacte-medical-a-eu-pour-effet-daccelerer-la-survenance-du-trouble-chez-la-victime"},"author":{"name":"Proxima","@id":"https:\/\/proxima2023.okoumea.com\/fr\/#\/schema\/person\/76485fc47f1ebece06bb555d9824cae0"},"headline":"Comment envisager l\u2019anormalit\u00e9 du dommage lorsque l\u2019acte m\u00e9dical a eu pour effet d\u2019acc\u00e9l\u00e9rer la survenance du trouble chez la victime ?","datePublished":"2022-06-28T14:15:03+00:00","dateModified":"2024-12-27T16:46:40+00:00","mainEntityOfPage":{"@id":"https:\/\/guillermou-avocats.fr\/fr\/actualites\/comment-envisager-lanormalite-du-dommage-lorsque-lacte-medical-a-eu-pour-effet-daccelerer-la-survenance-du-trouble-chez-la-victime"},"wordCount":897,"commentCount":0,"publisher":{"@id":"https:\/\/proxima2023.okoumea.com\/fr\/#organization"},"image":{"@id":"https:\/\/guillermou-avocats.fr\/fr\/actualites\/comment-envisager-lanormalite-du-dommage-lorsque-lacte-medical-a-eu-pour-effet-daccelerer-la-survenance-du-trouble-chez-la-victime#primaryimage"},"thumbnailUrl":"https:\/\/guillermou-avocats.fr\/wp-content\/uploads\/2022\/06\/hopital-deces-souffrance-indemnisation-victime.jpg","articleSection":["actualit\u00e9s"],"inLanguage":"fr-FR","potentialAction":[{"@type":"CommentAction","name":"Comment","target":["https:\/\/guillermou-avocats.fr\/fr\/actualites\/comment-envisager-lanormalite-du-dommage-lorsque-lacte-medical-a-eu-pour-effet-daccelerer-la-survenance-du-trouble-chez-la-victime#respond"]}]},{"@type":"WebPage","@id":"https:\/\/guillermou-avocats.fr\/fr\/actualites\/comment-envisager-lanormalite-du-dommage-lorsque-lacte-medical-a-eu-pour-effet-daccelerer-la-survenance-du-trouble-chez-la-victime","url":"https:\/\/guillermou-avocats.fr\/fr\/actualites\/comment-envisager-lanormalite-du-dommage-lorsque-lacte-medical-a-eu-pour-effet-daccelerer-la-survenance-du-trouble-chez-la-victime","name":"Qualification de l'anormalit\u00e9 d'un dommage en cas d'acte m\u00e9dical - Avocat indemnisation de victimes","isPartOf":{"@id":"https:\/\/proxima2023.okoumea.com\/fr\/#website"},"primaryImageOfPage":{"@id":"https:\/\/guillermou-avocats.fr\/fr\/actualites\/comment-envisager-lanormalite-du-dommage-lorsque-lacte-medical-a-eu-pour-effet-daccelerer-la-survenance-du-trouble-chez-la-victime#primaryimage"},"image":{"@id":"https:\/\/guillermou-avocats.fr\/fr\/actualites\/comment-envisager-lanormalite-du-dommage-lorsque-lacte-medical-a-eu-pour-effet-daccelerer-la-survenance-du-trouble-chez-la-victime#primaryimage"},"thumbnailUrl":"https:\/\/guillermou-avocats.fr\/wp-content\/uploads\/2022\/06\/hopital-deces-souffrance-indemnisation-victime.jpg","datePublished":"2022-06-28T14:15:03+00:00","dateModified":"2024-12-27T16:46:40+00:00","description":"La Cour de cassation reconna\u00eet donc l\u2019anormalit\u00e9 du dommage dans le cas o\u00f9 il est survenu plus t\u00f4t en raison de l\u2019intervention m\u00e9dicale.","inLanguage":"fr-FR","potentialAction":[{"@type":"ReadAction","target":["https:\/\/guillermou-avocats.fr\/fr\/actualites\/comment-envisager-lanormalite-du-dommage-lorsque-lacte-medical-a-eu-pour-effet-daccelerer-la-survenance-du-trouble-chez-la-victime"]}]},{"@type":"ImageObject","inLanguage":"fr-FR","@id":"https:\/\/guillermou-avocats.fr\/fr\/actualites\/comment-envisager-lanormalite-du-dommage-lorsque-lacte-medical-a-eu-pour-effet-daccelerer-la-survenance-du-trouble-chez-la-victime#primaryimage","url":"https:\/\/guillermou-avocats.fr\/wp-content\/uploads\/2022\/06\/hopital-deces-souffrance-indemnisation-victime.jpg","contentUrl":"https:\/\/guillermou-avocats.fr\/wp-content\/uploads\/2022\/06\/hopital-deces-souffrance-indemnisation-victime.jpg"},{"@type":"WebSite","@id":"https:\/\/proxima2023.okoumea.com\/fr\/#website","url":"https:\/\/proxima2023.okoumea.com\/fr\/","name":"Proxima - Avocats indemnisation de victimes","description":"Chaque jour est un nouveau cap \u00e0 franchir ensemble","publisher":{"@id":"https:\/\/proxima2023.okoumea.com\/fr\/#organization"},"potentialAction":[{"@type":"SearchAction","target":{"@type":"EntryPoint","urlTemplate":"https:\/\/proxima2023.okoumea.com\/fr\/?s={search_term_string}"},"query-input":{"@type":"PropertyValueSpecification","valueRequired":true,"valueName":"search_term_string"}}],"inLanguage":"fr-FR"},{"@type":"Organization","@id":"https:\/\/proxima2023.okoumea.com\/fr\/#organization","name":"CABINET PROXIMA GUILLERMOU AVOCATS","url":"https:\/\/proxima2023.okoumea.com\/fr\/","logo":{"@type":"ImageObject","inLanguage":"fr-FR","@id":"https:\/\/proxima2023.okoumea.com\/fr\/#\/schema\/logo\/image\/","url":"https:\/\/guillermou-avocats.fr\/wp-content\/uploads\/2024\/08\/2Fichier-12ProximaLogox1.png","contentUrl":"https:\/\/guillermou-avocats.fr\/wp-content\/uploads\/2024\/08\/2Fichier-12ProximaLogox1.png","width":836,"height":825,"caption":"CABINET PROXIMA GUILLERMOU AVOCATS"},"image":{"@id":"https:\/\/proxima2023.okoumea.com\/fr\/#\/schema\/logo\/image\/"},"sameAs":["https:\/\/www.facebook.com\/emericguillermou\/","https:\/\/x.com\/eguillermou","https:\/\/fr.linkedin.com\/in\/emeric-guillermou-6a4b9bb6","https:\/\/www.youtube.com\/@emericguillermou9412"]},{"@type":"Person","@id":"https:\/\/proxima2023.okoumea.com\/fr\/#\/schema\/person\/76485fc47f1ebece06bb555d9824cae0","name":"Proxima","image":{"@type":"ImageObject","inLanguage":"fr-FR","@id":"https:\/\/secure.gravatar.com\/avatar\/1a9a201a1fcd5f2ecbfa35b383607d569af4cffda10e358211dbcb32e8d758cc?s=96&d=mm&r=g","url":"https:\/\/secure.gravatar.com\/avatar\/1a9a201a1fcd5f2ecbfa35b383607d569af4cffda10e358211dbcb32e8d758cc?s=96&d=mm&r=g","contentUrl":"https:\/\/secure.gravatar.com\/avatar\/1a9a201a1fcd5f2ecbfa35b383607d569af4cffda10e358211dbcb32e8d758cc?s=96&d=mm&r=g","caption":"Proxima"},"description":"Avocat Indemnisation de victimes Emeric GUILLERMOU","url":"https:\/\/guillermou-avocats.fr\/fr\/author\/proxima"}]}},"_links":{"self":[{"href":"https:\/\/guillermou-avocats.fr\/fr\/wp-json\/wp\/v2\/posts\/8172","targetHints":{"allow":["GET"]}}],"collection":[{"href":"https:\/\/guillermou-avocats.fr\/fr\/wp-json\/wp\/v2\/posts"}],"about":[{"href":"https:\/\/guillermou-avocats.fr\/fr\/wp-json\/wp\/v2\/types\/post"}],"author":[{"embeddable":true,"href":"https:\/\/guillermou-avocats.fr\/fr\/wp-json\/wp\/v2\/users\/2"}],"replies":[{"embeddable":true,"href":"https:\/\/guillermou-avocats.fr\/fr\/wp-json\/wp\/v2\/comments?post=8172"}],"version-history":[{"count":5,"href":"https:\/\/guillermou-avocats.fr\/fr\/wp-json\/wp\/v2\/posts\/8172\/revisions"}],"predecessor-version":[{"id":8179,"href":"https:\/\/guillermou-avocats.fr\/fr\/wp-json\/wp\/v2\/posts\/8172\/revisions\/8179"}],"wp:attachment":[{"href":"https:\/\/guillermou-avocats.fr\/fr\/wp-json\/wp\/v2\/media?parent=8172"}],"wp:term":[{"taxonomy":"category","embeddable":true,"href":"https:\/\/guillermou-avocats.fr\/fr\/wp-json\/wp\/v2\/categories?post=8172"},{"taxonomy":"post_tag","embeddable":true,"href":"https:\/\/guillermou-avocats.fr\/fr\/wp-json\/wp\/v2\/tags?post=8172"}],"curies":[{"name":"wp","href":"https:\/\/api.w.org\/{rel}","templated":true}]}}