{"id":8072,"date":"2021-09-22T11:54:54","date_gmt":"2021-09-22T09:54:54","guid":{"rendered":"https:\/\/guillermou-avocats.fr\/?p=8072"},"modified":"2024-12-30T18:19:27","modified_gmt":"2024-12-30T17:19:27","slug":"zoom-sur-limputation-des-prestations","status":"publish","type":"post","link":"https:\/\/guillermou-avocats.fr\/fr\/actualites\/zoom-sur-limputation-des-prestations","title":{"rendered":"Zoom sur l\u2019imputation des prestations"},"content":{"rendered":"<div class=\"fusion-fullwidth fullwidth-box nonhundred-percent-fullwidth non-hundred-percent-height-scrolling\"  style='background-color: rgba(255,255,255,0);background-position: center center;background-repeat: no-repeat;padding-top:0px;padding-right:0px;padding-bottom:0px;padding-left:0px;'><div class=\"fusion-builder-row fusion-row \"><div  class=\"fusion-layout-column fusion_builder_column fusion_builder_column_1_1  fusion-one-full fusion-column-first fusion-column-last 1_1\"  style='margin-top:0px;margin-bottom:20px;'>\n\t\t\t\t\t<div class=\"fusion-column-wrapper\" style=\"padding: 0px 0px 0px 0px;background-position:left top;background-repeat:no-repeat;-webkit-background-size:cover;-moz-background-size:cover;-o-background-size:cover;background-size:cover;\"  data-bg-url=\"\">\n\t\t\t\t\t\t<div class=\"fusion-text\"><h2>Pourquoi ma pension d\u2019invalidit\u00e9 ou ma rente accident du travail, vers\u00e9e par mon organisme social, est d\u00e9duite de mon indemnisation\u00a0?<\/h2>\n<p><em>\u00c0 la suite de mon accident, mon organisme social m\u2019a attribu\u00e9 une pension d\u2019invalidit\u00e9. <\/em><em>L\u2019assureur du responsable de l\u2019accident souhaite la d\u00e9duire de mon indemnisation. <\/em><em>A-t-il le droit de le faire ? <\/em><em>Sur quel poste de pr\u00e9judice peut-il op\u00e9rer la d\u00e9duction de cette prestation\u00a0?<\/em><\/p>\n<h3><strong><u>Le cabinet Proxima vous r\u00e9pond<\/u><\/strong><\/h3>\n<p>Il est important de distinguer deux situations.<\/p>\n<ol>\n<li><strong>Le litige rel\u00e8ve de la comp\u00e9tence de la juridiction administrative(1)<\/strong><\/li>\n<\/ol>\n<p>Le Conseil d\u2019\u00c9tat<strong>(2)<\/strong> consid\u00e8re qu\u2019eu \u00e9gard aux finalit\u00e9s de r\u00e9paration d&rsquo;une <strong>incapacit\u00e9 <\/strong>permanente de travail qui lui leur sont assign\u00e9es par les dispositions l\u00e9gislatives<strong>(3)<\/strong> et \u00e0 leurs modes de calcul en fonction du salaire<strong>(4)<\/strong>, la pension d\u2019invalidit\u00e9 et la rente accident du travail doivent \u00eatre regard\u00e9es comme ayant pour objet exclusif de r\u00e9parer, sur une base forfaitaire, les pr\u00e9judices subis par la <strong>victime <\/strong>dans sa vie professionnelle en cons\u00e9quence de l&rsquo;accident, c&rsquo;est-\u00e0-dire ses pertes de revenus professionnels et l&rsquo;incidence professionnelle de l&rsquo;incapacit\u00e9.<\/p>\n<p>En r\u00e9sum\u00e9, la d\u00e9duction du montant capitalis\u00e9 de ces prestations sera faite sur les postes de pr\u00e9judices\u00a0suivants :<\/p>\n<ul>\n<li>D\u2019abord puis les pertes de gains professionnels futurs (PGPF)<\/li>\n<li>Puis, s\u2019il reste un reliquat, sur l\u2019incidence professionnelle li\u00e9e \u00e0 l\u2019incapacit\u00e9.<\/li>\n<\/ul>\n<ol start=\"2\">\n<li><strong>Le litige rel\u00e8ve de la comp\u00e9tence de la juridiction judiciaire(5)<\/strong><\/li>\n<\/ol>\n<p>La Cour de cassation<strong>(6)<\/strong> consid\u00e8re quant \u00e0 elle que la pension d\u2019invalidit\u00e9 et la rente accident du travail indemnisent, d\u2019une part, les pertes de gains professionnels et les incidences professionnelles de l\u2019incapacit\u00e9 et d\u2019autre part, le d\u00e9ficit fonctionnel permanent.<\/p>\n<p>En r\u00e9sum\u00e9, la d\u00e9duction du montant capitalis\u00e9 de ces prestations sera faite sur les postes de pr\u00e9judices suivants :<\/p>\n<ul>\n<li><strong>PGPF <\/strong>(pertes de gains professionnels futurs)<\/li>\n<li><strong>Incidence professionnelle<\/strong> li\u00e9e \u00e0 l\u2019incapacit\u00e9<strong>(7)<\/strong><\/li>\n<li><strong>D\u00e9ficit fonctionnel permanent<\/strong><\/li>\n<\/ul>\n<p>La d\u00e9duction interviendra en premier lieu sur les pertes de gains professionnels futurs ensuite sur l\u2019incidence professionnelle puis, s\u2019il existe un reliquat, sur le d\u00e9ficit fonctionnel permanent.<\/p>\n<p>C\u2019est ce qu\u2019on appelle \u00ab\u00a0<strong>l\u2019imputation en cascade<\/strong>\u00a0\u00bb.<\/p>\n<p>***<\/p>\n<p>Vous le constaterez, les deux juridictions n\u2019ont pas la m\u00eame d\u00e9finition ni de la pension d\u2019invalidit\u00e9 ni de la rente accident du travail, raison pour laquelle, la d\u00e9duction n\u2019interviendra pas de la m\u00eame fa\u00e7on selon que votre litige rel\u00e8ve de la comp\u00e9tence de la juridiction administrative ou judiciaire.<\/p>\n<p>La position actuelle de la Cour de Cassation est nettement plus d\u00e9favorable aux victimes qui se verront souvent spolier tout ou partie de l\u2019indemnisation de leur d\u00e9ficit fonctionnel permanent.<\/p>\n<p>Le <a href=\"https:\/\/guillermou-avocats.fr\/contact-avocat-toulon\" target=\"_blank\" rel=\"noopener\"><strong>Cabinet PROXIMA<\/strong><\/a> milite pour que la d\u00e9finition du Conseil d\u2019\u00c9tat, plus juste pour les <strong>victimes <\/strong>et plus coh\u00e9rente, soit enfin appliqu\u00e9e par la Cour de Cassation.<\/p>\n<hr \/>\n<p><a href=\"#_ftnref1\" name=\"_ftn1\"><\/a><\/p>\n<blockquote class=\"td_quote_box td_box_left\">\n<p>(1)\u00a0 https:\/\/www.conseil-etat.fr\/tribunaux-cours\/la-juridiction-administrative<\/p>\n<p>(2) Conseil d&rsquo;\u00c9tat, 5\u00e8me chambre, 14\/06\/2021, 436108 pour la rente accident du travail et Conseil d&rsquo;\u00c9tat, 5\u00e8me chambre, 06\/08\/2021, 439050 pour la pension d\u2019invalidit\u00e9<\/p>\n<p>(3) Articles L. 341-1 du code de la s\u00e9curit\u00e9 sociale pour la pension d\u2019invalidit\u00e9 et L. 431-1 pour la rente accident du travail<\/p>\n<p>(4) Articles R. 341-4 du code de la s\u00e9curit\u00e9 sociale pour la pension d&rsquo;invalidit\u00e9 et L. 434-1 pour la rente accident du travail<\/p>\n<p>(5) https:\/\/www.legifrance.gouv.fr\/codes\/section_lc\/LEGITEXT000006071164\/LEGISCTA000006138027\/<\/p>\n<p>(6) Cass. Civ 2e, 24 mai 2018, n\u00b0 17-18.980 pour la pension d\u2019invalidit\u00e9 et Cass Civ 2e, 3 juin 2013 n\u00b012-10.145 pour la rente accident du travail<\/p>\n<p>(7) Incidence professionnelle hors perte de chance de promotion professionnelle Cass. Civ 2e, 7 nov. 2019, n\u00b0 18-21.612<\/p>\n<\/blockquote>\n<\/div><div class=\"fusion-clearfix\"><\/div>\n\n\t\t\t\t\t<\/div>\n\t\t\t\t<\/div><\/div><\/div>\n","protected":false},"excerpt":{"rendered":"","protected":false},"author":2,"featured_media":0,"comment_status":"open","ping_status":"open","sticky":false,"template":"","format":"standard","meta":{"footnotes":""},"categories":[93],"tags":[],"class_list":["post-8072","post","type-post","status-publish","format-standard","hentry","category-actualites"],"yoast_head":"<!-- This site is optimized with the Yoast SEO Premium plugin v23.4 (Yoast SEO v27.4) - https:\/\/yoast.com\/product\/yoast-seo-premium-wordpress\/ -->\n<title>Zoom sur l\u2019imputation des prestations - Avocat indemnisation de victimes<\/title>\n<meta name=\"description\" content=\"Zoom sur l&#039;imputation des prestations : comprendre l&#039;impact sur l&#039;indemnisation et les droits des victimes.\" \/>\n<meta name=\"robots\" content=\"index, follow, max-snippet:-1, max-image-preview:large, max-video-preview:-1\" \/>\n<link rel=\"canonical\" href=\"https:\/\/guillermou-avocats.fr\/fr\/actualites\/zoom-sur-limputation-des-prestations\" \/>\n<meta property=\"og:locale\" content=\"fr_FR\" \/>\n<meta property=\"og:type\" content=\"article\" \/>\n<meta property=\"og:title\" content=\"Zoom sur l\u2019imputation des prestations - Avocat indemnisation de victimes\" \/>\n<meta property=\"og:description\" content=\"Zoom sur l&#039;imputation des prestations : comprendre l&#039;impact sur l&#039;indemnisation et les droits des victimes.\" \/>\n<meta property=\"og:url\" content=\"https:\/\/guillermou-avocats.fr\/fr\/actualites\/zoom-sur-limputation-des-prestations\" \/>\n<meta property=\"og:site_name\" content=\"Avocat indemnisation de victimes\" \/>\n<meta property=\"article:publisher\" content=\"https:\/\/www.facebook.com\/emericguillermou\/\" \/>\n<meta property=\"article:published_time\" content=\"2021-09-22T09:54:54+00:00\" \/>\n<meta property=\"article:modified_time\" content=\"2024-12-30T17:19:27+00:00\" \/>\n<meta name=\"author\" content=\"Proxima\" \/>\n<meta name=\"twitter:card\" content=\"summary_large_image\" \/>\n<meta name=\"twitter:creator\" content=\"@eguillermou\" \/>\n<meta name=\"twitter:site\" content=\"@eguillermou\" \/>\n<meta name=\"twitter:label1\" content=\"\u00c9crit par\" \/>\n\t<meta name=\"twitter:data1\" content=\"Proxima\" \/>\n\t<meta name=\"twitter:label2\" content=\"Dur\u00e9e de lecture estim\u00e9e\" \/>\n\t<meta name=\"twitter:data2\" content=\"3 minutes\" \/>\n<script type=\"application\/ld+json\" class=\"yoast-schema-graph\">{\"@context\":\"https:\\\/\\\/schema.org\",\"@graph\":[{\"@type\":\"Article\",\"@id\":\"https:\\\/\\\/guillermou-avocats.fr\\\/fr\\\/actualites\\\/zoom-sur-limputation-des-prestations#article\",\"isPartOf\":{\"@id\":\"https:\\\/\\\/guillermou-avocats.fr\\\/fr\\\/actualites\\\/zoom-sur-limputation-des-prestations\"},\"author\":{\"name\":\"Proxima\",\"@id\":\"https:\\\/\\\/proxima2023.okoumea.com\\\/fr\\\/#\\\/schema\\\/person\\\/76485fc47f1ebece06bb555d9824cae0\"},\"headline\":\"Zoom sur l\u2019imputation des prestations\",\"datePublished\":\"2021-09-22T09:54:54+00:00\",\"dateModified\":\"2024-12-30T17:19:27+00:00\",\"mainEntityOfPage\":{\"@id\":\"https:\\\/\\\/guillermou-avocats.fr\\\/fr\\\/actualites\\\/zoom-sur-limputation-des-prestations\"},\"wordCount\":836,\"commentCount\":0,\"publisher\":{\"@id\":\"https:\\\/\\\/proxima2023.okoumea.com\\\/fr\\\/#organization\"},\"articleSection\":[\"actualit\u00e9s\"],\"inLanguage\":\"fr-FR\",\"potentialAction\":[{\"@type\":\"CommentAction\",\"name\":\"Comment\",\"target\":[\"https:\\\/\\\/guillermou-avocats.fr\\\/fr\\\/actualites\\\/zoom-sur-limputation-des-prestations#respond\"]}]},{\"@type\":\"WebPage\",\"@id\":\"https:\\\/\\\/guillermou-avocats.fr\\\/fr\\\/actualites\\\/zoom-sur-limputation-des-prestations\",\"url\":\"https:\\\/\\\/guillermou-avocats.fr\\\/fr\\\/actualites\\\/zoom-sur-limputation-des-prestations\",\"name\":\"Zoom sur l\u2019imputation des prestations - Avocat indemnisation de victimes\",\"isPartOf\":{\"@id\":\"https:\\\/\\\/proxima2023.okoumea.com\\\/fr\\\/#website\"},\"datePublished\":\"2021-09-22T09:54:54+00:00\",\"dateModified\":\"2024-12-30T17:19:27+00:00\",\"description\":\"Zoom sur l'imputation des prestations : comprendre l'impact sur l'indemnisation et les droits des victimes.\",\"inLanguage\":\"fr-FR\",\"potentialAction\":[{\"@type\":\"ReadAction\",\"target\":[\"https:\\\/\\\/guillermou-avocats.fr\\\/fr\\\/actualites\\\/zoom-sur-limputation-des-prestations\"]}]},{\"@type\":\"WebSite\",\"@id\":\"https:\\\/\\\/proxima2023.okoumea.com\\\/fr\\\/#website\",\"url\":\"https:\\\/\\\/proxima2023.okoumea.com\\\/fr\\\/\",\"name\":\"Proxima - Avocats indemnisation de victimes\",\"description\":\"Chaque jour est un nouveau cap \u00e0 franchir ensemble\",\"publisher\":{\"@id\":\"https:\\\/\\\/proxima2023.okoumea.com\\\/fr\\\/#organization\"},\"potentialAction\":[{\"@type\":\"SearchAction\",\"target\":{\"@type\":\"EntryPoint\",\"urlTemplate\":\"https:\\\/\\\/proxima2023.okoumea.com\\\/fr\\\/?s={search_term_string}\"},\"query-input\":{\"@type\":\"PropertyValueSpecification\",\"valueRequired\":true,\"valueName\":\"search_term_string\"}}],\"inLanguage\":\"fr-FR\"},{\"@type\":\"Organization\",\"@id\":\"https:\\\/\\\/proxima2023.okoumea.com\\\/fr\\\/#organization\",\"name\":\"CABINET PROXIMA GUILLERMOU AVOCATS\",\"url\":\"https:\\\/\\\/proxima2023.okoumea.com\\\/fr\\\/\",\"logo\":{\"@type\":\"ImageObject\",\"inLanguage\":\"fr-FR\",\"@id\":\"https:\\\/\\\/proxima2023.okoumea.com\\\/fr\\\/#\\\/schema\\\/logo\\\/image\\\/\",\"url\":\"https:\\\/\\\/guillermou-avocats.fr\\\/wp-content\\\/uploads\\\/2024\\\/08\\\/2Fichier-12ProximaLogox1.png\",\"contentUrl\":\"https:\\\/\\\/guillermou-avocats.fr\\\/wp-content\\\/uploads\\\/2024\\\/08\\\/2Fichier-12ProximaLogox1.png\",\"width\":836,\"height\":825,\"caption\":\"CABINET PROXIMA GUILLERMOU AVOCATS\"},\"image\":{\"@id\":\"https:\\\/\\\/proxima2023.okoumea.com\\\/fr\\\/#\\\/schema\\\/logo\\\/image\\\/\"},\"sameAs\":[\"https:\\\/\\\/www.facebook.com\\\/emericguillermou\\\/\",\"https:\\\/\\\/x.com\\\/eguillermou\",\"https:\\\/\\\/fr.linkedin.com\\\/in\\\/emeric-guillermou-6a4b9bb6\",\"https:\\\/\\\/www.youtube.com\\\/@emericguillermou9412\"]},{\"@type\":\"Person\",\"@id\":\"https:\\\/\\\/proxima2023.okoumea.com\\\/fr\\\/#\\\/schema\\\/person\\\/76485fc47f1ebece06bb555d9824cae0\",\"name\":\"Proxima\",\"image\":{\"@type\":\"ImageObject\",\"inLanguage\":\"fr-FR\",\"@id\":\"https:\\\/\\\/secure.gravatar.com\\\/avatar\\\/1a9a201a1fcd5f2ecbfa35b383607d569af4cffda10e358211dbcb32e8d758cc?s=96&d=mm&r=g\",\"url\":\"https:\\\/\\\/secure.gravatar.com\\\/avatar\\\/1a9a201a1fcd5f2ecbfa35b383607d569af4cffda10e358211dbcb32e8d758cc?s=96&d=mm&r=g\",\"contentUrl\":\"https:\\\/\\\/secure.gravatar.com\\\/avatar\\\/1a9a201a1fcd5f2ecbfa35b383607d569af4cffda10e358211dbcb32e8d758cc?s=96&d=mm&r=g\",\"caption\":\"Proxima\"},\"description\":\"Avocat Indemnisation de victimes Emeric GUILLERMOU\",\"url\":\"https:\\\/\\\/guillermou-avocats.fr\\\/fr\\\/author\\\/proxima\"}]}<\/script>\n<!-- \/ Yoast SEO Premium plugin. -->","yoast_head_json":{"title":"Zoom sur l\u2019imputation des prestations - Avocat indemnisation de victimes","description":"Zoom sur l'imputation des prestations : comprendre l'impact sur l'indemnisation et les droits des victimes.","robots":{"index":"index","follow":"follow","max-snippet":"max-snippet:-1","max-image-preview":"max-image-preview:large","max-video-preview":"max-video-preview:-1"},"canonical":"https:\/\/guillermou-avocats.fr\/fr\/actualites\/zoom-sur-limputation-des-prestations","og_locale":"fr_FR","og_type":"article","og_title":"Zoom sur l\u2019imputation des prestations - Avocat indemnisation de victimes","og_description":"Zoom sur l'imputation des prestations : comprendre l'impact sur l'indemnisation et les droits des victimes.","og_url":"https:\/\/guillermou-avocats.fr\/fr\/actualites\/zoom-sur-limputation-des-prestations","og_site_name":"Avocat indemnisation de victimes","article_publisher":"https:\/\/www.facebook.com\/emericguillermou\/","article_published_time":"2021-09-22T09:54:54+00:00","article_modified_time":"2024-12-30T17:19:27+00:00","author":"Proxima","twitter_card":"summary_large_image","twitter_creator":"@eguillermou","twitter_site":"@eguillermou","twitter_misc":{"\u00c9crit par":"Proxima","Dur\u00e9e de lecture estim\u00e9e":"3 minutes"},"schema":{"@context":"https:\/\/schema.org","@graph":[{"@type":"Article","@id":"https:\/\/guillermou-avocats.fr\/fr\/actualites\/zoom-sur-limputation-des-prestations#article","isPartOf":{"@id":"https:\/\/guillermou-avocats.fr\/fr\/actualites\/zoom-sur-limputation-des-prestations"},"author":{"name":"Proxima","@id":"https:\/\/proxima2023.okoumea.com\/fr\/#\/schema\/person\/76485fc47f1ebece06bb555d9824cae0"},"headline":"Zoom sur l\u2019imputation des prestations","datePublished":"2021-09-22T09:54:54+00:00","dateModified":"2024-12-30T17:19:27+00:00","mainEntityOfPage":{"@id":"https:\/\/guillermou-avocats.fr\/fr\/actualites\/zoom-sur-limputation-des-prestations"},"wordCount":836,"commentCount":0,"publisher":{"@id":"https:\/\/proxima2023.okoumea.com\/fr\/#organization"},"articleSection":["actualit\u00e9s"],"inLanguage":"fr-FR","potentialAction":[{"@type":"CommentAction","name":"Comment","target":["https:\/\/guillermou-avocats.fr\/fr\/actualites\/zoom-sur-limputation-des-prestations#respond"]}]},{"@type":"WebPage","@id":"https:\/\/guillermou-avocats.fr\/fr\/actualites\/zoom-sur-limputation-des-prestations","url":"https:\/\/guillermou-avocats.fr\/fr\/actualites\/zoom-sur-limputation-des-prestations","name":"Zoom sur l\u2019imputation des prestations - Avocat indemnisation de victimes","isPartOf":{"@id":"https:\/\/proxima2023.okoumea.com\/fr\/#website"},"datePublished":"2021-09-22T09:54:54+00:00","dateModified":"2024-12-30T17:19:27+00:00","description":"Zoom sur l'imputation des prestations : comprendre l'impact sur l'indemnisation et les droits des victimes.","inLanguage":"fr-FR","potentialAction":[{"@type":"ReadAction","target":["https:\/\/guillermou-avocats.fr\/fr\/actualites\/zoom-sur-limputation-des-prestations"]}]},{"@type":"WebSite","@id":"https:\/\/proxima2023.okoumea.com\/fr\/#website","url":"https:\/\/proxima2023.okoumea.com\/fr\/","name":"Proxima - Avocats indemnisation de victimes","description":"Chaque jour est un nouveau cap \u00e0 franchir ensemble","publisher":{"@id":"https:\/\/proxima2023.okoumea.com\/fr\/#organization"},"potentialAction":[{"@type":"SearchAction","target":{"@type":"EntryPoint","urlTemplate":"https:\/\/proxima2023.okoumea.com\/fr\/?s={search_term_string}"},"query-input":{"@type":"PropertyValueSpecification","valueRequired":true,"valueName":"search_term_string"}}],"inLanguage":"fr-FR"},{"@type":"Organization","@id":"https:\/\/proxima2023.okoumea.com\/fr\/#organization","name":"CABINET PROXIMA GUILLERMOU AVOCATS","url":"https:\/\/proxima2023.okoumea.com\/fr\/","logo":{"@type":"ImageObject","inLanguage":"fr-FR","@id":"https:\/\/proxima2023.okoumea.com\/fr\/#\/schema\/logo\/image\/","url":"https:\/\/guillermou-avocats.fr\/wp-content\/uploads\/2024\/08\/2Fichier-12ProximaLogox1.png","contentUrl":"https:\/\/guillermou-avocats.fr\/wp-content\/uploads\/2024\/08\/2Fichier-12ProximaLogox1.png","width":836,"height":825,"caption":"CABINET PROXIMA GUILLERMOU AVOCATS"},"image":{"@id":"https:\/\/proxima2023.okoumea.com\/fr\/#\/schema\/logo\/image\/"},"sameAs":["https:\/\/www.facebook.com\/emericguillermou\/","https:\/\/x.com\/eguillermou","https:\/\/fr.linkedin.com\/in\/emeric-guillermou-6a4b9bb6","https:\/\/www.youtube.com\/@emericguillermou9412"]},{"@type":"Person","@id":"https:\/\/proxima2023.okoumea.com\/fr\/#\/schema\/person\/76485fc47f1ebece06bb555d9824cae0","name":"Proxima","image":{"@type":"ImageObject","inLanguage":"fr-FR","@id":"https:\/\/secure.gravatar.com\/avatar\/1a9a201a1fcd5f2ecbfa35b383607d569af4cffda10e358211dbcb32e8d758cc?s=96&d=mm&r=g","url":"https:\/\/secure.gravatar.com\/avatar\/1a9a201a1fcd5f2ecbfa35b383607d569af4cffda10e358211dbcb32e8d758cc?s=96&d=mm&r=g","contentUrl":"https:\/\/secure.gravatar.com\/avatar\/1a9a201a1fcd5f2ecbfa35b383607d569af4cffda10e358211dbcb32e8d758cc?s=96&d=mm&r=g","caption":"Proxima"},"description":"Avocat Indemnisation de victimes Emeric GUILLERMOU","url":"https:\/\/guillermou-avocats.fr\/fr\/author\/proxima"}]}},"_links":{"self":[{"href":"https:\/\/guillermou-avocats.fr\/fr\/wp-json\/wp\/v2\/posts\/8072","targetHints":{"allow":["GET"]}}],"collection":[{"href":"https:\/\/guillermou-avocats.fr\/fr\/wp-json\/wp\/v2\/posts"}],"about":[{"href":"https:\/\/guillermou-avocats.fr\/fr\/wp-json\/wp\/v2\/types\/post"}],"author":[{"embeddable":true,"href":"https:\/\/guillermou-avocats.fr\/fr\/wp-json\/wp\/v2\/users\/2"}],"replies":[{"embeddable":true,"href":"https:\/\/guillermou-avocats.fr\/fr\/wp-json\/wp\/v2\/comments?post=8072"}],"version-history":[{"count":5,"href":"https:\/\/guillermou-avocats.fr\/fr\/wp-json\/wp\/v2\/posts\/8072\/revisions"}],"predecessor-version":[{"id":8077,"href":"https:\/\/guillermou-avocats.fr\/fr\/wp-json\/wp\/v2\/posts\/8072\/revisions\/8077"}],"wp:attachment":[{"href":"https:\/\/guillermou-avocats.fr\/fr\/wp-json\/wp\/v2\/media?parent=8072"}],"wp:term":[{"taxonomy":"category","embeddable":true,"href":"https:\/\/guillermou-avocats.fr\/fr\/wp-json\/wp\/v2\/categories?post=8072"},{"taxonomy":"post_tag","embeddable":true,"href":"https:\/\/guillermou-avocats.fr\/fr\/wp-json\/wp\/v2\/tags?post=8072"}],"curies":[{"name":"wp","href":"https:\/\/api.w.org\/{rel}","templated":true}]}}