{"id":8028,"date":"2021-05-03T16:30:29","date_gmt":"2021-05-03T14:30:29","guid":{"rendered":"https:\/\/guillermou-avocats.fr\/?p=8028"},"modified":"2024-12-30T18:20:07","modified_gmt":"2024-12-30T17:20:07","slug":"et-si-le-bcriv-devait-etre-reevalue","status":"publish","type":"post","link":"https:\/\/guillermou-avocats.fr\/fr\/actualites\/et-si-le-bcriv-devait-etre-reevalue","title":{"rendered":"Et si le BCRIV devait \u00eatre r\u00e9\u00e9valu\u00e9 ?"},"content":{"rendered":"<div class=\"fusion-fullwidth fullwidth-box nonhundred-percent-fullwidth non-hundred-percent-height-scrolling\"  style='background-color: rgba(255,255,255,0);background-position: center center;background-repeat: no-repeat;padding-top:0px;padding-right:0px;padding-bottom:0px;padding-left:0px;'><div class=\"fusion-builder-row fusion-row \"><div  class=\"fusion-layout-column fusion_builder_column fusion_builder_column_1_1  fusion-one-full fusion-column-first fusion-column-last 1_1\"  style='margin-top:0px;margin-bottom:20px;'>\n\t\t\t\t\t<div class=\"fusion-column-wrapper\" style=\"padding: 0px 0px 0px 0px;background-position:left top;background-repeat:no-repeat;-webkit-background-size:cover;-moz-background-size:cover;-o-background-size:cover;background-size:cover;\"  data-bg-url=\"\">\n\t\t\t\t\t\t<div class=\"fusion-text\"><p>Capitaliser les pr\u00e9judices sur la base du bar\u00e8me \u00ab\u00a0Gazette du Palais 2020\u00a0\u00bb ou sur la base du \u00ab\u00a0BCRIV 2018\u00a0\u00bb\u00a0? Telle est l\u2019\u00e9pineuse question pos\u00e9e aux juridictions.<\/p>\n<p>Nombreuses sont d\u00e9sormais les Cours d\u2019Appel <em><strong>[1]<\/strong><\/em> qui plaident en faveur de l\u2019application du bar\u00e8me 2020 au motif que les tables de mortalit\u00e9 utilis\u00e9es par cette version du bar\u00e8me sont plus r\u00e9centes que celles utilis\u00e9es par le BCRIV 2018.<\/p>\n<p>En effet, si le BCRIV 2018 est bas\u00e9 sur les tables de mortalit\u00e9 de l&rsquo;INSEE 2010-2012, la version 2020 du bar\u00e8me de la Gazette du Palais applique les derni\u00e8res tables publi\u00e9es \u00e0 ce jour \u00e0 savoir les tables 2014-2016.<\/p>\n<p>Mais cet argument ne devrait pas \u00eatre le seul \u00e0 emporter la conviction des magistrats\u2026<\/p>\n<p>Il pourrait \u00eatre pertinent de s\u2019int\u00e9resser aux cons\u00e9quences d\u2019une actualisation du BCRIV\u00a0sur la base de sa propre m\u00e9thodologie appliqu\u00e9e en 2018.<\/p>\n<p>Pour ce faire, une analyse des \u00e9volutions de la courbe EIOPA (largement pl\u00e9biscit\u00e9e par les assureurs dans la m\u00e9thodologie de calcul du BCRIV pour son gage de s\u00e9curit\u00e9, d\u2019ind\u00e9pendance et de cr\u00e9dibilit\u00e9) s\u2019impose.<\/p>\n<p>Pour rappel, les taux retenus pour le BCRIV 2018 sont ceux de l\u2019ann\u00e9e 2017 correspondant \u00e0 la moyenne des taux mensuels du 1<sup>er<\/sup> d\u00e9cembre 2016 au 30 novembre 2017.<\/p>\n<p>Selon une<strong> <a href=\"https:\/\/acpr.banque-france.fr\/la-situation-des-assureurs-soumis-solvabilite-ii-en-france-au-premier-semestre-2019\" target=\"_blank\" rel=\"noopener\">analyse de l\u2019ACPR<\/a><\/strong><a href=\"#_ftn2\" name=\"_ftnref2\"><\/a> (Autorit\u00e9 de contr\u00f4le prudentiel et de r\u00e9solution), le premier semestre 2019 a connu une nouvelle baisse prononc\u00e9e des taux d\u2019int\u00e9r\u00eat qui s\u2019est r\u00e9percut\u00e9e sur la courbe des taux sans risque publi\u00e9e par EIOPA. L\u2019ann\u00e9e 2020 n\u2019a pas non plus \u00e9t\u00e9 \u00e9pargn\u00e9e en raison de la crise sanitaire mondiale.<\/p>\n<p>Cette nette baisse interroge sur ce que serait le prix d\u2019euro de rente d\u2019un BCRIV 2020\u00a0ou 2021 bas\u00e9 sur ces nouveaux taux d\u2019int\u00e9r\u00eats et sur les nouvelles donn\u00e9es d\u00e9mographiques et ce, sans m\u00eame \u00e9voquer le taux d\u2019inflation qui lui aussi a connu une nette \u00e9volution\u00a0<em><strong>[2]<\/strong><\/em> en la d\u00e9faveur du consommateur.<\/p>\n<hr \/>\n<p>[1] Exemples\u00a0: Cour d&rsquo;appel de Paris &#8211; P\u00f4le 04 ch. 11, 4 janvier 2021 n\u00b0 18\/23582\u00a0; Cour d&rsquo;appel de Nancy &#8211; ch. civile 02, 11 f\u00e9vrier 2021 n\u00b0 20\/02034<\/p>\n<p>[2] Pour rappel\u00a0: le BCRIV utilise moyenne de l\u2019inflation des ann\u00e9es 2015 \u00e0 2017 soit 0,4%<\/p>\n<\/div><div class=\"fusion-clearfix\"><\/div>\n\n\t\t\t\t\t<\/div>\n\t\t\t\t<\/div><\/div><\/div>\n","protected":false},"excerpt":{"rendered":"","protected":false},"author":2,"featured_media":0,"comment_status":"open","ping_status":"open","sticky":false,"template":"","format":"standard","meta":{"footnotes":""},"categories":[93],"tags":[],"class_list":["post-8028","post","type-post","status-publish","format-standard","hentry","category-actualites"],"yoast_head":"<!-- This site is optimized with the Yoast SEO Premium plugin v23.4 (Yoast SEO v27.4) - https:\/\/yoast.com\/product\/yoast-seo-premium-wordpress\/ -->\n<title>Et si le BCRIV devait \u00eatre r\u00e9\u00e9valu\u00e9 ? - Avocat indemnisation de victimes<\/title>\n<meta name=\"description\" content=\"Et si le BCRIV devait \u00eatre r\u00e9\u00e9valu\u00e9 ? Analyse des implications pour les victimes et les ajustements n\u00e9cessaires.\" \/>\n<meta name=\"robots\" content=\"index, follow, max-snippet:-1, max-image-preview:large, max-video-preview:-1\" \/>\n<link rel=\"canonical\" href=\"https:\/\/guillermou-avocats.fr\/fr\/actualites\/et-si-le-bcriv-devait-etre-reevalue\" \/>\n<meta property=\"og:locale\" content=\"fr_FR\" \/>\n<meta property=\"og:type\" content=\"article\" \/>\n<meta property=\"og:title\" content=\"Et si le BCRIV devait \u00eatre r\u00e9\u00e9valu\u00e9 ? - Avocat indemnisation de victimes\" \/>\n<meta property=\"og:description\" content=\"Et si le BCRIV devait \u00eatre r\u00e9\u00e9valu\u00e9 ? Analyse des implications pour les victimes et les ajustements n\u00e9cessaires.\" \/>\n<meta property=\"og:url\" content=\"https:\/\/guillermou-avocats.fr\/fr\/actualites\/et-si-le-bcriv-devait-etre-reevalue\" \/>\n<meta property=\"og:site_name\" content=\"Avocat indemnisation de victimes\" \/>\n<meta property=\"article:publisher\" content=\"https:\/\/www.facebook.com\/emericguillermou\/\" \/>\n<meta property=\"article:published_time\" content=\"2021-05-03T14:30:29+00:00\" \/>\n<meta property=\"article:modified_time\" content=\"2024-12-30T17:20:07+00:00\" \/>\n<meta name=\"author\" content=\"Proxima\" \/>\n<meta name=\"twitter:card\" content=\"summary_large_image\" \/>\n<meta name=\"twitter:creator\" content=\"@eguillermou\" \/>\n<meta name=\"twitter:site\" content=\"@eguillermou\" \/>\n<meta name=\"twitter:label1\" content=\"\u00c9crit par\" \/>\n\t<meta name=\"twitter:data1\" content=\"Proxima\" \/>\n\t<meta name=\"twitter:label2\" content=\"Dur\u00e9e de lecture estim\u00e9e\" \/>\n\t<meta name=\"twitter:data2\" content=\"3 minutes\" \/>\n<script type=\"application\/ld+json\" class=\"yoast-schema-graph\">{\"@context\":\"https:\\\/\\\/schema.org\",\"@graph\":[{\"@type\":\"Article\",\"@id\":\"https:\\\/\\\/guillermou-avocats.fr\\\/fr\\\/actualites\\\/et-si-le-bcriv-devait-etre-reevalue#article\",\"isPartOf\":{\"@id\":\"https:\\\/\\\/guillermou-avocats.fr\\\/fr\\\/actualites\\\/et-si-le-bcriv-devait-etre-reevalue\"},\"author\":{\"name\":\"Proxima\",\"@id\":\"https:\\\/\\\/proxima2023.okoumea.com\\\/fr\\\/#\\\/schema\\\/person\\\/76485fc47f1ebece06bb555d9824cae0\"},\"headline\":\"Et si le BCRIV devait \u00eatre r\u00e9\u00e9valu\u00e9 ?\",\"datePublished\":\"2021-05-03T14:30:29+00:00\",\"dateModified\":\"2024-12-30T17:20:07+00:00\",\"mainEntityOfPage\":{\"@id\":\"https:\\\/\\\/guillermou-avocats.fr\\\/fr\\\/actualites\\\/et-si-le-bcriv-devait-etre-reevalue\"},\"wordCount\":596,\"commentCount\":0,\"publisher\":{\"@id\":\"https:\\\/\\\/proxima2023.okoumea.com\\\/fr\\\/#organization\"},\"articleSection\":[\"actualit\u00e9s\"],\"inLanguage\":\"fr-FR\",\"potentialAction\":[{\"@type\":\"CommentAction\",\"name\":\"Comment\",\"target\":[\"https:\\\/\\\/guillermou-avocats.fr\\\/fr\\\/actualites\\\/et-si-le-bcriv-devait-etre-reevalue#respond\"]}]},{\"@type\":\"WebPage\",\"@id\":\"https:\\\/\\\/guillermou-avocats.fr\\\/fr\\\/actualites\\\/et-si-le-bcriv-devait-etre-reevalue\",\"url\":\"https:\\\/\\\/guillermou-avocats.fr\\\/fr\\\/actualites\\\/et-si-le-bcriv-devait-etre-reevalue\",\"name\":\"Et si le BCRIV devait \u00eatre r\u00e9\u00e9valu\u00e9 ? - Avocat indemnisation de victimes\",\"isPartOf\":{\"@id\":\"https:\\\/\\\/proxima2023.okoumea.com\\\/fr\\\/#website\"},\"datePublished\":\"2021-05-03T14:30:29+00:00\",\"dateModified\":\"2024-12-30T17:20:07+00:00\",\"description\":\"Et si le BCRIV devait \u00eatre r\u00e9\u00e9valu\u00e9 ? Analyse des implications pour les victimes et les ajustements n\u00e9cessaires.\",\"inLanguage\":\"fr-FR\",\"potentialAction\":[{\"@type\":\"ReadAction\",\"target\":[\"https:\\\/\\\/guillermou-avocats.fr\\\/fr\\\/actualites\\\/et-si-le-bcriv-devait-etre-reevalue\"]}]},{\"@type\":\"WebSite\",\"@id\":\"https:\\\/\\\/proxima2023.okoumea.com\\\/fr\\\/#website\",\"url\":\"https:\\\/\\\/proxima2023.okoumea.com\\\/fr\\\/\",\"name\":\"Proxima - Avocats indemnisation de victimes\",\"description\":\"Chaque jour est un nouveau cap \u00e0 franchir ensemble\",\"publisher\":{\"@id\":\"https:\\\/\\\/proxima2023.okoumea.com\\\/fr\\\/#organization\"},\"potentialAction\":[{\"@type\":\"SearchAction\",\"target\":{\"@type\":\"EntryPoint\",\"urlTemplate\":\"https:\\\/\\\/proxima2023.okoumea.com\\\/fr\\\/?s={search_term_string}\"},\"query-input\":{\"@type\":\"PropertyValueSpecification\",\"valueRequired\":true,\"valueName\":\"search_term_string\"}}],\"inLanguage\":\"fr-FR\"},{\"@type\":\"Organization\",\"@id\":\"https:\\\/\\\/proxima2023.okoumea.com\\\/fr\\\/#organization\",\"name\":\"CABINET PROXIMA GUILLERMOU AVOCATS\",\"url\":\"https:\\\/\\\/proxima2023.okoumea.com\\\/fr\\\/\",\"logo\":{\"@type\":\"ImageObject\",\"inLanguage\":\"fr-FR\",\"@id\":\"https:\\\/\\\/proxima2023.okoumea.com\\\/fr\\\/#\\\/schema\\\/logo\\\/image\\\/\",\"url\":\"https:\\\/\\\/guillermou-avocats.fr\\\/wp-content\\\/uploads\\\/2024\\\/08\\\/2Fichier-12ProximaLogox1.png\",\"contentUrl\":\"https:\\\/\\\/guillermou-avocats.fr\\\/wp-content\\\/uploads\\\/2024\\\/08\\\/2Fichier-12ProximaLogox1.png\",\"width\":836,\"height\":825,\"caption\":\"CABINET PROXIMA GUILLERMOU AVOCATS\"},\"image\":{\"@id\":\"https:\\\/\\\/proxima2023.okoumea.com\\\/fr\\\/#\\\/schema\\\/logo\\\/image\\\/\"},\"sameAs\":[\"https:\\\/\\\/www.facebook.com\\\/emericguillermou\\\/\",\"https:\\\/\\\/x.com\\\/eguillermou\",\"https:\\\/\\\/fr.linkedin.com\\\/in\\\/emeric-guillermou-6a4b9bb6\",\"https:\\\/\\\/www.youtube.com\\\/@emericguillermou9412\"]},{\"@type\":\"Person\",\"@id\":\"https:\\\/\\\/proxima2023.okoumea.com\\\/fr\\\/#\\\/schema\\\/person\\\/76485fc47f1ebece06bb555d9824cae0\",\"name\":\"Proxima\",\"image\":{\"@type\":\"ImageObject\",\"inLanguage\":\"fr-FR\",\"@id\":\"https:\\\/\\\/secure.gravatar.com\\\/avatar\\\/1a9a201a1fcd5f2ecbfa35b383607d569af4cffda10e358211dbcb32e8d758cc?s=96&d=mm&r=g\",\"url\":\"https:\\\/\\\/secure.gravatar.com\\\/avatar\\\/1a9a201a1fcd5f2ecbfa35b383607d569af4cffda10e358211dbcb32e8d758cc?s=96&d=mm&r=g\",\"contentUrl\":\"https:\\\/\\\/secure.gravatar.com\\\/avatar\\\/1a9a201a1fcd5f2ecbfa35b383607d569af4cffda10e358211dbcb32e8d758cc?s=96&d=mm&r=g\",\"caption\":\"Proxima\"},\"description\":\"Avocat Indemnisation de victimes Emeric GUILLERMOU\",\"url\":\"https:\\\/\\\/guillermou-avocats.fr\\\/fr\\\/author\\\/proxima\"}]}<\/script>\n<!-- \/ Yoast SEO Premium plugin. -->","yoast_head_json":{"title":"Et si le BCRIV devait \u00eatre r\u00e9\u00e9valu\u00e9 ? - Avocat indemnisation de victimes","description":"Et si le BCRIV devait \u00eatre r\u00e9\u00e9valu\u00e9 ? Analyse des implications pour les victimes et les ajustements n\u00e9cessaires.","robots":{"index":"index","follow":"follow","max-snippet":"max-snippet:-1","max-image-preview":"max-image-preview:large","max-video-preview":"max-video-preview:-1"},"canonical":"https:\/\/guillermou-avocats.fr\/fr\/actualites\/et-si-le-bcriv-devait-etre-reevalue","og_locale":"fr_FR","og_type":"article","og_title":"Et si le BCRIV devait \u00eatre r\u00e9\u00e9valu\u00e9 ? - Avocat indemnisation de victimes","og_description":"Et si le BCRIV devait \u00eatre r\u00e9\u00e9valu\u00e9 ? Analyse des implications pour les victimes et les ajustements n\u00e9cessaires.","og_url":"https:\/\/guillermou-avocats.fr\/fr\/actualites\/et-si-le-bcriv-devait-etre-reevalue","og_site_name":"Avocat indemnisation de victimes","article_publisher":"https:\/\/www.facebook.com\/emericguillermou\/","article_published_time":"2021-05-03T14:30:29+00:00","article_modified_time":"2024-12-30T17:20:07+00:00","author":"Proxima","twitter_card":"summary_large_image","twitter_creator":"@eguillermou","twitter_site":"@eguillermou","twitter_misc":{"\u00c9crit par":"Proxima","Dur\u00e9e de lecture estim\u00e9e":"3 minutes"},"schema":{"@context":"https:\/\/schema.org","@graph":[{"@type":"Article","@id":"https:\/\/guillermou-avocats.fr\/fr\/actualites\/et-si-le-bcriv-devait-etre-reevalue#article","isPartOf":{"@id":"https:\/\/guillermou-avocats.fr\/fr\/actualites\/et-si-le-bcriv-devait-etre-reevalue"},"author":{"name":"Proxima","@id":"https:\/\/proxima2023.okoumea.com\/fr\/#\/schema\/person\/76485fc47f1ebece06bb555d9824cae0"},"headline":"Et si le BCRIV devait \u00eatre r\u00e9\u00e9valu\u00e9 ?","datePublished":"2021-05-03T14:30:29+00:00","dateModified":"2024-12-30T17:20:07+00:00","mainEntityOfPage":{"@id":"https:\/\/guillermou-avocats.fr\/fr\/actualites\/et-si-le-bcriv-devait-etre-reevalue"},"wordCount":596,"commentCount":0,"publisher":{"@id":"https:\/\/proxima2023.okoumea.com\/fr\/#organization"},"articleSection":["actualit\u00e9s"],"inLanguage":"fr-FR","potentialAction":[{"@type":"CommentAction","name":"Comment","target":["https:\/\/guillermou-avocats.fr\/fr\/actualites\/et-si-le-bcriv-devait-etre-reevalue#respond"]}]},{"@type":"WebPage","@id":"https:\/\/guillermou-avocats.fr\/fr\/actualites\/et-si-le-bcriv-devait-etre-reevalue","url":"https:\/\/guillermou-avocats.fr\/fr\/actualites\/et-si-le-bcriv-devait-etre-reevalue","name":"Et si le BCRIV devait \u00eatre r\u00e9\u00e9valu\u00e9 ? - Avocat indemnisation de victimes","isPartOf":{"@id":"https:\/\/proxima2023.okoumea.com\/fr\/#website"},"datePublished":"2021-05-03T14:30:29+00:00","dateModified":"2024-12-30T17:20:07+00:00","description":"Et si le BCRIV devait \u00eatre r\u00e9\u00e9valu\u00e9 ? Analyse des implications pour les victimes et les ajustements n\u00e9cessaires.","inLanguage":"fr-FR","potentialAction":[{"@type":"ReadAction","target":["https:\/\/guillermou-avocats.fr\/fr\/actualites\/et-si-le-bcriv-devait-etre-reevalue"]}]},{"@type":"WebSite","@id":"https:\/\/proxima2023.okoumea.com\/fr\/#website","url":"https:\/\/proxima2023.okoumea.com\/fr\/","name":"Proxima - Avocats indemnisation de victimes","description":"Chaque jour est un nouveau cap \u00e0 franchir ensemble","publisher":{"@id":"https:\/\/proxima2023.okoumea.com\/fr\/#organization"},"potentialAction":[{"@type":"SearchAction","target":{"@type":"EntryPoint","urlTemplate":"https:\/\/proxima2023.okoumea.com\/fr\/?s={search_term_string}"},"query-input":{"@type":"PropertyValueSpecification","valueRequired":true,"valueName":"search_term_string"}}],"inLanguage":"fr-FR"},{"@type":"Organization","@id":"https:\/\/proxima2023.okoumea.com\/fr\/#organization","name":"CABINET PROXIMA GUILLERMOU AVOCATS","url":"https:\/\/proxima2023.okoumea.com\/fr\/","logo":{"@type":"ImageObject","inLanguage":"fr-FR","@id":"https:\/\/proxima2023.okoumea.com\/fr\/#\/schema\/logo\/image\/","url":"https:\/\/guillermou-avocats.fr\/wp-content\/uploads\/2024\/08\/2Fichier-12ProximaLogox1.png","contentUrl":"https:\/\/guillermou-avocats.fr\/wp-content\/uploads\/2024\/08\/2Fichier-12ProximaLogox1.png","width":836,"height":825,"caption":"CABINET PROXIMA GUILLERMOU AVOCATS"},"image":{"@id":"https:\/\/proxima2023.okoumea.com\/fr\/#\/schema\/logo\/image\/"},"sameAs":["https:\/\/www.facebook.com\/emericguillermou\/","https:\/\/x.com\/eguillermou","https:\/\/fr.linkedin.com\/in\/emeric-guillermou-6a4b9bb6","https:\/\/www.youtube.com\/@emericguillermou9412"]},{"@type":"Person","@id":"https:\/\/proxima2023.okoumea.com\/fr\/#\/schema\/person\/76485fc47f1ebece06bb555d9824cae0","name":"Proxima","image":{"@type":"ImageObject","inLanguage":"fr-FR","@id":"https:\/\/secure.gravatar.com\/avatar\/1a9a201a1fcd5f2ecbfa35b383607d569af4cffda10e358211dbcb32e8d758cc?s=96&d=mm&r=g","url":"https:\/\/secure.gravatar.com\/avatar\/1a9a201a1fcd5f2ecbfa35b383607d569af4cffda10e358211dbcb32e8d758cc?s=96&d=mm&r=g","contentUrl":"https:\/\/secure.gravatar.com\/avatar\/1a9a201a1fcd5f2ecbfa35b383607d569af4cffda10e358211dbcb32e8d758cc?s=96&d=mm&r=g","caption":"Proxima"},"description":"Avocat Indemnisation de victimes Emeric GUILLERMOU","url":"https:\/\/guillermou-avocats.fr\/fr\/author\/proxima"}]}},"_links":{"self":[{"href":"https:\/\/guillermou-avocats.fr\/fr\/wp-json\/wp\/v2\/posts\/8028","targetHints":{"allow":["GET"]}}],"collection":[{"href":"https:\/\/guillermou-avocats.fr\/fr\/wp-json\/wp\/v2\/posts"}],"about":[{"href":"https:\/\/guillermou-avocats.fr\/fr\/wp-json\/wp\/v2\/types\/post"}],"author":[{"embeddable":true,"href":"https:\/\/guillermou-avocats.fr\/fr\/wp-json\/wp\/v2\/users\/2"}],"replies":[{"embeddable":true,"href":"https:\/\/guillermou-avocats.fr\/fr\/wp-json\/wp\/v2\/comments?post=8028"}],"version-history":[{"count":5,"href":"https:\/\/guillermou-avocats.fr\/fr\/wp-json\/wp\/v2\/posts\/8028\/revisions"}],"predecessor-version":[{"id":8034,"href":"https:\/\/guillermou-avocats.fr\/fr\/wp-json\/wp\/v2\/posts\/8028\/revisions\/8034"}],"wp:attachment":[{"href":"https:\/\/guillermou-avocats.fr\/fr\/wp-json\/wp\/v2\/media?parent=8028"}],"wp:term":[{"taxonomy":"category","embeddable":true,"href":"https:\/\/guillermou-avocats.fr\/fr\/wp-json\/wp\/v2\/categories?post=8028"},{"taxonomy":"post_tag","embeddable":true,"href":"https:\/\/guillermou-avocats.fr\/fr\/wp-json\/wp\/v2\/tags?post=8028"}],"curies":[{"name":"wp","href":"https:\/\/api.w.org\/{rel}","templated":true}]}}