{"id":7754,"date":"2020-11-08T11:21:20","date_gmt":"2020-11-08T10:21:20","guid":{"rendered":"https:\/\/guillermou-avocats.fr\/?p=7754"},"modified":"2024-09-12T09:54:26","modified_gmt":"2024-09-12T07:54:26","slug":"victimes-dattentats-quest-ce-que-le-prejudice-exceptionnel-specifique-des-victimes-dactes-de-terrorisme-pesvt","status":"publish","type":"post","link":"https:\/\/guillermou-avocats.fr\/fr\/prejudice\/victimes-dattentats-quest-ce-que-le-prejudice-exceptionnel-specifique-des-victimes-dactes-de-terrorisme-pesvt","title":{"rendered":"Victimes d\u2019attentats : qu\u2019est-ce que le Pr\u00e9judice exceptionnel sp\u00e9cifique des victimes d\u2019actes de terrorisme (PESVT) ?"},"content":{"rendered":"<div class=\"fusion-fullwidth fullwidth-box nonhundred-percent-fullwidth non-hundred-percent-height-scrolling\"  style='background-color: rgba(255,255,255,0);background-position: center center;background-repeat: no-repeat;padding-top:0px;padding-right:0px;padding-bottom:0px;padding-left:0px;'><div class=\"fusion-builder-row fusion-row \"><div  class=\"fusion-layout-column fusion_builder_column fusion_builder_column_1_1  fusion-one-full fusion-column-first fusion-column-last 1_1\"  style='margin-top:0px;margin-bottom:20px;'>\n\t\t\t\t\t<div class=\"fusion-column-wrapper\" style=\"padding: 0px 0px 0px 0px;background-position:left top;background-repeat:no-repeat;-webkit-background-size:cover;-moz-background-size:cover;-o-background-size:cover;background-size:cover;\"  data-bg-url=\"\">\n\t\t\t\t\t\t<div class=\"fusion-text\"><h2>Les victimes d\u2019actes de terrorisme sur le sol national fran\u00e7ais ou fran\u00e7aises \u00e0 l\u2019\u00e9tranger sont indemnis\u00e9es par le Fonds de Garantie des Victimes d\u2019actes de terrorisme et d\u2019autres infractions (FGTI) institu\u00e9 par la loi du 9 septembre 1986.<\/h2>\n<p>En sus de la<a href=\"https:\/\/guillermou-avocats.fr\/indemnisation-prejudice\"> r\u00e9paration int\u00e9grale<\/a> des pr\u00e9judices \u00e9valu\u00e9s de mani\u00e8re individualis\u00e9e, le Fonds de Garantie alloue une r\u00e9paration forfaitaire compl\u00e9mentaire au titre du <a href=\"https:\/\/guillermou-avocats.fr\/lexique-juridique\/id-127-prejudice-corporel\">pr\u00e9judice exceptionnel<\/a> sp\u00e9cifique des victimes d\u2019actes de terrorisme (PESVT).<\/p>\n<p>Le <a href=\"https:\/\/www.gouvernement.fr\/guide-victimes\">guide de l\u2019indemnisation des victimes d\u2019actes de terrorisme<\/a> publi\u00e9 par le <a href=\"https:\/\/guillermou-avocats.fr\/lexique-juridique\/fonds-de-garantie-des-victimes-des-actes-de-terrorisme-et-dautres-infractionsfgti\">FGTI<\/a> expose un seuil minimal de 10\u00a0000 \u20ac pour la r\u00e9paration forfaitaire de ce \u00ab\u00a0pr\u00e9judice\u00a0\u00bb. Le <a href=\"https:\/\/www.senat.fr\/presse\/cp20190130a.html\">rapport annuel de la Cour des Comptes<\/a> pr\u00e9cise que cette r\u00e9paration peut aller jusqu\u2019\u00e0 30\u00a0000 \u20ac. Son montant est d\u00e9cid\u00e9 unilat\u00e9ralement par le conseil d\u2019administration du Fonds de Garantie.<\/p>\n<p>Cette r\u00e9paration forfaitaire peut \u00e9galement \u00eatre allou\u00e9e aux <a href=\"https:\/\/guillermou-avocats.fr\/lexique-juridique\/id-227-victime-par-ricochet-ou-victime-indirecte\">victimes indirectes<\/a> en cas de d\u00e9c\u00e8s de la <a href=\"https:\/\/guillermou-avocats.fr\/lexique-juridique\/id-121-victime\">victime directe<\/a>. Le montant d\u00e9pend alors du lien de filiation avec la victime directe.<\/p>\n<p>La juridiction de l\u2019indemnisation des victimes d\u2019attentat (JIVAT) a eu l\u2019occasion de se prononcer sur la nature de cette \u00ab\u00a0r\u00e9paration compl\u00e9mentaire forfaitaire\u00a0\u00bb.<\/p>\n<p><strong>Rappelons que le principe de r\u00e9paration int\u00e9grale des pr\u00e9judices interdit toute r\u00e9paration forfaitaire.<\/strong><\/p>\n<p>Les jugements du tribunal judiciaire de Paris rendus par la JIVAT jusqu\u2019\u00e0 pr\u00e9sent ont jug\u00e9 que le PESVT devait \u00eatre qualifi\u00e9 de pr\u00e9judice permanent exceptionnel et que son montant \u00e9tait sous-\u00e9valu\u00e9 par le FGTI.<\/p>\n<p>\u00c0 ce titre, <strong>cette juridiction a parfois allou\u00e9 des sommes exc\u00e9dant 30\u00a0000 \u20ac.<\/strong><\/p>\n<p>La nature forfaitaire de ce poste de pr\u00e9judice est \u00e9galement critiqu\u00e9e par le rapport de la Cour des Compte.<\/p>\n<p>Sources : <a href=\"https:\/\/www.senat.fr\/\">S\u00e9nat.fr<\/a> &amp; <a href=\"https:\/\/www.gouvernement.fr\/\">Gouvernement.fr<\/a><\/p>\n<blockquote class=\"td_quote_box td_box_left\">\n<p>Victime d&rsquo;attentat ? Le Cabinet Proxima peut vous repr\u00e9senter dans vos d\u00e9marches. <a href=\"https:\/\/guillermou-avocats.fr\/contact-avocat-toulon\">Contactez-nous<\/a> pour prendre un rendez-vous.<\/p>\n<\/blockquote>\n<\/div><div class=\"fusion-clearfix\"><\/div>\n\n\t\t\t\t\t<\/div>\n\t\t\t\t<\/div><\/div><\/div>\n","protected":false},"excerpt":{"rendered":"","protected":false},"author":2,"featured_media":0,"comment_status":"open","ping_status":"open","sticky":false,"template":"","format":"standard","meta":{"footnotes":""},"categories":[30,115],"tags":[],"class_list":["post-7754","post","type-post","status-publish","format-standard","hentry","category-prejudice","category-victime"],"yoast_head":"<!-- This site is optimized with the Yoast SEO Premium plugin v23.4 (Yoast SEO v27.4) - https:\/\/yoast.com\/product\/yoast-seo-premium-wordpress\/ -->\n<title>Qu&#039;est ce que le PESVT et l&#039;indemnisation du FGTI ? - Avocat indemnisation de victimes<\/title>\n<meta name=\"description\" content=\"D\u00e9couvrez le pr\u00e9judice exceptionnel sp\u00e9cifique des victimes d&#039;actes de terrorisme (PESVT) et l&#039;indemnisation pr\u00e9vue par le Fonds de Garantie.\" \/>\n<meta name=\"robots\" content=\"index, follow, max-snippet:-1, max-image-preview:large, max-video-preview:-1\" \/>\n<link rel=\"canonical\" href=\"https:\/\/guillermou-avocats.fr\/fr\/prejudice\/victimes-dattentats-quest-ce-que-le-prejudice-exceptionnel-specifique-des-victimes-dactes-de-terrorisme-pesvt\" \/>\n<meta property=\"og:locale\" content=\"fr_FR\" \/>\n<meta property=\"og:type\" content=\"article\" \/>\n<meta property=\"og:title\" content=\"Qu&#039;est ce que le PESVT et l&#039;indemnisation du FGTI ? - Avocat indemnisation de victimes\" \/>\n<meta property=\"og:description\" content=\"D\u00e9couvrez le pr\u00e9judice exceptionnel sp\u00e9cifique des victimes d&#039;actes de terrorisme (PESVT) et l&#039;indemnisation pr\u00e9vue par le Fonds de Garantie.\" \/>\n<meta property=\"og:url\" content=\"https:\/\/guillermou-avocats.fr\/fr\/prejudice\/victimes-dattentats-quest-ce-que-le-prejudice-exceptionnel-specifique-des-victimes-dactes-de-terrorisme-pesvt\" \/>\n<meta property=\"og:site_name\" content=\"Avocat indemnisation de victimes\" \/>\n<meta property=\"article:publisher\" content=\"https:\/\/www.facebook.com\/emericguillermou\/\" \/>\n<meta property=\"article:published_time\" content=\"2020-11-08T10:21:20+00:00\" \/>\n<meta property=\"article:modified_time\" content=\"2024-09-12T07:54:26+00:00\" \/>\n<meta name=\"author\" content=\"Proxima\" \/>\n<meta name=\"twitter:card\" content=\"summary_large_image\" \/>\n<meta name=\"twitter:creator\" content=\"@eguillermou\" \/>\n<meta name=\"twitter:site\" content=\"@eguillermou\" \/>\n<meta name=\"twitter:label1\" content=\"\u00c9crit par\" \/>\n\t<meta name=\"twitter:data1\" content=\"Proxima\" \/>\n\t<meta name=\"twitter:label2\" content=\"Dur\u00e9e de lecture estim\u00e9e\" \/>\n\t<meta name=\"twitter:data2\" content=\"2 minutes\" \/>\n<script type=\"application\/ld+json\" class=\"yoast-schema-graph\">{\"@context\":\"https:\\\/\\\/schema.org\",\"@graph\":[{\"@type\":\"Article\",\"@id\":\"https:\\\/\\\/guillermou-avocats.fr\\\/fr\\\/prejudice\\\/victimes-dattentats-quest-ce-que-le-prejudice-exceptionnel-specifique-des-victimes-dactes-de-terrorisme-pesvt#article\",\"isPartOf\":{\"@id\":\"https:\\\/\\\/guillermou-avocats.fr\\\/fr\\\/prejudice\\\/victimes-dattentats-quest-ce-que-le-prejudice-exceptionnel-specifique-des-victimes-dactes-de-terrorisme-pesvt\"},\"author\":{\"name\":\"Proxima\",\"@id\":\"https:\\\/\\\/proxima2023.okoumea.com\\\/fr\\\/#\\\/schema\\\/person\\\/76485fc47f1ebece06bb555d9824cae0\"},\"headline\":\"Victimes d\u2019attentats : qu\u2019est-ce que le Pr\u00e9judice exceptionnel sp\u00e9cifique des victimes d\u2019actes de terrorisme (PESVT) ?\",\"datePublished\":\"2020-11-08T10:21:20+00:00\",\"dateModified\":\"2024-09-12T07:54:26+00:00\",\"mainEntityOfPage\":{\"@id\":\"https:\\\/\\\/guillermou-avocats.fr\\\/fr\\\/prejudice\\\/victimes-dattentats-quest-ce-que-le-prejudice-exceptionnel-specifique-des-victimes-dactes-de-terrorisme-pesvt\"},\"wordCount\":549,\"commentCount\":0,\"publisher\":{\"@id\":\"https:\\\/\\\/proxima2023.okoumea.com\\\/fr\\\/#organization\"},\"articleSection\":[\"Pr\u00e9judice\",\"victime\"],\"inLanguage\":\"fr-FR\",\"potentialAction\":[{\"@type\":\"CommentAction\",\"name\":\"Comment\",\"target\":[\"https:\\\/\\\/guillermou-avocats.fr\\\/fr\\\/prejudice\\\/victimes-dattentats-quest-ce-que-le-prejudice-exceptionnel-specifique-des-victimes-dactes-de-terrorisme-pesvt#respond\"]}]},{\"@type\":\"WebPage\",\"@id\":\"https:\\\/\\\/guillermou-avocats.fr\\\/fr\\\/prejudice\\\/victimes-dattentats-quest-ce-que-le-prejudice-exceptionnel-specifique-des-victimes-dactes-de-terrorisme-pesvt\",\"url\":\"https:\\\/\\\/guillermou-avocats.fr\\\/fr\\\/prejudice\\\/victimes-dattentats-quest-ce-que-le-prejudice-exceptionnel-specifique-des-victimes-dactes-de-terrorisme-pesvt\",\"name\":\"Qu'est ce que le PESVT et l'indemnisation du FGTI ? - Avocat indemnisation de victimes\",\"isPartOf\":{\"@id\":\"https:\\\/\\\/proxima2023.okoumea.com\\\/fr\\\/#website\"},\"datePublished\":\"2020-11-08T10:21:20+00:00\",\"dateModified\":\"2024-09-12T07:54:26+00:00\",\"description\":\"D\u00e9couvrez le pr\u00e9judice exceptionnel sp\u00e9cifique des victimes d'actes de terrorisme (PESVT) et l'indemnisation pr\u00e9vue par le Fonds de Garantie.\",\"inLanguage\":\"fr-FR\",\"potentialAction\":[{\"@type\":\"ReadAction\",\"target\":[\"https:\\\/\\\/guillermou-avocats.fr\\\/fr\\\/prejudice\\\/victimes-dattentats-quest-ce-que-le-prejudice-exceptionnel-specifique-des-victimes-dactes-de-terrorisme-pesvt\"]}]},{\"@type\":\"WebSite\",\"@id\":\"https:\\\/\\\/proxima2023.okoumea.com\\\/fr\\\/#website\",\"url\":\"https:\\\/\\\/proxima2023.okoumea.com\\\/fr\\\/\",\"name\":\"Proxima - Avocats indemnisation de victimes\",\"description\":\"Chaque jour est un nouveau cap \u00e0 franchir ensemble\",\"publisher\":{\"@id\":\"https:\\\/\\\/proxima2023.okoumea.com\\\/fr\\\/#organization\"},\"potentialAction\":[{\"@type\":\"SearchAction\",\"target\":{\"@type\":\"EntryPoint\",\"urlTemplate\":\"https:\\\/\\\/proxima2023.okoumea.com\\\/fr\\\/?s={search_term_string}\"},\"query-input\":{\"@type\":\"PropertyValueSpecification\",\"valueRequired\":true,\"valueName\":\"search_term_string\"}}],\"inLanguage\":\"fr-FR\"},{\"@type\":\"Organization\",\"@id\":\"https:\\\/\\\/proxima2023.okoumea.com\\\/fr\\\/#organization\",\"name\":\"CABINET PROXIMA GUILLERMOU AVOCATS\",\"url\":\"https:\\\/\\\/proxima2023.okoumea.com\\\/fr\\\/\",\"logo\":{\"@type\":\"ImageObject\",\"inLanguage\":\"fr-FR\",\"@id\":\"https:\\\/\\\/proxima2023.okoumea.com\\\/fr\\\/#\\\/schema\\\/logo\\\/image\\\/\",\"url\":\"https:\\\/\\\/guillermou-avocats.fr\\\/wp-content\\\/uploads\\\/2024\\\/08\\\/2Fichier-12ProximaLogox1.png\",\"contentUrl\":\"https:\\\/\\\/guillermou-avocats.fr\\\/wp-content\\\/uploads\\\/2024\\\/08\\\/2Fichier-12ProximaLogox1.png\",\"width\":836,\"height\":825,\"caption\":\"CABINET PROXIMA GUILLERMOU AVOCATS\"},\"image\":{\"@id\":\"https:\\\/\\\/proxima2023.okoumea.com\\\/fr\\\/#\\\/schema\\\/logo\\\/image\\\/\"},\"sameAs\":[\"https:\\\/\\\/www.facebook.com\\\/emericguillermou\\\/\",\"https:\\\/\\\/x.com\\\/eguillermou\",\"https:\\\/\\\/fr.linkedin.com\\\/in\\\/emeric-guillermou-6a4b9bb6\",\"https:\\\/\\\/www.youtube.com\\\/@emericguillermou9412\"]},{\"@type\":\"Person\",\"@id\":\"https:\\\/\\\/proxima2023.okoumea.com\\\/fr\\\/#\\\/schema\\\/person\\\/76485fc47f1ebece06bb555d9824cae0\",\"name\":\"Proxima\",\"image\":{\"@type\":\"ImageObject\",\"inLanguage\":\"fr-FR\",\"@id\":\"https:\\\/\\\/secure.gravatar.com\\\/avatar\\\/1a9a201a1fcd5f2ecbfa35b383607d569af4cffda10e358211dbcb32e8d758cc?s=96&d=mm&r=g\",\"url\":\"https:\\\/\\\/secure.gravatar.com\\\/avatar\\\/1a9a201a1fcd5f2ecbfa35b383607d569af4cffda10e358211dbcb32e8d758cc?s=96&d=mm&r=g\",\"contentUrl\":\"https:\\\/\\\/secure.gravatar.com\\\/avatar\\\/1a9a201a1fcd5f2ecbfa35b383607d569af4cffda10e358211dbcb32e8d758cc?s=96&d=mm&r=g\",\"caption\":\"Proxima\"},\"description\":\"Avocat Indemnisation de victimes Emeric GUILLERMOU\",\"url\":\"https:\\\/\\\/guillermou-avocats.fr\\\/fr\\\/author\\\/proxima\"}]}<\/script>\n<!-- \/ Yoast SEO Premium plugin. -->","yoast_head_json":{"title":"Qu'est ce que le PESVT et l'indemnisation du FGTI ? - Avocat indemnisation de victimes","description":"D\u00e9couvrez le pr\u00e9judice exceptionnel sp\u00e9cifique des victimes d'actes de terrorisme (PESVT) et l'indemnisation pr\u00e9vue par le Fonds de Garantie.","robots":{"index":"index","follow":"follow","max-snippet":"max-snippet:-1","max-image-preview":"max-image-preview:large","max-video-preview":"max-video-preview:-1"},"canonical":"https:\/\/guillermou-avocats.fr\/fr\/prejudice\/victimes-dattentats-quest-ce-que-le-prejudice-exceptionnel-specifique-des-victimes-dactes-de-terrorisme-pesvt","og_locale":"fr_FR","og_type":"article","og_title":"Qu'est ce que le PESVT et l'indemnisation du FGTI ? - Avocat indemnisation de victimes","og_description":"D\u00e9couvrez le pr\u00e9judice exceptionnel sp\u00e9cifique des victimes d'actes de terrorisme (PESVT) et l'indemnisation pr\u00e9vue par le Fonds de Garantie.","og_url":"https:\/\/guillermou-avocats.fr\/fr\/prejudice\/victimes-dattentats-quest-ce-que-le-prejudice-exceptionnel-specifique-des-victimes-dactes-de-terrorisme-pesvt","og_site_name":"Avocat indemnisation de victimes","article_publisher":"https:\/\/www.facebook.com\/emericguillermou\/","article_published_time":"2020-11-08T10:21:20+00:00","article_modified_time":"2024-09-12T07:54:26+00:00","author":"Proxima","twitter_card":"summary_large_image","twitter_creator":"@eguillermou","twitter_site":"@eguillermou","twitter_misc":{"\u00c9crit par":"Proxima","Dur\u00e9e de lecture estim\u00e9e":"2 minutes"},"schema":{"@context":"https:\/\/schema.org","@graph":[{"@type":"Article","@id":"https:\/\/guillermou-avocats.fr\/fr\/prejudice\/victimes-dattentats-quest-ce-que-le-prejudice-exceptionnel-specifique-des-victimes-dactes-de-terrorisme-pesvt#article","isPartOf":{"@id":"https:\/\/guillermou-avocats.fr\/fr\/prejudice\/victimes-dattentats-quest-ce-que-le-prejudice-exceptionnel-specifique-des-victimes-dactes-de-terrorisme-pesvt"},"author":{"name":"Proxima","@id":"https:\/\/proxima2023.okoumea.com\/fr\/#\/schema\/person\/76485fc47f1ebece06bb555d9824cae0"},"headline":"Victimes d\u2019attentats : qu\u2019est-ce que le Pr\u00e9judice exceptionnel sp\u00e9cifique des victimes d\u2019actes de terrorisme (PESVT) ?","datePublished":"2020-11-08T10:21:20+00:00","dateModified":"2024-09-12T07:54:26+00:00","mainEntityOfPage":{"@id":"https:\/\/guillermou-avocats.fr\/fr\/prejudice\/victimes-dattentats-quest-ce-que-le-prejudice-exceptionnel-specifique-des-victimes-dactes-de-terrorisme-pesvt"},"wordCount":549,"commentCount":0,"publisher":{"@id":"https:\/\/proxima2023.okoumea.com\/fr\/#organization"},"articleSection":["Pr\u00e9judice","victime"],"inLanguage":"fr-FR","potentialAction":[{"@type":"CommentAction","name":"Comment","target":["https:\/\/guillermou-avocats.fr\/fr\/prejudice\/victimes-dattentats-quest-ce-que-le-prejudice-exceptionnel-specifique-des-victimes-dactes-de-terrorisme-pesvt#respond"]}]},{"@type":"WebPage","@id":"https:\/\/guillermou-avocats.fr\/fr\/prejudice\/victimes-dattentats-quest-ce-que-le-prejudice-exceptionnel-specifique-des-victimes-dactes-de-terrorisme-pesvt","url":"https:\/\/guillermou-avocats.fr\/fr\/prejudice\/victimes-dattentats-quest-ce-que-le-prejudice-exceptionnel-specifique-des-victimes-dactes-de-terrorisme-pesvt","name":"Qu'est ce que le PESVT et l'indemnisation du FGTI ? - Avocat indemnisation de victimes","isPartOf":{"@id":"https:\/\/proxima2023.okoumea.com\/fr\/#website"},"datePublished":"2020-11-08T10:21:20+00:00","dateModified":"2024-09-12T07:54:26+00:00","description":"D\u00e9couvrez le pr\u00e9judice exceptionnel sp\u00e9cifique des victimes d'actes de terrorisme (PESVT) et l'indemnisation pr\u00e9vue par le Fonds de Garantie.","inLanguage":"fr-FR","potentialAction":[{"@type":"ReadAction","target":["https:\/\/guillermou-avocats.fr\/fr\/prejudice\/victimes-dattentats-quest-ce-que-le-prejudice-exceptionnel-specifique-des-victimes-dactes-de-terrorisme-pesvt"]}]},{"@type":"WebSite","@id":"https:\/\/proxima2023.okoumea.com\/fr\/#website","url":"https:\/\/proxima2023.okoumea.com\/fr\/","name":"Proxima - Avocats indemnisation de victimes","description":"Chaque jour est un nouveau cap \u00e0 franchir ensemble","publisher":{"@id":"https:\/\/proxima2023.okoumea.com\/fr\/#organization"},"potentialAction":[{"@type":"SearchAction","target":{"@type":"EntryPoint","urlTemplate":"https:\/\/proxima2023.okoumea.com\/fr\/?s={search_term_string}"},"query-input":{"@type":"PropertyValueSpecification","valueRequired":true,"valueName":"search_term_string"}}],"inLanguage":"fr-FR"},{"@type":"Organization","@id":"https:\/\/proxima2023.okoumea.com\/fr\/#organization","name":"CABINET PROXIMA GUILLERMOU AVOCATS","url":"https:\/\/proxima2023.okoumea.com\/fr\/","logo":{"@type":"ImageObject","inLanguage":"fr-FR","@id":"https:\/\/proxima2023.okoumea.com\/fr\/#\/schema\/logo\/image\/","url":"https:\/\/guillermou-avocats.fr\/wp-content\/uploads\/2024\/08\/2Fichier-12ProximaLogox1.png","contentUrl":"https:\/\/guillermou-avocats.fr\/wp-content\/uploads\/2024\/08\/2Fichier-12ProximaLogox1.png","width":836,"height":825,"caption":"CABINET PROXIMA GUILLERMOU AVOCATS"},"image":{"@id":"https:\/\/proxima2023.okoumea.com\/fr\/#\/schema\/logo\/image\/"},"sameAs":["https:\/\/www.facebook.com\/emericguillermou\/","https:\/\/x.com\/eguillermou","https:\/\/fr.linkedin.com\/in\/emeric-guillermou-6a4b9bb6","https:\/\/www.youtube.com\/@emericguillermou9412"]},{"@type":"Person","@id":"https:\/\/proxima2023.okoumea.com\/fr\/#\/schema\/person\/76485fc47f1ebece06bb555d9824cae0","name":"Proxima","image":{"@type":"ImageObject","inLanguage":"fr-FR","@id":"https:\/\/secure.gravatar.com\/avatar\/1a9a201a1fcd5f2ecbfa35b383607d569af4cffda10e358211dbcb32e8d758cc?s=96&d=mm&r=g","url":"https:\/\/secure.gravatar.com\/avatar\/1a9a201a1fcd5f2ecbfa35b383607d569af4cffda10e358211dbcb32e8d758cc?s=96&d=mm&r=g","contentUrl":"https:\/\/secure.gravatar.com\/avatar\/1a9a201a1fcd5f2ecbfa35b383607d569af4cffda10e358211dbcb32e8d758cc?s=96&d=mm&r=g","caption":"Proxima"},"description":"Avocat Indemnisation de victimes Emeric GUILLERMOU","url":"https:\/\/guillermou-avocats.fr\/fr\/author\/proxima"}]}},"_links":{"self":[{"href":"https:\/\/guillermou-avocats.fr\/fr\/wp-json\/wp\/v2\/posts\/7754","targetHints":{"allow":["GET"]}}],"collection":[{"href":"https:\/\/guillermou-avocats.fr\/fr\/wp-json\/wp\/v2\/posts"}],"about":[{"href":"https:\/\/guillermou-avocats.fr\/fr\/wp-json\/wp\/v2\/types\/post"}],"author":[{"embeddable":true,"href":"https:\/\/guillermou-avocats.fr\/fr\/wp-json\/wp\/v2\/users\/2"}],"replies":[{"embeddable":true,"href":"https:\/\/guillermou-avocats.fr\/fr\/wp-json\/wp\/v2\/comments?post=7754"}],"version-history":[{"count":4,"href":"https:\/\/guillermou-avocats.fr\/fr\/wp-json\/wp\/v2\/posts\/7754\/revisions"}],"predecessor-version":[{"id":7767,"href":"https:\/\/guillermou-avocats.fr\/fr\/wp-json\/wp\/v2\/posts\/7754\/revisions\/7767"}],"wp:attachment":[{"href":"https:\/\/guillermou-avocats.fr\/fr\/wp-json\/wp\/v2\/media?parent=7754"}],"wp:term":[{"taxonomy":"category","embeddable":true,"href":"https:\/\/guillermou-avocats.fr\/fr\/wp-json\/wp\/v2\/categories?post=7754"},{"taxonomy":"post_tag","embeddable":true,"href":"https:\/\/guillermou-avocats.fr\/fr\/wp-json\/wp\/v2\/tags?post=7754"}],"curies":[{"name":"wp","href":"https:\/\/api.w.org\/{rel}","templated":true}]}}