{"id":7628,"date":"2020-09-28T12:53:02","date_gmt":"2020-09-28T10:53:02","guid":{"rendered":"https:\/\/guillermou-avocats.fr\/?p=7628"},"modified":"2024-09-12T10:01:45","modified_gmt":"2024-09-12T08:01:45","slug":"lallocation-compensatrice-pour-tierce-personne-ancienne-pch-est-elle-deductible-de-lindemnisation-de-lassistance-par-tierce-personne","status":"publish","type":"post","link":"https:\/\/guillermou-avocats.fr\/fr\/jurisprudences\/lallocation-compensatrice-pour-tierce-personne-ancienne-pch-est-elle-deductible-de-lindemnisation-de-lassistance-par-tierce-personne","title":{"rendered":"L\u2019allocation compensatrice pour tierce personne (ancienne PCH) est-elle d\u00e9ductible de l\u2019indemnisation de l&rsquo;assistance par tierce personne ?"},"content":{"rendered":"<div class=\"fusion-fullwidth fullwidth-box nonhundred-percent-fullwidth non-hundred-percent-height-scrolling\"  style='background-color: rgba(255,255,255,0);background-position: center center;background-repeat: no-repeat;padding-top:0px;padding-right:0px;padding-bottom:0px;padding-left:0px;'><div class=\"fusion-builder-row fusion-row \"><div  class=\"fusion-layout-column fusion_builder_column fusion_builder_column_1_1  fusion-one-full fusion-column-first fusion-column-last 1_1\"  style='margin-top:0px;margin-bottom:20px;'>\n\t\t\t\t\t<div class=\"fusion-column-wrapper\" style=\"padding: 0px 0px 0px 0px;background-position:left top;background-repeat:no-repeat;-webkit-background-size:cover;-moz-background-size:cover;-o-background-size:cover;background-size:cover;\"  data-bg-url=\"\">\n\t\t\t\t\t\t<div class=\"fusion-text\"><h2 style=\"text-align: justify;\"><a href=\"https:\/\/guillermou-avocats.fr\/id-5-accident-medicaux-indemnisation\">Accident m\u00e9dical<\/a><\/h2>\n<p style=\"text-align: justify;\"><em><strong>L\u2019allocation compensatrice pour tierce personne <span style=\"text-decoration: underline;\"><a href=\"https:\/\/guillermou-avocats.fr\/lexique-juridique\/id-2-allocation-compensatrice-pour-tierce-personne-acpt\">(ACTP)<\/a><\/span>, dont l\u2019attribution est subordonn\u00e9e \u00e0 un plafond de ressources, ne pr\u00e9sente pas un caract\u00e8re indemnitaire et, par cons\u00e9quent, ne peut pas \u00eatre d\u00e9duite de l\u2019indemnisation vers\u00e9e au titre de\u00a0 l&rsquo;assistance par tierce personne.<\/strong><\/em><\/p>\n<p style=\"text-align: justify;\">Le 11 f\u00e9vrier 2005, une femme est op\u00e9r\u00e9e pour r\u00e9aliser une st\u00e9rilisation tubaire en clinique par un chirurgien gyn\u00e9cologue. Mais elle pr\u00e9sente \u00a0de graves complications et conserve d&rsquo;importantes s\u00e9quelles. Elle assigne, avec sa famille, la clinique et l\u2019<a href=\"https:\/\/guillermou-avocats.fr\/lexique-juridique\/id-109-office-national-d-indemnisation-des-accidents-medicaux-des-affections-iatrogenes-et-des-infections-nosocomiales-oniam\">ONIAM<\/a> (Office national d&rsquo;indemnisation des accidents m\u00e9dicaux, des affections iatrog\u00e8nes et des infections nosocomiales) en <a href=\"https:\/\/guillermou-avocats.fr\/indemnisation-prejudice\">responsabilit\u00e9 et en indemnisation<\/a>.<\/p>\n<p style=\"text-align: justify;\">\u00ab\u00a0 L&rsquo;existence d&rsquo;un <a href=\"https:\/\/guillermou-avocats.fr\/id-5-accident-medicaux-indemnisation\">accident m\u00e9dical<\/a> grave non fautif ayant \u00e9t\u00e9 constat\u00e9e, l&rsquo;ONIAM a \u00e9t\u00e9 condamn\u00e9 \u00e0 indemniser les pr\u00e9judices de Mme Q&#8230; au titre de la <strong>solidarit\u00e9 nationale<\/strong>, sur le fondement de l&rsquo;<a href=\"https:\/\/www.legifrance.gouv.fr\/codes\/id\/LEGIARTI000020628248\/2009-05-14\/\">article L. 1142-1, II, du code de la sant\u00e9 publique<\/a>.\u00a0\u00bb<\/p>\n<p style=\"text-align: justify;\">En appel, l\u2019ONIAM demande \u00e0 ce que l\u2019allocation pour tierce personne per\u00e7ue par la <a href=\"https:\/\/guillermou-avocats.fr\/droits-victime\">victime<\/a> soit d\u00e9duite des frais d\u2019<strong><a href=\"https:\/\/guillermou-avocats.fr\/lexique-juridique\/assistance-par-tierce-personne\">assistance par tierce personne<\/a><\/strong>\u00a0temporaire et permanente au motif que <em>\u00ab l&rsquo;ACTP est de nature indemnitaire et doit donc venir en d\u00e9duction des sommes allou\u00e9es par l&rsquo;ONIAM et que la cour d&rsquo;appel a viol\u00e9 l&rsquo;article L. 1142-1, II, du code de la sant\u00e9 publique, ensemble le principe d&rsquo;une r\u00e9paration int\u00e9grale du pr\u00e9judice.\u00bb<\/em><\/p>\n<h3 style=\"text-align: justify;\">L\u2019ACTP est une prestation d&rsquo;assistance dont l\u2019attribution est subordonn\u00e9e \u00e0 un plafond de ressources\u00a0: elle est donc d\u00e9pourvue de caract\u00e8re indemnitaire et ne doit pas \u00eatre d\u00e9duite de l\u2019indemnisation allou\u00e9e \u00e0 la victime au titre de l&rsquo;assistance par tierce personne.<\/h3>\n<p style=\"text-align: justify;\">Par arr\u00eat du <a href=\"https:\/\/www.legifrance.gouv.fr\/juri\/id\/JURITEXT000042113160?tab_selection=juri&amp;searchField=ALL&amp;query=18.22433&amp;searchType=ALL&amp;typePagination=DEFAULT&amp;sortValue=DATE_DESC&amp;pageSize=10&amp;page=1&amp;tab_selection=juri#juri\">1<sup>er<\/sup> juillet 2020 n\u00b018.22433<\/a>, la Cour de cassation rejette le pourvoi de l\u2019ONIAM:<\/p>\n<p style=\"text-align: justify;\"><em>\u00ab 6. <strong>L&rsquo;ACTP \u00e9tait pr\u00e9vue par les articles <a href=\"https:\/\/www.legifrance.gouv.fr\/codes\/id\/LEGIARTI000031687462\/2016-01-01\/\">L. 245-3 et suivants<\/a> et <a href=\"https:\/\/www.legifrance.gouv.fr\/codes\/id\/LEGIARTI000006905808\/2004-10-26\/\">R. 245-3 et suivants<\/a> du code de l&rsquo;action sociale et des familles et son attribution a \u00e9t\u00e9 subordonn\u00e9e \u00e0 un plafond de ressources. Il en r\u00e9sulte qu&rsquo;elle constituait une prestation d&rsquo;assistance d\u00e9pourvue de caract\u00e8re indemnitaire.<\/strong><\/em><\/p>\n<p style=\"text-align: justify;\"><em><strong>7. D\u00e8s lors, c&rsquo;est \u00e0 bon droit que la cour d&rsquo;appel a retenu qu&rsquo;en l&rsquo;absence de caract\u00e8re indemnitaire, cette prestation ne devait pas \u00eatre d\u00e9duite de l&rsquo;indemnisation allou\u00e9e \u00e0 Mme Q&#8230; au titre de l&rsquo;assistance par tierce personne.<\/strong><\/em><\/p>\n<p style=\"text-align: justify;\"><em>8. Le moyen n&rsquo;est donc pas fond\u00e9.<\/em><\/p>\n<p style=\"text-align: justify;\"><em>PAR CES MOTIFS, la Cour :<\/em><\/p>\n<p style=\"text-align: justify;\"><em>REJETTE les pourvois\u00bb<\/em><\/p>\n<p style=\"text-align: justify;\">Source: <a href=\"https:\/\/www.legifrance.gouv.fr\/\">L\u00e9gifrance<\/a><\/p>\n<\/div><div class=\"fusion-clearfix\"><\/div>\n\n\t\t\t\t\t<\/div>\n\t\t\t\t<\/div><\/div><\/div>\n","protected":false},"excerpt":{"rendered":"","protected":false},"author":2,"featured_media":0,"comment_status":"open","ping_status":"open","sticky":false,"template":"","format":"standard","meta":{"footnotes":""},"categories":[75,137,26,39,27,25,115],"tags":[],"class_list":["post-7628","post","type-post","status-publish","format-standard","hentry","category-accident-medical","category-assistance-par-tierce-personne","category-dommage-corporel","category-handicap","category-indemnisation","category-jurisprudences","category-victime"],"yoast_head":"<!-- This site is optimized with the Yoast SEO Premium plugin v23.4 (Yoast SEO v27.4) - https:\/\/yoast.com\/product\/yoast-seo-premium-wordpress\/ -->\n<title>Indemnisation et allocations : Comprendre les implications - Avocat indemnisation de victimes<\/title>\n<meta name=\"description\" content=\"L&#039;allocation compensatrice pour tierce personne en France : comment fonctionne-t-elle et quelles sont les d\u00e9ductions possibles ?\" \/>\n<meta name=\"robots\" content=\"index, follow, max-snippet:-1, max-image-preview:large, max-video-preview:-1\" \/>\n<link rel=\"canonical\" href=\"https:\/\/guillermou-avocats.fr\/fr\/jurisprudences\/lallocation-compensatrice-pour-tierce-personne-ancienne-pch-est-elle-deductible-de-lindemnisation-de-lassistance-par-tierce-personne\" \/>\n<meta property=\"og:locale\" content=\"fr_FR\" \/>\n<meta property=\"og:type\" content=\"article\" \/>\n<meta property=\"og:title\" content=\"Indemnisation et allocations : Comprendre les implications - Avocat indemnisation de victimes\" \/>\n<meta property=\"og:description\" content=\"L&#039;allocation compensatrice pour tierce personne en France : comment fonctionne-t-elle et quelles sont les d\u00e9ductions possibles ?\" \/>\n<meta property=\"og:url\" content=\"https:\/\/guillermou-avocats.fr\/fr\/jurisprudences\/lallocation-compensatrice-pour-tierce-personne-ancienne-pch-est-elle-deductible-de-lindemnisation-de-lassistance-par-tierce-personne\" \/>\n<meta property=\"og:site_name\" content=\"Avocat indemnisation de victimes\" \/>\n<meta property=\"article:publisher\" content=\"https:\/\/www.facebook.com\/emericguillermou\/\" \/>\n<meta property=\"article:published_time\" content=\"2020-09-28T10:53:02+00:00\" \/>\n<meta property=\"article:modified_time\" content=\"2024-09-12T08:01:45+00:00\" \/>\n<meta name=\"author\" content=\"Proxima\" \/>\n<meta name=\"twitter:card\" content=\"summary_large_image\" \/>\n<meta name=\"twitter:creator\" content=\"@eguillermou\" \/>\n<meta name=\"twitter:site\" content=\"@eguillermou\" \/>\n<meta name=\"twitter:label1\" content=\"\u00c9crit par\" \/>\n\t<meta name=\"twitter:data1\" content=\"Proxima\" \/>\n\t<meta name=\"twitter:label2\" content=\"Dur\u00e9e de lecture estim\u00e9e\" \/>\n\t<meta name=\"twitter:data2\" content=\"3 minutes\" \/>\n<script type=\"application\/ld+json\" class=\"yoast-schema-graph\">{\"@context\":\"https:\\\/\\\/schema.org\",\"@graph\":[{\"@type\":\"Article\",\"@id\":\"https:\\\/\\\/guillermou-avocats.fr\\\/fr\\\/jurisprudences\\\/lallocation-compensatrice-pour-tierce-personne-ancienne-pch-est-elle-deductible-de-lindemnisation-de-lassistance-par-tierce-personne#article\",\"isPartOf\":{\"@id\":\"https:\\\/\\\/guillermou-avocats.fr\\\/fr\\\/jurisprudences\\\/lallocation-compensatrice-pour-tierce-personne-ancienne-pch-est-elle-deductible-de-lindemnisation-de-lassistance-par-tierce-personne\"},\"author\":{\"name\":\"Proxima\",\"@id\":\"https:\\\/\\\/proxima2023.okoumea.com\\\/fr\\\/#\\\/schema\\\/person\\\/76485fc47f1ebece06bb555d9824cae0\"},\"headline\":\"L\u2019allocation compensatrice pour tierce personne (ancienne PCH) est-elle d\u00e9ductible de l\u2019indemnisation de l&rsquo;assistance par tierce personne ?\",\"datePublished\":\"2020-09-28T10:53:02+00:00\",\"dateModified\":\"2024-09-12T08:01:45+00:00\",\"mainEntityOfPage\":{\"@id\":\"https:\\\/\\\/guillermou-avocats.fr\\\/fr\\\/jurisprudences\\\/lallocation-compensatrice-pour-tierce-personne-ancienne-pch-est-elle-deductible-de-lindemnisation-de-lassistance-par-tierce-personne\"},\"wordCount\":659,\"commentCount\":0,\"publisher\":{\"@id\":\"https:\\\/\\\/proxima2023.okoumea.com\\\/fr\\\/#organization\"},\"articleSection\":[\"Accident m\u00e9dical\",\"Assistance par tierce personne\",\"Dommage corporel\",\"Handicap\",\"Indemnisation\",\"Jurisprudences\",\"victime\"],\"inLanguage\":\"fr-FR\",\"potentialAction\":[{\"@type\":\"CommentAction\",\"name\":\"Comment\",\"target\":[\"https:\\\/\\\/guillermou-avocats.fr\\\/fr\\\/jurisprudences\\\/lallocation-compensatrice-pour-tierce-personne-ancienne-pch-est-elle-deductible-de-lindemnisation-de-lassistance-par-tierce-personne#respond\"]}]},{\"@type\":\"WebPage\",\"@id\":\"https:\\\/\\\/guillermou-avocats.fr\\\/fr\\\/jurisprudences\\\/lallocation-compensatrice-pour-tierce-personne-ancienne-pch-est-elle-deductible-de-lindemnisation-de-lassistance-par-tierce-personne\",\"url\":\"https:\\\/\\\/guillermou-avocats.fr\\\/fr\\\/jurisprudences\\\/lallocation-compensatrice-pour-tierce-personne-ancienne-pch-est-elle-deductible-de-lindemnisation-de-lassistance-par-tierce-personne\",\"name\":\"Indemnisation et allocations : Comprendre les implications - Avocat indemnisation de victimes\",\"isPartOf\":{\"@id\":\"https:\\\/\\\/proxima2023.okoumea.com\\\/fr\\\/#website\"},\"datePublished\":\"2020-09-28T10:53:02+00:00\",\"dateModified\":\"2024-09-12T08:01:45+00:00\",\"description\":\"L'allocation compensatrice pour tierce personne en France : comment fonctionne-t-elle et quelles sont les d\u00e9ductions possibles ?\",\"inLanguage\":\"fr-FR\",\"potentialAction\":[{\"@type\":\"ReadAction\",\"target\":[\"https:\\\/\\\/guillermou-avocats.fr\\\/fr\\\/jurisprudences\\\/lallocation-compensatrice-pour-tierce-personne-ancienne-pch-est-elle-deductible-de-lindemnisation-de-lassistance-par-tierce-personne\"]}]},{\"@type\":\"WebSite\",\"@id\":\"https:\\\/\\\/proxima2023.okoumea.com\\\/fr\\\/#website\",\"url\":\"https:\\\/\\\/proxima2023.okoumea.com\\\/fr\\\/\",\"name\":\"Proxima - Avocats indemnisation de victimes\",\"description\":\"Chaque jour est un nouveau cap \u00e0 franchir ensemble\",\"publisher\":{\"@id\":\"https:\\\/\\\/proxima2023.okoumea.com\\\/fr\\\/#organization\"},\"potentialAction\":[{\"@type\":\"SearchAction\",\"target\":{\"@type\":\"EntryPoint\",\"urlTemplate\":\"https:\\\/\\\/proxima2023.okoumea.com\\\/fr\\\/?s={search_term_string}\"},\"query-input\":{\"@type\":\"PropertyValueSpecification\",\"valueRequired\":true,\"valueName\":\"search_term_string\"}}],\"inLanguage\":\"fr-FR\"},{\"@type\":\"Organization\",\"@id\":\"https:\\\/\\\/proxima2023.okoumea.com\\\/fr\\\/#organization\",\"name\":\"CABINET PROXIMA GUILLERMOU AVOCATS\",\"url\":\"https:\\\/\\\/proxima2023.okoumea.com\\\/fr\\\/\",\"logo\":{\"@type\":\"ImageObject\",\"inLanguage\":\"fr-FR\",\"@id\":\"https:\\\/\\\/proxima2023.okoumea.com\\\/fr\\\/#\\\/schema\\\/logo\\\/image\\\/\",\"url\":\"https:\\\/\\\/guillermou-avocats.fr\\\/wp-content\\\/uploads\\\/2024\\\/08\\\/2Fichier-12ProximaLogox1.png\",\"contentUrl\":\"https:\\\/\\\/guillermou-avocats.fr\\\/wp-content\\\/uploads\\\/2024\\\/08\\\/2Fichier-12ProximaLogox1.png\",\"width\":836,\"height\":825,\"caption\":\"CABINET PROXIMA GUILLERMOU AVOCATS\"},\"image\":{\"@id\":\"https:\\\/\\\/proxima2023.okoumea.com\\\/fr\\\/#\\\/schema\\\/logo\\\/image\\\/\"},\"sameAs\":[\"https:\\\/\\\/www.facebook.com\\\/emericguillermou\\\/\",\"https:\\\/\\\/x.com\\\/eguillermou\",\"https:\\\/\\\/fr.linkedin.com\\\/in\\\/emeric-guillermou-6a4b9bb6\",\"https:\\\/\\\/www.youtube.com\\\/@emericguillermou9412\"]},{\"@type\":\"Person\",\"@id\":\"https:\\\/\\\/proxima2023.okoumea.com\\\/fr\\\/#\\\/schema\\\/person\\\/76485fc47f1ebece06bb555d9824cae0\",\"name\":\"Proxima\",\"image\":{\"@type\":\"ImageObject\",\"inLanguage\":\"fr-FR\",\"@id\":\"https:\\\/\\\/secure.gravatar.com\\\/avatar\\\/1a9a201a1fcd5f2ecbfa35b383607d569af4cffda10e358211dbcb32e8d758cc?s=96&d=mm&r=g\",\"url\":\"https:\\\/\\\/secure.gravatar.com\\\/avatar\\\/1a9a201a1fcd5f2ecbfa35b383607d569af4cffda10e358211dbcb32e8d758cc?s=96&d=mm&r=g\",\"contentUrl\":\"https:\\\/\\\/secure.gravatar.com\\\/avatar\\\/1a9a201a1fcd5f2ecbfa35b383607d569af4cffda10e358211dbcb32e8d758cc?s=96&d=mm&r=g\",\"caption\":\"Proxima\"},\"description\":\"Avocat Indemnisation de victimes Emeric GUILLERMOU\",\"url\":\"https:\\\/\\\/guillermou-avocats.fr\\\/fr\\\/author\\\/proxima\"}]}<\/script>\n<!-- \/ Yoast SEO Premium plugin. -->","yoast_head_json":{"title":"Indemnisation et allocations : Comprendre les implications - Avocat indemnisation de victimes","description":"L'allocation compensatrice pour tierce personne en France : comment fonctionne-t-elle et quelles sont les d\u00e9ductions possibles ?","robots":{"index":"index","follow":"follow","max-snippet":"max-snippet:-1","max-image-preview":"max-image-preview:large","max-video-preview":"max-video-preview:-1"},"canonical":"https:\/\/guillermou-avocats.fr\/fr\/jurisprudences\/lallocation-compensatrice-pour-tierce-personne-ancienne-pch-est-elle-deductible-de-lindemnisation-de-lassistance-par-tierce-personne","og_locale":"fr_FR","og_type":"article","og_title":"Indemnisation et allocations : Comprendre les implications - Avocat indemnisation de victimes","og_description":"L'allocation compensatrice pour tierce personne en France : comment fonctionne-t-elle et quelles sont les d\u00e9ductions possibles ?","og_url":"https:\/\/guillermou-avocats.fr\/fr\/jurisprudences\/lallocation-compensatrice-pour-tierce-personne-ancienne-pch-est-elle-deductible-de-lindemnisation-de-lassistance-par-tierce-personne","og_site_name":"Avocat indemnisation de victimes","article_publisher":"https:\/\/www.facebook.com\/emericguillermou\/","article_published_time":"2020-09-28T10:53:02+00:00","article_modified_time":"2024-09-12T08:01:45+00:00","author":"Proxima","twitter_card":"summary_large_image","twitter_creator":"@eguillermou","twitter_site":"@eguillermou","twitter_misc":{"\u00c9crit par":"Proxima","Dur\u00e9e de lecture estim\u00e9e":"3 minutes"},"schema":{"@context":"https:\/\/schema.org","@graph":[{"@type":"Article","@id":"https:\/\/guillermou-avocats.fr\/fr\/jurisprudences\/lallocation-compensatrice-pour-tierce-personne-ancienne-pch-est-elle-deductible-de-lindemnisation-de-lassistance-par-tierce-personne#article","isPartOf":{"@id":"https:\/\/guillermou-avocats.fr\/fr\/jurisprudences\/lallocation-compensatrice-pour-tierce-personne-ancienne-pch-est-elle-deductible-de-lindemnisation-de-lassistance-par-tierce-personne"},"author":{"name":"Proxima","@id":"https:\/\/proxima2023.okoumea.com\/fr\/#\/schema\/person\/76485fc47f1ebece06bb555d9824cae0"},"headline":"L\u2019allocation compensatrice pour tierce personne (ancienne PCH) est-elle d\u00e9ductible de l\u2019indemnisation de l&rsquo;assistance par tierce personne ?","datePublished":"2020-09-28T10:53:02+00:00","dateModified":"2024-09-12T08:01:45+00:00","mainEntityOfPage":{"@id":"https:\/\/guillermou-avocats.fr\/fr\/jurisprudences\/lallocation-compensatrice-pour-tierce-personne-ancienne-pch-est-elle-deductible-de-lindemnisation-de-lassistance-par-tierce-personne"},"wordCount":659,"commentCount":0,"publisher":{"@id":"https:\/\/proxima2023.okoumea.com\/fr\/#organization"},"articleSection":["Accident m\u00e9dical","Assistance par tierce personne","Dommage corporel","Handicap","Indemnisation","Jurisprudences","victime"],"inLanguage":"fr-FR","potentialAction":[{"@type":"CommentAction","name":"Comment","target":["https:\/\/guillermou-avocats.fr\/fr\/jurisprudences\/lallocation-compensatrice-pour-tierce-personne-ancienne-pch-est-elle-deductible-de-lindemnisation-de-lassistance-par-tierce-personne#respond"]}]},{"@type":"WebPage","@id":"https:\/\/guillermou-avocats.fr\/fr\/jurisprudences\/lallocation-compensatrice-pour-tierce-personne-ancienne-pch-est-elle-deductible-de-lindemnisation-de-lassistance-par-tierce-personne","url":"https:\/\/guillermou-avocats.fr\/fr\/jurisprudences\/lallocation-compensatrice-pour-tierce-personne-ancienne-pch-est-elle-deductible-de-lindemnisation-de-lassistance-par-tierce-personne","name":"Indemnisation et allocations : Comprendre les implications - Avocat indemnisation de victimes","isPartOf":{"@id":"https:\/\/proxima2023.okoumea.com\/fr\/#website"},"datePublished":"2020-09-28T10:53:02+00:00","dateModified":"2024-09-12T08:01:45+00:00","description":"L'allocation compensatrice pour tierce personne en France : comment fonctionne-t-elle et quelles sont les d\u00e9ductions possibles ?","inLanguage":"fr-FR","potentialAction":[{"@type":"ReadAction","target":["https:\/\/guillermou-avocats.fr\/fr\/jurisprudences\/lallocation-compensatrice-pour-tierce-personne-ancienne-pch-est-elle-deductible-de-lindemnisation-de-lassistance-par-tierce-personne"]}]},{"@type":"WebSite","@id":"https:\/\/proxima2023.okoumea.com\/fr\/#website","url":"https:\/\/proxima2023.okoumea.com\/fr\/","name":"Proxima - Avocats indemnisation de victimes","description":"Chaque jour est un nouveau cap \u00e0 franchir ensemble","publisher":{"@id":"https:\/\/proxima2023.okoumea.com\/fr\/#organization"},"potentialAction":[{"@type":"SearchAction","target":{"@type":"EntryPoint","urlTemplate":"https:\/\/proxima2023.okoumea.com\/fr\/?s={search_term_string}"},"query-input":{"@type":"PropertyValueSpecification","valueRequired":true,"valueName":"search_term_string"}}],"inLanguage":"fr-FR"},{"@type":"Organization","@id":"https:\/\/proxima2023.okoumea.com\/fr\/#organization","name":"CABINET PROXIMA GUILLERMOU AVOCATS","url":"https:\/\/proxima2023.okoumea.com\/fr\/","logo":{"@type":"ImageObject","inLanguage":"fr-FR","@id":"https:\/\/proxima2023.okoumea.com\/fr\/#\/schema\/logo\/image\/","url":"https:\/\/guillermou-avocats.fr\/wp-content\/uploads\/2024\/08\/2Fichier-12ProximaLogox1.png","contentUrl":"https:\/\/guillermou-avocats.fr\/wp-content\/uploads\/2024\/08\/2Fichier-12ProximaLogox1.png","width":836,"height":825,"caption":"CABINET PROXIMA GUILLERMOU AVOCATS"},"image":{"@id":"https:\/\/proxima2023.okoumea.com\/fr\/#\/schema\/logo\/image\/"},"sameAs":["https:\/\/www.facebook.com\/emericguillermou\/","https:\/\/x.com\/eguillermou","https:\/\/fr.linkedin.com\/in\/emeric-guillermou-6a4b9bb6","https:\/\/www.youtube.com\/@emericguillermou9412"]},{"@type":"Person","@id":"https:\/\/proxima2023.okoumea.com\/fr\/#\/schema\/person\/76485fc47f1ebece06bb555d9824cae0","name":"Proxima","image":{"@type":"ImageObject","inLanguage":"fr-FR","@id":"https:\/\/secure.gravatar.com\/avatar\/1a9a201a1fcd5f2ecbfa35b383607d569af4cffda10e358211dbcb32e8d758cc?s=96&d=mm&r=g","url":"https:\/\/secure.gravatar.com\/avatar\/1a9a201a1fcd5f2ecbfa35b383607d569af4cffda10e358211dbcb32e8d758cc?s=96&d=mm&r=g","contentUrl":"https:\/\/secure.gravatar.com\/avatar\/1a9a201a1fcd5f2ecbfa35b383607d569af4cffda10e358211dbcb32e8d758cc?s=96&d=mm&r=g","caption":"Proxima"},"description":"Avocat Indemnisation de victimes Emeric GUILLERMOU","url":"https:\/\/guillermou-avocats.fr\/fr\/author\/proxima"}]}},"_links":{"self":[{"href":"https:\/\/guillermou-avocats.fr\/fr\/wp-json\/wp\/v2\/posts\/7628","targetHints":{"allow":["GET"]}}],"collection":[{"href":"https:\/\/guillermou-avocats.fr\/fr\/wp-json\/wp\/v2\/posts"}],"about":[{"href":"https:\/\/guillermou-avocats.fr\/fr\/wp-json\/wp\/v2\/types\/post"}],"author":[{"embeddable":true,"href":"https:\/\/guillermou-avocats.fr\/fr\/wp-json\/wp\/v2\/users\/2"}],"replies":[{"embeddable":true,"href":"https:\/\/guillermou-avocats.fr\/fr\/wp-json\/wp\/v2\/comments?post=7628"}],"version-history":[{"count":16,"href":"https:\/\/guillermou-avocats.fr\/fr\/wp-json\/wp\/v2\/posts\/7628\/revisions"}],"predecessor-version":[{"id":7645,"href":"https:\/\/guillermou-avocats.fr\/fr\/wp-json\/wp\/v2\/posts\/7628\/revisions\/7645"}],"wp:attachment":[{"href":"https:\/\/guillermou-avocats.fr\/fr\/wp-json\/wp\/v2\/media?parent=7628"}],"wp:term":[{"taxonomy":"category","embeddable":true,"href":"https:\/\/guillermou-avocats.fr\/fr\/wp-json\/wp\/v2\/categories?post=7628"},{"taxonomy":"post_tag","embeddable":true,"href":"https:\/\/guillermou-avocats.fr\/fr\/wp-json\/wp\/v2\/tags?post=7628"}],"curies":[{"name":"wp","href":"https:\/\/api.w.org\/{rel}","templated":true}]}}