{"id":7616,"date":"2020-09-04T10:40:41","date_gmt":"2020-09-04T08:40:41","guid":{"rendered":"https:\/\/guillermou-avocats.fr\/?p=7616"},"modified":"2024-09-12T10:02:49","modified_gmt":"2024-09-12T08:02:49","slug":"exposition-a-lamiante-le-point-de-depart-du-delai-de-prescription-de-laction","status":"publish","type":"post","link":"https:\/\/guillermou-avocats.fr\/fr\/dommage-corporel\/exposition-a-lamiante-le-point-de-depart-du-delai-de-prescription-de-laction","title":{"rendered":"Exposition \u00e0 l\u2019amiante : le point de d\u00e9part du d\u00e9lai de prescription de l\u2019action"},"content":{"rendered":"<div class=\"fusion-fullwidth fullwidth-box nonhundred-percent-fullwidth non-hundred-percent-height-scrolling\"  style='background-color: rgba(255,255,255,0);background-position: center center;background-repeat: no-repeat;padding-top:0px;padding-right:0px;padding-bottom:0px;padding-left:0px;'><div class=\"fusion-builder-row fusion-row \"><div  class=\"fusion-layout-column fusion_builder_column fusion_builder_column_1_1  fusion-one-full fusion-column-first fusion-column-last 1_1\"  style='margin-top:0px;margin-bottom:20px;'>\n\t\t\t\t\t<div class=\"fusion-column-wrapper\" style=\"padding: 0px 0px 0px 0px;background-position:left top;background-repeat:no-repeat;-webkit-background-size:cover;-moz-background-size:cover;-o-background-size:cover;background-size:cover;\"  data-bg-url=\"\">\n\t\t\t\t\t\t<div class=\"fusion-text\"><h2 style=\"text-align: justify;\"><strong>\u00a0<\/strong><strong>R\u00e9paration du pr\u00e9judice d\u2019anxi\u00e9t\u00e9<\/strong><\/h2>\n<p style=\"text-align: justify;\"><strong>\u00a0<\/strong><strong>\u00ab\u00a0Le point de d\u00e9part du d\u00e9lai de prescription de l\u2019action est la date \u00e0 laquelle le salari\u00e9 a eu connaissance du risque \u00e9lev\u00e9 de d\u00e9velopper une pathologie grave r\u00e9sultant de son exposition \u00e0 l\u2019amiante. Ce point de d\u00e9part ne peut \u00eatre ant\u00e9rieur \u00e0 la date \u00e0 laquelle cette exposition a pris fin\u00a0\u00bb.<\/strong><\/p>\n<p style=\"text-align: justify;\"><strong>La Cour d\u2019appel doit rechercher \u00e0 quelle date les salari\u00e9s ont \u00a0cess\u00e9 d\u2019\u00eatre expos\u00e9s \u00e0 un risque \u00e9lev\u00e9 de d\u00e9velopper une pathologie grave r\u00e9sultant d\u2019une exposition \u00e0 l\u2019amiante.<\/strong><\/p>\n<p style=\"text-align: justify;\">Le 28 mai 2015, 70 anciens agents de la SNCF, <a href=\"https:\/\/guillermou-avocats.fr\/droits-victime\">victimes<\/a> d&rsquo;une exposition \u00e0 l\u2019amiante dans le cadre de leur travail, ont saisi la juridiction prud\u2019homale, aux fins d\u2019obtenir la condamnation de leur employeur au paiement de dommages-int\u00e9r\u00eats en <a href=\"https:\/\/guillermou-avocats.fr\/indemnisation-prejudice\">r\u00e9paration de leur pr\u00e9judice<\/a> d\u2019<a href=\"https:\/\/guillermou-avocats.fr\/jurisprudences\/prejudice-danxiete-exposition-a-des-substances-nocives-ou-toxiques\">anxi\u00e9t\u00e9<\/a> et pour violation de l\u2019<a href=\"https:\/\/guillermou-avocats.fr\/jurisprudences\/responsabilite-de-la-sncf-victime-traversant-une-voie-pietonne-percutee-par-un-tgv\">obligation de s\u00e9curit\u00e9<\/a>.<\/p>\n<p style=\"text-align: justify;\">Par arr\u00eats du 5 septembre 2018, la cour d\u2019appel a d\u00e9clar\u00e9 leur action irrecevable au motif que l&rsquo;action\u00a0 \u00e9tait prescrite.<\/p>\n<p style=\"text-align: justify;\">Les salari\u00e9s se pourvoient en cassation. Ils rappellent que la prescription des actions ouvertes aux salari\u00e9s aux fins d\u2019indemnisation du pr\u00e9judice li\u00e9 \u00e0 l\u2019exposition \u00e0 l\u2019amiante ne court qu\u2019\u00e0 compter du jour o\u00f9 ces salari\u00e9s ont eu connaissance du risque \u00e0 l\u2019origine de l\u2019anxi\u00e9t\u00e9 c\u2019est-\u00e0-dire \u00e0 compter du jour o\u00f9 ils d\u00e9tiennent l\u2019ensemble des \u00e9l\u00e9ments n\u00e9cessaires \u00e0 la connaissance de la dangerosit\u00e9 de l\u2019exposition \u00e0 laquelle ils ont \u00e9t\u00e9 soumis.<\/p>\n<p style=\"text-align: justify;\">Ils soutiennent d\u2019autre part qu\u2019en refusant de fixer le point de d\u00e9part du d\u00e9lai de prescription de l\u2019action des agents \u00e0 la date \u00e0 laquelle avait \u00e9t\u00e9 mis en service le local de confinement de l\u2019amiante le 1er janvier 2014, c\u2019est-\u00e0-dire \u00e0 la date \u00e0 laquelle ils avaient \u00e9t\u00e9 mis en possession de l\u2019ensemble des \u00e9l\u00e9ments n\u00e9cessaires \u00e0 la connaissance du risque \u00e0 l\u2019origine de leur anxi\u00e9t\u00e9 la cour d\u2019appel a viol\u00e9 l\u2019article<a href=\"https:\/\/www.legifrance.gouv.fr\/affichCodeArticle.do;jsessionid=279A7DE1DD75FE1A435B4FCC9784E139.tplgfr38s_2?idArticle=LEGIARTI000027550105&amp;cidTexte=LEGITEXT000006072050&amp;categorieLien=id&amp;dateTexte=20170923\"> L. 1471-1 du code du travail<\/a> dans sa version applicable au litige, ensemble l\u2019<a href=\"https:\/\/www.echr.coe.int\/documents\/convention_fra.pdf\">article 6, \u00a7 1, de la Convention europ\u00e9enne des droits de l\u2019Homme.<\/a><\/p>\n<h3>Fin de l&rsquo;exposition au risque<\/h3>\n<p style=\"text-align: justify;\"><strong>La Cour d\u2019appel doit rechercher la date \u00e0 quelle date les salari\u00e9s ont \u00a0cess\u00e9 d\u2019\u00eatre expos\u00e9s \u00e0 un risque \u00e9lev\u00e9 de d\u00e9velopper une pathologie grave r\u00e9sultant d\u2019une exposition \u00e0 l\u2019amiante.<\/strong><\/p>\n<p style=\"text-align: justify;\">Par\u00a0arr\u00eat du <a href=\"https:\/\/www.legifrance.gouv.fr\/affichJuriJudi.do?oldAction=rechJuriJudi&amp;idTexte=JURITEXT000042128080&amp;fastReqId=742993293&amp;fastPos=1\"><strong>8 juillet 2020<\/strong> (<\/a><strong><a href=\"https:\/\/www.legifrance.gouv.fr\/affichJuriJudi.do?oldAction=rechJuriJudi&amp;idTexte=JURITEXT000042128080&amp;fastReqId=742993293&amp;fastPos=1\">n\u00b0 18-26585 et suivants)<\/a>, la Haute juridiction statue\u00a0:<\/strong><\/p>\n<p style=\"text-align: justify;\"><em>\u00ab\u00a0R\u00e9ponse de la Cour<\/em><\/p>\n<p style=\"text-align: justify;\"><em>Vu l\u2019article L. 1471-1 du code du travail, dans sa r\u00e9daction ant\u00e9rieure \u00e0 l\u2019ordonnance n\u00b0 2017-1387 du 22 septembre 2017 :<\/em><\/p>\n<ol style=\"text-align: justify;\" start=\"6\">\n<li><em><strong>Aux termes de ce texte, toute action portant sur l\u2019ex\u00e9cution du contrat de travail se prescrit par deux ans \u00e0 compter du jour o\u00f9 celui qui l\u2019exerce a connu ou aurait d\u00fb conna\u00eetre les faits lui permettant d\u2019exercer son droit.<\/strong><\/em><\/li>\n<\/ol>\n<ol style=\"text-align: justify;\" start=\"7\">\n<li><em><strong>Par ailleurs, en application des r\u00e8gles de droit commun r\u00e9gissant l\u2019obligation de s\u00e9curit\u00e9 de l\u2019employeur, le salari\u00e9 qui justifie d\u2019une exposition \u00e0 l\u2019amiante, g\u00e9n\u00e9rant un risque \u00e9lev\u00e9 de d\u00e9velopper une pathologie grave, et d\u2019un pr\u00e9judice d\u2019anxi\u00e9t\u00e9 personnellement subi r\u00e9sultant d\u2019une telle exposition, peut agir contre son employeur pour manquement de ce dernier \u00e0 son obligation de s\u00e9curit\u00e9.<\/strong><\/em><\/li>\n<\/ol>\n<p style=\"text-align: justify;\"><em><strong>\u00a0<\/strong><\/em><\/p>\n<ol style=\"text-align: justify;\" start=\"8\">\n<li><em>Le point de d\u00e9part du d\u00e9lai de prescription de l\u2019action par laquelle un salari\u00e9 demande \u00e0 son employeur, auquel il reproche un manquement \u00e0 son obligation de s\u00e9curit\u00e9, r\u00e9paration de son pr\u00e9judice d\u2019anxi\u00e9t\u00e9, <strong>est la date \u00e0 laquelle le salari\u00e9 a eu connaissance du risque \u00e9lev\u00e9 de d\u00e9velopper une pathologie grave r\u00e9sultant de son exposition \u00e0 l\u2019amiante. Ce point de d\u00e9part ne peut \u00eatre ant\u00e9rieur \u00e0 la date \u00e0 laquelle cette exposition a pris fin.<\/strong><\/em><\/li>\n<\/ol>\n<ol style=\"text-align: justify;\" start=\"9\">\n<li><em>Pour d\u00e9clarer prescrite l\u2019action des salari\u00e9s, les arr\u00eats retiennent que le 30 janvier 2001, lors de la r\u00e9union du CHSCT, les repr\u00e9sentants du personnel ont fait grief \u00e0 l\u2019employeur de ne pas appliquer le d\u00e9cret n\u00b0 96\/98 du 7 f\u00e9vrier 1998 traitant de la protection des travailleurs expos\u00e9s aux fibres d\u2019amiante, apr\u00e8s la d\u00e9couverte par des agents d\u2019un produit amiantif\u00e8re lors d\u2019une intervention sous le plancher d\u2019un chaudron, qu\u2019en 2004, une cabine de d\u00e9samiantage a \u00e9t\u00e9 install\u00e9e dans le b\u00e2timent N, et que <strong>donc au plus tard en 2004, les salari\u00e9s avaient ou auraient d\u00fb avoir conscience d\u2019un risque d\u2019exposition \u00e0 l\u2019amiante, pr\u00e9sente sur le site o\u00f9 ils exer\u00e7aient leur activit\u00e9 professionnelle, qu\u2019a confirm\u00e9 en 2005, l\u2019interdiction d\u2019utilisation des enduits Becker, compte tenu de la concentration en fibres d\u2019amiante qu\u2019ils contenaient, puis les interventions particuli\u00e8rement fermes \u00e0 compter de 2011 de la DIRECCTE.<\/strong><\/em><\/li>\n<\/ol>\n<ol style=\"text-align: justify;\" start=\"10\">\n<li><em><strong>En se d\u00e9terminant ainsi, sans rechercher \u00e0 quelle date les salari\u00e9s avaient cess\u00e9 d\u2019\u00eatre expos\u00e9s \u00e0 un risque \u00e9lev\u00e9 de d\u00e9velopper une pathologie grave r\u00e9sultant d\u2019une exposition \u00e0 l\u2019amiante, la cour d\u2019appel a priv\u00e9 sa d\u00e9cision de base l\u00e9gale.<\/strong><\/em><\/li>\n<\/ol>\n<p style=\"text-align: justify;\"><em>PAR CES MOTIFS, et sans qu\u2019il soit n\u00e9cessaire de statuer sur la premi\u00e8re branche du second moyen, la Cour :<\/em><\/p>\n<p style=\"text-align: justify;\"><em>CASSE ET ANNULE, en toutes leurs dispositions, les arr\u00eats rendus le 5 septembre 2018, entre les parties, par la cour d\u2019appel de Reims ;(\u2026)\u00a0\u00bb<\/em><\/p>\n<p style=\"text-align: justify;\">Source\u00a0: <a href=\"https:\/\/www.legifrance.gouv.fr\/\">L\u00e9gifrance<\/a><\/p>\n<p style=\"text-align: justify;\">Image\u00a0:<\/p>\n<div class=\"WfGoxb\"><span class=\"UVj36\">Cr\u00e9ateur\u00a0:\u00a0Alain Bachellier\u00a0<\/span><\/div>\n<div class=\"WfGoxb\"><span class=\"V6hO6d\">Droits d&rsquo;auteur\u00a0:\u00a0utilisation libre aux conditions Cr\u00e9atives Commons<\/span><\/div>\n<\/div><div class=\"fusion-clearfix\"><\/div>\n\n\t\t\t\t\t<\/div>\n\t\t\t\t<\/div><\/div><\/div>\n","protected":false},"excerpt":{"rendered":"","protected":false},"author":2,"featured_media":0,"comment_status":"open","ping_status":"open","sticky":false,"template":"","format":"standard","meta":{"footnotes":""},"categories":[84,121,141,26,27,37,166,34,115],"tags":[],"class_list":["post-7616","post","type-post","status-publish","format-standard","hentry","category-accident-du-travail","category-amiante","category-angoisse","category-dommage-corporel","category-indemnisation","category-jurisprudences-et-actualites-juridiques","category-prejudice-danxiete","category-responsabilite","category-victime"],"yoast_head":"<!-- This site is optimized with the Yoast SEO Premium plugin v23.4 (Yoast SEO v27.4) - https:\/\/yoast.com\/product\/yoast-seo-premium-wordpress\/ -->\n<title>Prescription de l&#039;action proc\u00e8s amiante : les dates cl\u00e9s \u00e0 conna\u00eetre - Avocat indemnisation de victimes<\/title>\n<meta name=\"description\" content=\"Comprendre la prescription de l&#039;action en mati\u00e8re de proc\u00e8s amiante. Quelles sont les conditions pour engager une action en justice ?\" \/>\n<meta name=\"robots\" content=\"index, follow, max-snippet:-1, max-image-preview:large, max-video-preview:-1\" \/>\n<link rel=\"canonical\" href=\"https:\/\/guillermou-avocats.fr\/fr\/dommage-corporel\/exposition-a-lamiante-le-point-de-depart-du-delai-de-prescription-de-laction\" \/>\n<meta property=\"og:locale\" content=\"fr_FR\" \/>\n<meta property=\"og:type\" content=\"article\" \/>\n<meta property=\"og:title\" content=\"Prescription de l&#039;action proc\u00e8s amiante : les dates cl\u00e9s \u00e0 conna\u00eetre - Avocat indemnisation de victimes\" \/>\n<meta property=\"og:description\" content=\"Comprendre la prescription de l&#039;action en mati\u00e8re de proc\u00e8s amiante. Quelles sont les conditions pour engager une action en justice ?\" \/>\n<meta property=\"og:url\" content=\"https:\/\/guillermou-avocats.fr\/fr\/dommage-corporel\/exposition-a-lamiante-le-point-de-depart-du-delai-de-prescription-de-laction\" \/>\n<meta property=\"og:site_name\" content=\"Avocat indemnisation de victimes\" \/>\n<meta property=\"article:publisher\" content=\"https:\/\/www.facebook.com\/emericguillermou\/\" \/>\n<meta property=\"article:published_time\" content=\"2020-09-04T08:40:41+00:00\" \/>\n<meta property=\"article:modified_time\" content=\"2024-09-12T08:02:49+00:00\" \/>\n<meta name=\"author\" content=\"Proxima\" \/>\n<meta name=\"twitter:card\" content=\"summary_large_image\" \/>\n<meta name=\"twitter:creator\" content=\"@eguillermou\" \/>\n<meta name=\"twitter:site\" content=\"@eguillermou\" \/>\n<meta name=\"twitter:label1\" content=\"\u00c9crit par\" \/>\n\t<meta name=\"twitter:data1\" content=\"Proxima\" \/>\n\t<meta name=\"twitter:label2\" content=\"Dur\u00e9e de lecture estim\u00e9e\" \/>\n\t<meta name=\"twitter:data2\" content=\"5 minutes\" \/>\n<script type=\"application\/ld+json\" class=\"yoast-schema-graph\">{\"@context\":\"https:\\\/\\\/schema.org\",\"@graph\":[{\"@type\":\"Article\",\"@id\":\"https:\\\/\\\/guillermou-avocats.fr\\\/fr\\\/dommage-corporel\\\/exposition-a-lamiante-le-point-de-depart-du-delai-de-prescription-de-laction#article\",\"isPartOf\":{\"@id\":\"https:\\\/\\\/guillermou-avocats.fr\\\/fr\\\/dommage-corporel\\\/exposition-a-lamiante-le-point-de-depart-du-delai-de-prescription-de-laction\"},\"author\":{\"name\":\"Proxima\",\"@id\":\"https:\\\/\\\/proxima2023.okoumea.com\\\/fr\\\/#\\\/schema\\\/person\\\/76485fc47f1ebece06bb555d9824cae0\"},\"headline\":\"Exposition \u00e0 l\u2019amiante : le point de d\u00e9part du d\u00e9lai de prescription de l\u2019action\",\"datePublished\":\"2020-09-04T08:40:41+00:00\",\"dateModified\":\"2024-09-12T08:02:49+00:00\",\"mainEntityOfPage\":{\"@id\":\"https:\\\/\\\/guillermou-avocats.fr\\\/fr\\\/dommage-corporel\\\/exposition-a-lamiante-le-point-de-depart-du-delai-de-prescription-de-laction\"},\"wordCount\":1141,\"commentCount\":0,\"publisher\":{\"@id\":\"https:\\\/\\\/proxima2023.okoumea.com\\\/fr\\\/#organization\"},\"articleSection\":[\"Accident du travail\",\"Amiante\",\"angoisse\",\"Dommage corporel\",\"Indemnisation\",\"Jurisprudences et Actualit\u00e9s juridiques\",\"pr\u00e9judice d'anxi\u00e9t\u00e9\",\"Responsabilit\u00e9\",\"victime\"],\"inLanguage\":\"fr-FR\",\"potentialAction\":[{\"@type\":\"CommentAction\",\"name\":\"Comment\",\"target\":[\"https:\\\/\\\/guillermou-avocats.fr\\\/fr\\\/dommage-corporel\\\/exposition-a-lamiante-le-point-de-depart-du-delai-de-prescription-de-laction#respond\"]}]},{\"@type\":\"WebPage\",\"@id\":\"https:\\\/\\\/guillermou-avocats.fr\\\/fr\\\/dommage-corporel\\\/exposition-a-lamiante-le-point-de-depart-du-delai-de-prescription-de-laction\",\"url\":\"https:\\\/\\\/guillermou-avocats.fr\\\/fr\\\/dommage-corporel\\\/exposition-a-lamiante-le-point-de-depart-du-delai-de-prescription-de-laction\",\"name\":\"Prescription de l'action proc\u00e8s amiante : les dates cl\u00e9s \u00e0 conna\u00eetre - Avocat indemnisation de victimes\",\"isPartOf\":{\"@id\":\"https:\\\/\\\/proxima2023.okoumea.com\\\/fr\\\/#website\"},\"datePublished\":\"2020-09-04T08:40:41+00:00\",\"dateModified\":\"2024-09-12T08:02:49+00:00\",\"description\":\"Comprendre la prescription de l'action en mati\u00e8re de proc\u00e8s amiante. Quelles sont les conditions pour engager une action en justice ?\",\"inLanguage\":\"fr-FR\",\"potentialAction\":[{\"@type\":\"ReadAction\",\"target\":[\"https:\\\/\\\/guillermou-avocats.fr\\\/fr\\\/dommage-corporel\\\/exposition-a-lamiante-le-point-de-depart-du-delai-de-prescription-de-laction\"]}]},{\"@type\":\"WebSite\",\"@id\":\"https:\\\/\\\/proxima2023.okoumea.com\\\/fr\\\/#website\",\"url\":\"https:\\\/\\\/proxima2023.okoumea.com\\\/fr\\\/\",\"name\":\"Proxima - Avocats indemnisation de victimes\",\"description\":\"Chaque jour est un nouveau cap \u00e0 franchir ensemble\",\"publisher\":{\"@id\":\"https:\\\/\\\/proxima2023.okoumea.com\\\/fr\\\/#organization\"},\"potentialAction\":[{\"@type\":\"SearchAction\",\"target\":{\"@type\":\"EntryPoint\",\"urlTemplate\":\"https:\\\/\\\/proxima2023.okoumea.com\\\/fr\\\/?s={search_term_string}\"},\"query-input\":{\"@type\":\"PropertyValueSpecification\",\"valueRequired\":true,\"valueName\":\"search_term_string\"}}],\"inLanguage\":\"fr-FR\"},{\"@type\":\"Organization\",\"@id\":\"https:\\\/\\\/proxima2023.okoumea.com\\\/fr\\\/#organization\",\"name\":\"CABINET PROXIMA GUILLERMOU AVOCATS\",\"url\":\"https:\\\/\\\/proxima2023.okoumea.com\\\/fr\\\/\",\"logo\":{\"@type\":\"ImageObject\",\"inLanguage\":\"fr-FR\",\"@id\":\"https:\\\/\\\/proxima2023.okoumea.com\\\/fr\\\/#\\\/schema\\\/logo\\\/image\\\/\",\"url\":\"https:\\\/\\\/guillermou-avocats.fr\\\/wp-content\\\/uploads\\\/2024\\\/08\\\/2Fichier-12ProximaLogox1.png\",\"contentUrl\":\"https:\\\/\\\/guillermou-avocats.fr\\\/wp-content\\\/uploads\\\/2024\\\/08\\\/2Fichier-12ProximaLogox1.png\",\"width\":836,\"height\":825,\"caption\":\"CABINET PROXIMA GUILLERMOU AVOCATS\"},\"image\":{\"@id\":\"https:\\\/\\\/proxima2023.okoumea.com\\\/fr\\\/#\\\/schema\\\/logo\\\/image\\\/\"},\"sameAs\":[\"https:\\\/\\\/www.facebook.com\\\/emericguillermou\\\/\",\"https:\\\/\\\/x.com\\\/eguillermou\",\"https:\\\/\\\/fr.linkedin.com\\\/in\\\/emeric-guillermou-6a4b9bb6\",\"https:\\\/\\\/www.youtube.com\\\/@emericguillermou9412\"]},{\"@type\":\"Person\",\"@id\":\"https:\\\/\\\/proxima2023.okoumea.com\\\/fr\\\/#\\\/schema\\\/person\\\/76485fc47f1ebece06bb555d9824cae0\",\"name\":\"Proxima\",\"image\":{\"@type\":\"ImageObject\",\"inLanguage\":\"fr-FR\",\"@id\":\"https:\\\/\\\/secure.gravatar.com\\\/avatar\\\/1a9a201a1fcd5f2ecbfa35b383607d569af4cffda10e358211dbcb32e8d758cc?s=96&d=mm&r=g\",\"url\":\"https:\\\/\\\/secure.gravatar.com\\\/avatar\\\/1a9a201a1fcd5f2ecbfa35b383607d569af4cffda10e358211dbcb32e8d758cc?s=96&d=mm&r=g\",\"contentUrl\":\"https:\\\/\\\/secure.gravatar.com\\\/avatar\\\/1a9a201a1fcd5f2ecbfa35b383607d569af4cffda10e358211dbcb32e8d758cc?s=96&d=mm&r=g\",\"caption\":\"Proxima\"},\"description\":\"Avocat Indemnisation de victimes Emeric GUILLERMOU\",\"url\":\"https:\\\/\\\/guillermou-avocats.fr\\\/fr\\\/author\\\/proxima\"}]}<\/script>\n<!-- \/ Yoast SEO Premium plugin. -->","yoast_head_json":{"title":"Prescription de l'action proc\u00e8s amiante : les dates cl\u00e9s \u00e0 conna\u00eetre - Avocat indemnisation de victimes","description":"Comprendre la prescription de l'action en mati\u00e8re de proc\u00e8s amiante. Quelles sont les conditions pour engager une action en justice ?","robots":{"index":"index","follow":"follow","max-snippet":"max-snippet:-1","max-image-preview":"max-image-preview:large","max-video-preview":"max-video-preview:-1"},"canonical":"https:\/\/guillermou-avocats.fr\/fr\/dommage-corporel\/exposition-a-lamiante-le-point-de-depart-du-delai-de-prescription-de-laction","og_locale":"fr_FR","og_type":"article","og_title":"Prescription de l'action proc\u00e8s amiante : les dates cl\u00e9s \u00e0 conna\u00eetre - Avocat indemnisation de victimes","og_description":"Comprendre la prescription de l'action en mati\u00e8re de proc\u00e8s amiante. Quelles sont les conditions pour engager une action en justice ?","og_url":"https:\/\/guillermou-avocats.fr\/fr\/dommage-corporel\/exposition-a-lamiante-le-point-de-depart-du-delai-de-prescription-de-laction","og_site_name":"Avocat indemnisation de victimes","article_publisher":"https:\/\/www.facebook.com\/emericguillermou\/","article_published_time":"2020-09-04T08:40:41+00:00","article_modified_time":"2024-09-12T08:02:49+00:00","author":"Proxima","twitter_card":"summary_large_image","twitter_creator":"@eguillermou","twitter_site":"@eguillermou","twitter_misc":{"\u00c9crit par":"Proxima","Dur\u00e9e de lecture estim\u00e9e":"5 minutes"},"schema":{"@context":"https:\/\/schema.org","@graph":[{"@type":"Article","@id":"https:\/\/guillermou-avocats.fr\/fr\/dommage-corporel\/exposition-a-lamiante-le-point-de-depart-du-delai-de-prescription-de-laction#article","isPartOf":{"@id":"https:\/\/guillermou-avocats.fr\/fr\/dommage-corporel\/exposition-a-lamiante-le-point-de-depart-du-delai-de-prescription-de-laction"},"author":{"name":"Proxima","@id":"https:\/\/proxima2023.okoumea.com\/fr\/#\/schema\/person\/76485fc47f1ebece06bb555d9824cae0"},"headline":"Exposition \u00e0 l\u2019amiante : le point de d\u00e9part du d\u00e9lai de prescription de l\u2019action","datePublished":"2020-09-04T08:40:41+00:00","dateModified":"2024-09-12T08:02:49+00:00","mainEntityOfPage":{"@id":"https:\/\/guillermou-avocats.fr\/fr\/dommage-corporel\/exposition-a-lamiante-le-point-de-depart-du-delai-de-prescription-de-laction"},"wordCount":1141,"commentCount":0,"publisher":{"@id":"https:\/\/proxima2023.okoumea.com\/fr\/#organization"},"articleSection":["Accident du travail","Amiante","angoisse","Dommage corporel","Indemnisation","Jurisprudences et Actualit\u00e9s juridiques","pr\u00e9judice d'anxi\u00e9t\u00e9","Responsabilit\u00e9","victime"],"inLanguage":"fr-FR","potentialAction":[{"@type":"CommentAction","name":"Comment","target":["https:\/\/guillermou-avocats.fr\/fr\/dommage-corporel\/exposition-a-lamiante-le-point-de-depart-du-delai-de-prescription-de-laction#respond"]}]},{"@type":"WebPage","@id":"https:\/\/guillermou-avocats.fr\/fr\/dommage-corporel\/exposition-a-lamiante-le-point-de-depart-du-delai-de-prescription-de-laction","url":"https:\/\/guillermou-avocats.fr\/fr\/dommage-corporel\/exposition-a-lamiante-le-point-de-depart-du-delai-de-prescription-de-laction","name":"Prescription de l'action proc\u00e8s amiante : les dates cl\u00e9s \u00e0 conna\u00eetre - Avocat indemnisation de victimes","isPartOf":{"@id":"https:\/\/proxima2023.okoumea.com\/fr\/#website"},"datePublished":"2020-09-04T08:40:41+00:00","dateModified":"2024-09-12T08:02:49+00:00","description":"Comprendre la prescription de l'action en mati\u00e8re de proc\u00e8s amiante. Quelles sont les conditions pour engager une action en justice ?","inLanguage":"fr-FR","potentialAction":[{"@type":"ReadAction","target":["https:\/\/guillermou-avocats.fr\/fr\/dommage-corporel\/exposition-a-lamiante-le-point-de-depart-du-delai-de-prescription-de-laction"]}]},{"@type":"WebSite","@id":"https:\/\/proxima2023.okoumea.com\/fr\/#website","url":"https:\/\/proxima2023.okoumea.com\/fr\/","name":"Proxima - Avocats indemnisation de victimes","description":"Chaque jour est un nouveau cap \u00e0 franchir ensemble","publisher":{"@id":"https:\/\/proxima2023.okoumea.com\/fr\/#organization"},"potentialAction":[{"@type":"SearchAction","target":{"@type":"EntryPoint","urlTemplate":"https:\/\/proxima2023.okoumea.com\/fr\/?s={search_term_string}"},"query-input":{"@type":"PropertyValueSpecification","valueRequired":true,"valueName":"search_term_string"}}],"inLanguage":"fr-FR"},{"@type":"Organization","@id":"https:\/\/proxima2023.okoumea.com\/fr\/#organization","name":"CABINET PROXIMA GUILLERMOU AVOCATS","url":"https:\/\/proxima2023.okoumea.com\/fr\/","logo":{"@type":"ImageObject","inLanguage":"fr-FR","@id":"https:\/\/proxima2023.okoumea.com\/fr\/#\/schema\/logo\/image\/","url":"https:\/\/guillermou-avocats.fr\/wp-content\/uploads\/2024\/08\/2Fichier-12ProximaLogox1.png","contentUrl":"https:\/\/guillermou-avocats.fr\/wp-content\/uploads\/2024\/08\/2Fichier-12ProximaLogox1.png","width":836,"height":825,"caption":"CABINET PROXIMA GUILLERMOU AVOCATS"},"image":{"@id":"https:\/\/proxima2023.okoumea.com\/fr\/#\/schema\/logo\/image\/"},"sameAs":["https:\/\/www.facebook.com\/emericguillermou\/","https:\/\/x.com\/eguillermou","https:\/\/fr.linkedin.com\/in\/emeric-guillermou-6a4b9bb6","https:\/\/www.youtube.com\/@emericguillermou9412"]},{"@type":"Person","@id":"https:\/\/proxima2023.okoumea.com\/fr\/#\/schema\/person\/76485fc47f1ebece06bb555d9824cae0","name":"Proxima","image":{"@type":"ImageObject","inLanguage":"fr-FR","@id":"https:\/\/secure.gravatar.com\/avatar\/1a9a201a1fcd5f2ecbfa35b383607d569af4cffda10e358211dbcb32e8d758cc?s=96&d=mm&r=g","url":"https:\/\/secure.gravatar.com\/avatar\/1a9a201a1fcd5f2ecbfa35b383607d569af4cffda10e358211dbcb32e8d758cc?s=96&d=mm&r=g","contentUrl":"https:\/\/secure.gravatar.com\/avatar\/1a9a201a1fcd5f2ecbfa35b383607d569af4cffda10e358211dbcb32e8d758cc?s=96&d=mm&r=g","caption":"Proxima"},"description":"Avocat Indemnisation de victimes Emeric GUILLERMOU","url":"https:\/\/guillermou-avocats.fr\/fr\/author\/proxima"}]}},"_links":{"self":[{"href":"https:\/\/guillermou-avocats.fr\/fr\/wp-json\/wp\/v2\/posts\/7616","targetHints":{"allow":["GET"]}}],"collection":[{"href":"https:\/\/guillermou-avocats.fr\/fr\/wp-json\/wp\/v2\/posts"}],"about":[{"href":"https:\/\/guillermou-avocats.fr\/fr\/wp-json\/wp\/v2\/types\/post"}],"author":[{"embeddable":true,"href":"https:\/\/guillermou-avocats.fr\/fr\/wp-json\/wp\/v2\/users\/2"}],"replies":[{"embeddable":true,"href":"https:\/\/guillermou-avocats.fr\/fr\/wp-json\/wp\/v2\/comments?post=7616"}],"version-history":[{"count":4,"href":"https:\/\/guillermou-avocats.fr\/fr\/wp-json\/wp\/v2\/posts\/7616\/revisions"}],"predecessor-version":[{"id":7622,"href":"https:\/\/guillermou-avocats.fr\/fr\/wp-json\/wp\/v2\/posts\/7616\/revisions\/7622"}],"wp:attachment":[{"href":"https:\/\/guillermou-avocats.fr\/fr\/wp-json\/wp\/v2\/media?parent=7616"}],"wp:term":[{"taxonomy":"category","embeddable":true,"href":"https:\/\/guillermou-avocats.fr\/fr\/wp-json\/wp\/v2\/categories?post=7616"},{"taxonomy":"post_tag","embeddable":true,"href":"https:\/\/guillermou-avocats.fr\/fr\/wp-json\/wp\/v2\/tags?post=7616"}],"curies":[{"name":"wp","href":"https:\/\/api.w.org\/{rel}","templated":true}]}}