{"id":7296,"date":"2020-06-15T11:02:57","date_gmt":"2020-06-15T09:02:57","guid":{"rendered":"https:\/\/guillermou-avocats.fr\/?p=7296"},"modified":"2024-09-12T10:46:03","modified_gmt":"2024-09-12T08:46:03","slug":"expertise-medicale-indemnisation-des-frais-complementaires","status":"publish","type":"post","link":"https:\/\/guillermou-avocats.fr\/fr\/jurisprudences\/expertise-medicale-indemnisation-des-frais-complementaires","title":{"rendered":"Expertise m\u00e9dicale: indemnisation des frais compl\u00e9mentaires"},"content":{"rendered":"<div class=\"fusion-fullwidth fullwidth-box nonhundred-percent-fullwidth non-hundred-percent-height-scrolling\"  style='background-color: rgba(255,255,255,0);background-position: center center;background-repeat: no-repeat;padding-top:0px;padding-right:0px;padding-bottom:0px;padding-left:0px;'><div class=\"fusion-builder-row fusion-row \"><div  class=\"fusion-layout-column fusion_builder_column fusion_builder_column_1_1  fusion-one-full fusion-column-first fusion-column-last 1_1\"  style='margin-top:0px;margin-bottom:0px;'>\n\t\t\t\t\t<div class=\"fusion-column-wrapper\" style=\"padding: 0px 0px 0px 0px;background-position:left top;background-repeat:no-repeat;-webkit-background-size:cover;-moz-background-size:cover;-o-background-size:cover;background-size:cover;\"  data-bg-url=\"\">\n\t\t\t\t\t\t<div class=\"fusion-text\"><h2 style=\"text-align: left;\">Frais d\u2019assistance \u00e0 expertise: indemnisation des \u00a0frais compl\u00e9mentaires relatifs \u00e0 la r\u00e9daction d\u2019une note technique<\/h2>\n<p style=\"text-align: justify;\"><b>La r\u00e9daction d&rsquo;une note technique\u00a0 \u00e9tablie\u00a0 post\u00e9rieurement au jugement\u00a0rel\u00e8ve de la mission d&rsquo;assistance de l&rsquo;expert.<strong>\u00a0La cour d\u2019appel\u00a0<\/strong><\/b><b><strong>\u00a0qui, pour\u00a0d\u00e9bouter la victime de sa demande d&rsquo;indemnisation \u00e0 ce titre, n\u2019a pas expliqu\u00e9 en quoi ces frais seraient injustifi\u00e9s ou excessifs n&rsquo;a pas donn\u00e9 de base l\u00e9gale \u00e0 sa d\u00e9cision .<\/strong><\/b><\/p>\n<p style=\"text-align: justify;\">Sur son lieu de travail, un salari\u00e9 est <strong><a href=\"https:\/\/guillermou-avocats.fr\/droits-victime\">victime<\/a><\/strong>\u00a0d\u2019un malaise.<\/p>\n<p style=\"text-align: justify;\">Il engage \u00a0une action en reconnaissance de la <a href=\"https:\/\/guillermou-avocats.fr\/lexique-juridique\/id-71-faute-inexcusable\">faute inexcusable<\/a> de l\u2019employeur.<\/p>\n<p style=\"text-align: justify;\">En appel\u00a0, la cour confirme le versement de 960\u20ac au titre de l\u2019<strong><a href=\"https:\/\/guillermou-avocats.fr\/jurisprudences\/indemnisation-des-frais-dassistance-a-expertise\">indemnisation des frais d\u2019assistance \u00e0 expertise<\/a> <\/strong>mais d\u00e9boute la victime de sa demande d\u2019indemnisation \u00a0de 260\u20ac\u00a0<strong>au titre de frais compl\u00e9mentaires d&rsquo;assistance \u00e0 expertise\u00a0 pour la r\u00e9daction d\u2019une note technique<\/strong> au motif qu\u2019elle a \u00e9t\u00e9 r\u00e9dig\u00e9e post\u00e9rieurement au jugement du tribunal des affaires de s\u00e9curit\u00e9 sociale et que la r\u00e9daction de cette note est n\u00e9cessairement incluse dans la mission d&rsquo;assistance de l&rsquo;expert.<\/p>\n<p style=\"text-align: justify;\">La victime se pourvoit en cassation.<\/p>\n<h3><a href=\"https:\/\/guillermou-avocats.fr\/id-6-accident-travail-indemnisation\">Accident du travail<\/a> et indemnisation compl\u00e9mentaire<\/h3>\n<p style=\"text-align: justify;\">Par arr\u00eat du<a href=\"https:\/\/www.legifrance.gouv.fr\/affichJuriJudi.do?oldAction=rechJuriJudi&amp;idTexte=JURITEXT000041974996&amp;fastReqId=154837131&amp;fastPos=1\"> 20 mai 2020 n\u00b019-10.3656<\/a>, la Cour de cassation casse ce moyen du pourvoi\u00a0:<\/p>\n<p style=\"text-align: justify;\">\u00ab\u00a0IL EST FAIT GRIEF \u00e0 l&rsquo;arr\u00eat attaqu\u00e9 d&rsquo;avoir d\u00e9bout\u00e9 M. H&#8230; de sa demande d&rsquo;indemnisation compl\u00e9mentaire de 260 euros au titre des frais d&rsquo;assistance \u00e0 <strong><a href=\"https:\/\/guillermou-avocats.fr\/expertise-medicale\">expertise par m\u00e9decin-conseil<\/a><\/strong> ;<\/p>\n<p>(&#8230;)<br \/>\nR\u00e9ponse de la Cour<\/p>\n<p style=\"text-align: justify;\">Vu l&rsquo;article <a href=\"https:\/\/www.legifrance.gouv.fr\/affichCodeArticle.do?idArticle=LEGIARTI000006743113&amp;cidTexte=LEGITEXT000006073189&amp;dateTexte=19851221\">L. 452-3 du code de la s\u00e9curit\u00e9 sociale<\/a>, ensemble le<strong><a href=\"https:\/\/guillermou-avocats.fr\/indemnisation-prejudice\"> principe de la r\u00e9paration int\u00e9grale<\/a><\/strong> sans perte ni profit pour la victime :<\/p>\n<p style=\"text-align: justify;\">8. Il r\u00e9sulte de ce texte que les frais d&rsquo;assistance aux op\u00e9rations d&rsquo;<a href=\"https:\/\/guillermou-avocats.fr\/expertise-medicale\">expertise<\/a> expos\u00e9s par la victime d&rsquo;un <a href=\"https:\/\/guillermou-avocats.fr\/id-6-accident-travail-indemnisation\">accident du travail<\/a> d\u00fb \u00e0 la faute inexcusable de l&#8217;employeur, qui sont la cons\u00e9quence directe de cet accident, ne figurent pas parmi les chefs de pr\u00e9judice express\u00e9ment couverts par le <a href=\"https:\/\/www.legifrance.gouv.fr\/affichCode.do?cidTexte=LEGITEXT000006073189\">livre IV du code de la s\u00e9curit\u00e9 sociale<\/a> et ouvrent droit \u00e0 indemnisation compl\u00e9mentaire .<\/p>\n<p style=\"text-align: justify;\">9. Pour fixer l&rsquo;indemnit\u00e9 due \u00e0 M. H&#8230; au titre des frais d&rsquo;assistance \u00e0 expertise \u00e0 la somme de 960 euros seulement, l&rsquo;arr\u00eat, apr\u00e8s avoir rappel\u00e9 que l&rsquo;int\u00e9ress\u00e9 sollicite la somme de 1 200 euros correspondant pour 960 euros aux frais d&rsquo;assistance de son m\u00e9decin-conseil au cours de l&rsquo;expertise judiciaire et pour 260 euros aux frais de r\u00e9daction d&rsquo;une note technique \u00e0 la suite de cette m\u00eame expertise, retient que M. H&#8230; ne pouvait pas formuler en premi\u00e8re instance de demande d&rsquo;indemnisation relative \u00e0 la note technique puisqu&rsquo;elle a \u00e9t\u00e9 r\u00e9dig\u00e9e apr\u00e8s la d\u00e9cision du tribunal des affaires de s\u00e9curit\u00e9 sociale, qu&rsquo;il justifie de la r\u00e9alit\u00e9 de cette d\u00e9pense par la production dudit document, m\u00eame incomplet, et de la note d&rsquo;honoraire aff\u00e9rente mais que cette note est n\u00e9cessairement incluse dans la mission d&rsquo;assistance de l&rsquo;expert.<\/p>\n<p style=\"text-align: justify;\">10. <strong>En se d\u00e9terminant ainsi, tout en constatant que la r\u00e9alit\u00e9 de la d\u00e9pense des frais compl\u00e9mentaires de r\u00e9daction d&rsquo;une note technique \u00e9tait \u00e9tablie et qu&rsquo;ils relevaient de la mission d&rsquo;assistance de l&rsquo;expert, la cour d&rsquo;appel qui n&rsquo;a pas expliqu\u00e9 en quoi ces frais seraient injustifi\u00e9s ou excessifs, n&rsquo;a pas donn\u00e9 de base l\u00e9gale \u00e0 sa d\u00e9cision.\u00a0<\/strong>\u00bb<\/p>\n<p style=\"text-align: justify;\">Source : <a href=\"https:\/\/www.legifrance.gouv.fr\/\">L\u00e9gifrance<\/a><\/p>\n<p>articles en lien:<\/p>\n<div class=\"video-shortcode\">\n<blockquote class=\"wp-embedded-content\" data-secret=\"GATFLXrINX\">\n<p><a href=\"https:\/\/guillermou-avocats.fr\/fr\/jurisprudences\/indemnisation-des-frais-de-deplacement-a-lexpertise-medicale\">Indemnisation des frais de d\u00e9placement \u00e0 l&rsquo;expertise m\u00e9dicale<\/a><\/p>\n<\/blockquote>\n<p><iframe loading=\"lazy\" class=\"wp-embedded-content\" sandbox=\"allow-scripts\" security=\"restricted\" style=\"position: absolute; visibility: hidden;\" title=\"\u00ab\u00a0Indemnisation des frais de d\u00e9placement \u00e0 l&rsquo;expertise m\u00e9dicale\u00a0\u00bb &#8212; Avocat indemnisation de victimes\" src=\"https:\/\/guillermou-avocats.fr\/fr\/jurisprudences\/indemnisation-des-frais-de-deplacement-a-lexpertise-medicale\/embed#?secret=xMrqGlsd8i#?secret=GATFLXrINX\" data-secret=\"GATFLXrINX\" width=\"500\" height=\"282\" frameborder=\"0\" marginwidth=\"0\" marginheight=\"0\" scrolling=\"no\"><\/iframe><\/div>\n<div class=\"video-shortcode\">\n<blockquote class=\"wp-embedded-content\" data-secret=\"P1b5IFAn1l\">\n<p><a href=\"https:\/\/guillermou-avocats.fr\/fr\/actualites\/id-86-accident-du-travail-et-frais-divers-d-assistance-a-expertise\">Accident du travail et Frais divers d\u2019assistance \u00e0 expertise<\/a><\/p>\n<\/blockquote>\n<p><iframe loading=\"lazy\" class=\"wp-embedded-content\" sandbox=\"allow-scripts\" security=\"restricted\" style=\"position: absolute; visibility: hidden;\" title=\"\u00ab\u00a0Accident du travail et Frais divers d\u2019assistance \u00e0 expertise\u00a0\u00bb &#8212; Avocat indemnisation de victimes\" src=\"https:\/\/guillermou-avocats.fr\/fr\/actualites\/id-86-accident-du-travail-et-frais-divers-d-assistance-a-expertise\/embed#?secret=7PFcqWsD0B#?secret=P1b5IFAn1l\" data-secret=\"P1b5IFAn1l\" width=\"500\" height=\"282\" frameborder=\"0\" marginwidth=\"0\" marginheight=\"0\" scrolling=\"no\"><\/iframe><\/div>\n<\/div><div class=\"fusion-clearfix\"><\/div>\n\n\t\t\t\t\t<\/div>\n\t\t\t\t<\/div><\/div><\/div>\n","protected":false},"excerpt":{"rendered":"","protected":false},"author":2,"featured_media":0,"comment_status":"open","ping_status":"open","sticky":false,"template":"","format":"standard","meta":{"footnotes":""},"categories":[84,76,85,116,133,27,117,25,115],"tags":[],"class_list":["post-7296","post","type-post","status-publish","format-standard","hentry","category-accident-du-travail","category-droit","category-expertise","category-faute-inexcusable","category-faute-inexcusable-de-lemployeur","category-indemnisation","category-indemnisation-complementaire","category-jurisprudences","category-victime"],"yoast_head":"<!-- This site is optimized with the Yoast SEO Premium plugin v23.4 (Yoast SEO v27.4) - https:\/\/yoast.com\/product\/yoast-seo-premium-wordpress\/ -->\n<title>Expertise m\u00e9dicale: indemnisation des frais compl\u00e9mentaires - Avocat indemnisation de victimes<\/title>\n<meta name=\"robots\" content=\"index, follow, max-snippet:-1, max-image-preview:large, max-video-preview:-1\" \/>\n<link rel=\"canonical\" href=\"https:\/\/guillermou-avocats.fr\/fr\/jurisprudences\/expertise-medicale-indemnisation-des-frais-complementaires\" \/>\n<meta property=\"og:locale\" content=\"fr_FR\" \/>\n<meta property=\"og:type\" content=\"article\" \/>\n<meta property=\"og:title\" content=\"Expertise m\u00e9dicale: indemnisation des frais compl\u00e9mentaires - Avocat indemnisation de victimes\" \/>\n<meta property=\"og:url\" content=\"https:\/\/guillermou-avocats.fr\/fr\/jurisprudences\/expertise-medicale-indemnisation-des-frais-complementaires\" \/>\n<meta property=\"og:site_name\" content=\"Avocat indemnisation de victimes\" \/>\n<meta property=\"article:publisher\" content=\"https:\/\/www.facebook.com\/emericguillermou\/\" \/>\n<meta property=\"article:published_time\" content=\"2020-06-15T09:02:57+00:00\" \/>\n<meta property=\"article:modified_time\" content=\"2024-09-12T08:46:03+00:00\" \/>\n<meta name=\"author\" content=\"Proxima\" \/>\n<meta name=\"twitter:card\" content=\"summary_large_image\" \/>\n<meta name=\"twitter:creator\" content=\"@eguillermou\" \/>\n<meta name=\"twitter:site\" content=\"@eguillermou\" \/>\n<meta name=\"twitter:label1\" content=\"\u00c9crit par\" \/>\n\t<meta name=\"twitter:data1\" content=\"Proxima\" \/>\n\t<meta name=\"twitter:label2\" content=\"Dur\u00e9e de lecture estim\u00e9e\" \/>\n\t<meta name=\"twitter:data2\" content=\"3 minutes\" \/>\n<script type=\"application\/ld+json\" class=\"yoast-schema-graph\">{\"@context\":\"https:\\\/\\\/schema.org\",\"@graph\":[{\"@type\":\"Article\",\"@id\":\"https:\\\/\\\/guillermou-avocats.fr\\\/fr\\\/jurisprudences\\\/expertise-medicale-indemnisation-des-frais-complementaires#article\",\"isPartOf\":{\"@id\":\"https:\\\/\\\/guillermou-avocats.fr\\\/fr\\\/jurisprudences\\\/expertise-medicale-indemnisation-des-frais-complementaires\"},\"author\":{\"name\":\"Proxima\",\"@id\":\"https:\\\/\\\/proxima2023.okoumea.com\\\/fr\\\/#\\\/schema\\\/person\\\/76485fc47f1ebece06bb555d9824cae0\"},\"headline\":\"Expertise m\u00e9dicale: indemnisation des frais compl\u00e9mentaires\",\"datePublished\":\"2020-06-15T09:02:57+00:00\",\"dateModified\":\"2024-09-12T08:46:03+00:00\",\"mainEntityOfPage\":{\"@id\":\"https:\\\/\\\/guillermou-avocats.fr\\\/fr\\\/jurisprudences\\\/expertise-medicale-indemnisation-des-frais-complementaires\"},\"wordCount\":787,\"commentCount\":0,\"publisher\":{\"@id\":\"https:\\\/\\\/proxima2023.okoumea.com\\\/fr\\\/#organization\"},\"articleSection\":[\"Accident du travail\",\"Droit\",\"Expertise\",\"faute inexcusable\",\"Faute inexcusable de l'employeur\",\"Indemnisation\",\"indemnisation compl\u00e9mentaire\",\"Jurisprudences\",\"victime\"],\"inLanguage\":\"fr-FR\",\"potentialAction\":[{\"@type\":\"CommentAction\",\"name\":\"Comment\",\"target\":[\"https:\\\/\\\/guillermou-avocats.fr\\\/fr\\\/jurisprudences\\\/expertise-medicale-indemnisation-des-frais-complementaires#respond\"]}]},{\"@type\":\"WebPage\",\"@id\":\"https:\\\/\\\/guillermou-avocats.fr\\\/fr\\\/jurisprudences\\\/expertise-medicale-indemnisation-des-frais-complementaires\",\"url\":\"https:\\\/\\\/guillermou-avocats.fr\\\/fr\\\/jurisprudences\\\/expertise-medicale-indemnisation-des-frais-complementaires\",\"name\":\"Expertise m\u00e9dicale: indemnisation des frais compl\u00e9mentaires - Avocat indemnisation de victimes\",\"isPartOf\":{\"@id\":\"https:\\\/\\\/proxima2023.okoumea.com\\\/fr\\\/#website\"},\"datePublished\":\"2020-06-15T09:02:57+00:00\",\"dateModified\":\"2024-09-12T08:46:03+00:00\",\"inLanguage\":\"fr-FR\",\"potentialAction\":[{\"@type\":\"ReadAction\",\"target\":[\"https:\\\/\\\/guillermou-avocats.fr\\\/fr\\\/jurisprudences\\\/expertise-medicale-indemnisation-des-frais-complementaires\"]}]},{\"@type\":\"WebSite\",\"@id\":\"https:\\\/\\\/proxima2023.okoumea.com\\\/fr\\\/#website\",\"url\":\"https:\\\/\\\/proxima2023.okoumea.com\\\/fr\\\/\",\"name\":\"Proxima - Avocats indemnisation de victimes\",\"description\":\"Chaque jour est un nouveau cap \u00e0 franchir ensemble\",\"publisher\":{\"@id\":\"https:\\\/\\\/proxima2023.okoumea.com\\\/fr\\\/#organization\"},\"potentialAction\":[{\"@type\":\"SearchAction\",\"target\":{\"@type\":\"EntryPoint\",\"urlTemplate\":\"https:\\\/\\\/proxima2023.okoumea.com\\\/fr\\\/?s={search_term_string}\"},\"query-input\":{\"@type\":\"PropertyValueSpecification\",\"valueRequired\":true,\"valueName\":\"search_term_string\"}}],\"inLanguage\":\"fr-FR\"},{\"@type\":\"Organization\",\"@id\":\"https:\\\/\\\/proxima2023.okoumea.com\\\/fr\\\/#organization\",\"name\":\"CABINET PROXIMA GUILLERMOU AVOCATS\",\"url\":\"https:\\\/\\\/proxima2023.okoumea.com\\\/fr\\\/\",\"logo\":{\"@type\":\"ImageObject\",\"inLanguage\":\"fr-FR\",\"@id\":\"https:\\\/\\\/proxima2023.okoumea.com\\\/fr\\\/#\\\/schema\\\/logo\\\/image\\\/\",\"url\":\"https:\\\/\\\/guillermou-avocats.fr\\\/wp-content\\\/uploads\\\/2024\\\/08\\\/2Fichier-12ProximaLogox1.png\",\"contentUrl\":\"https:\\\/\\\/guillermou-avocats.fr\\\/wp-content\\\/uploads\\\/2024\\\/08\\\/2Fichier-12ProximaLogox1.png\",\"width\":836,\"height\":825,\"caption\":\"CABINET PROXIMA GUILLERMOU AVOCATS\"},\"image\":{\"@id\":\"https:\\\/\\\/proxima2023.okoumea.com\\\/fr\\\/#\\\/schema\\\/logo\\\/image\\\/\"},\"sameAs\":[\"https:\\\/\\\/www.facebook.com\\\/emericguillermou\\\/\",\"https:\\\/\\\/x.com\\\/eguillermou\",\"https:\\\/\\\/fr.linkedin.com\\\/in\\\/emeric-guillermou-6a4b9bb6\",\"https:\\\/\\\/www.youtube.com\\\/@emericguillermou9412\"]},{\"@type\":\"Person\",\"@id\":\"https:\\\/\\\/proxima2023.okoumea.com\\\/fr\\\/#\\\/schema\\\/person\\\/76485fc47f1ebece06bb555d9824cae0\",\"name\":\"Proxima\",\"image\":{\"@type\":\"ImageObject\",\"inLanguage\":\"fr-FR\",\"@id\":\"https:\\\/\\\/secure.gravatar.com\\\/avatar\\\/1a9a201a1fcd5f2ecbfa35b383607d569af4cffda10e358211dbcb32e8d758cc?s=96&d=mm&r=g\",\"url\":\"https:\\\/\\\/secure.gravatar.com\\\/avatar\\\/1a9a201a1fcd5f2ecbfa35b383607d569af4cffda10e358211dbcb32e8d758cc?s=96&d=mm&r=g\",\"contentUrl\":\"https:\\\/\\\/secure.gravatar.com\\\/avatar\\\/1a9a201a1fcd5f2ecbfa35b383607d569af4cffda10e358211dbcb32e8d758cc?s=96&d=mm&r=g\",\"caption\":\"Proxima\"},\"description\":\"Avocat Indemnisation de victimes Emeric GUILLERMOU\",\"url\":\"https:\\\/\\\/guillermou-avocats.fr\\\/fr\\\/author\\\/proxima\"}]}<\/script>\n<!-- \/ Yoast SEO Premium plugin. -->","yoast_head_json":{"title":"Expertise m\u00e9dicale: indemnisation des frais compl\u00e9mentaires - Avocat indemnisation de victimes","robots":{"index":"index","follow":"follow","max-snippet":"max-snippet:-1","max-image-preview":"max-image-preview:large","max-video-preview":"max-video-preview:-1"},"canonical":"https:\/\/guillermou-avocats.fr\/fr\/jurisprudences\/expertise-medicale-indemnisation-des-frais-complementaires","og_locale":"fr_FR","og_type":"article","og_title":"Expertise m\u00e9dicale: indemnisation des frais compl\u00e9mentaires - Avocat indemnisation de victimes","og_url":"https:\/\/guillermou-avocats.fr\/fr\/jurisprudences\/expertise-medicale-indemnisation-des-frais-complementaires","og_site_name":"Avocat indemnisation de victimes","article_publisher":"https:\/\/www.facebook.com\/emericguillermou\/","article_published_time":"2020-06-15T09:02:57+00:00","article_modified_time":"2024-09-12T08:46:03+00:00","author":"Proxima","twitter_card":"summary_large_image","twitter_creator":"@eguillermou","twitter_site":"@eguillermou","twitter_misc":{"\u00c9crit par":"Proxima","Dur\u00e9e de lecture estim\u00e9e":"3 minutes"},"schema":{"@context":"https:\/\/schema.org","@graph":[{"@type":"Article","@id":"https:\/\/guillermou-avocats.fr\/fr\/jurisprudences\/expertise-medicale-indemnisation-des-frais-complementaires#article","isPartOf":{"@id":"https:\/\/guillermou-avocats.fr\/fr\/jurisprudences\/expertise-medicale-indemnisation-des-frais-complementaires"},"author":{"name":"Proxima","@id":"https:\/\/proxima2023.okoumea.com\/fr\/#\/schema\/person\/76485fc47f1ebece06bb555d9824cae0"},"headline":"Expertise m\u00e9dicale: indemnisation des frais compl\u00e9mentaires","datePublished":"2020-06-15T09:02:57+00:00","dateModified":"2024-09-12T08:46:03+00:00","mainEntityOfPage":{"@id":"https:\/\/guillermou-avocats.fr\/fr\/jurisprudences\/expertise-medicale-indemnisation-des-frais-complementaires"},"wordCount":787,"commentCount":0,"publisher":{"@id":"https:\/\/proxima2023.okoumea.com\/fr\/#organization"},"articleSection":["Accident du travail","Droit","Expertise","faute inexcusable","Faute inexcusable de l'employeur","Indemnisation","indemnisation compl\u00e9mentaire","Jurisprudences","victime"],"inLanguage":"fr-FR","potentialAction":[{"@type":"CommentAction","name":"Comment","target":["https:\/\/guillermou-avocats.fr\/fr\/jurisprudences\/expertise-medicale-indemnisation-des-frais-complementaires#respond"]}]},{"@type":"WebPage","@id":"https:\/\/guillermou-avocats.fr\/fr\/jurisprudences\/expertise-medicale-indemnisation-des-frais-complementaires","url":"https:\/\/guillermou-avocats.fr\/fr\/jurisprudences\/expertise-medicale-indemnisation-des-frais-complementaires","name":"Expertise m\u00e9dicale: indemnisation des frais compl\u00e9mentaires - Avocat indemnisation de victimes","isPartOf":{"@id":"https:\/\/proxima2023.okoumea.com\/fr\/#website"},"datePublished":"2020-06-15T09:02:57+00:00","dateModified":"2024-09-12T08:46:03+00:00","inLanguage":"fr-FR","potentialAction":[{"@type":"ReadAction","target":["https:\/\/guillermou-avocats.fr\/fr\/jurisprudences\/expertise-medicale-indemnisation-des-frais-complementaires"]}]},{"@type":"WebSite","@id":"https:\/\/proxima2023.okoumea.com\/fr\/#website","url":"https:\/\/proxima2023.okoumea.com\/fr\/","name":"Proxima - Avocats indemnisation de victimes","description":"Chaque jour est un nouveau cap \u00e0 franchir ensemble","publisher":{"@id":"https:\/\/proxima2023.okoumea.com\/fr\/#organization"},"potentialAction":[{"@type":"SearchAction","target":{"@type":"EntryPoint","urlTemplate":"https:\/\/proxima2023.okoumea.com\/fr\/?s={search_term_string}"},"query-input":{"@type":"PropertyValueSpecification","valueRequired":true,"valueName":"search_term_string"}}],"inLanguage":"fr-FR"},{"@type":"Organization","@id":"https:\/\/proxima2023.okoumea.com\/fr\/#organization","name":"CABINET PROXIMA GUILLERMOU AVOCATS","url":"https:\/\/proxima2023.okoumea.com\/fr\/","logo":{"@type":"ImageObject","inLanguage":"fr-FR","@id":"https:\/\/proxima2023.okoumea.com\/fr\/#\/schema\/logo\/image\/","url":"https:\/\/guillermou-avocats.fr\/wp-content\/uploads\/2024\/08\/2Fichier-12ProximaLogox1.png","contentUrl":"https:\/\/guillermou-avocats.fr\/wp-content\/uploads\/2024\/08\/2Fichier-12ProximaLogox1.png","width":836,"height":825,"caption":"CABINET PROXIMA GUILLERMOU AVOCATS"},"image":{"@id":"https:\/\/proxima2023.okoumea.com\/fr\/#\/schema\/logo\/image\/"},"sameAs":["https:\/\/www.facebook.com\/emericguillermou\/","https:\/\/x.com\/eguillermou","https:\/\/fr.linkedin.com\/in\/emeric-guillermou-6a4b9bb6","https:\/\/www.youtube.com\/@emericguillermou9412"]},{"@type":"Person","@id":"https:\/\/proxima2023.okoumea.com\/fr\/#\/schema\/person\/76485fc47f1ebece06bb555d9824cae0","name":"Proxima","image":{"@type":"ImageObject","inLanguage":"fr-FR","@id":"https:\/\/secure.gravatar.com\/avatar\/1a9a201a1fcd5f2ecbfa35b383607d569af4cffda10e358211dbcb32e8d758cc?s=96&d=mm&r=g","url":"https:\/\/secure.gravatar.com\/avatar\/1a9a201a1fcd5f2ecbfa35b383607d569af4cffda10e358211dbcb32e8d758cc?s=96&d=mm&r=g","contentUrl":"https:\/\/secure.gravatar.com\/avatar\/1a9a201a1fcd5f2ecbfa35b383607d569af4cffda10e358211dbcb32e8d758cc?s=96&d=mm&r=g","caption":"Proxima"},"description":"Avocat Indemnisation de victimes Emeric GUILLERMOU","url":"https:\/\/guillermou-avocats.fr\/fr\/author\/proxima"}]}},"_links":{"self":[{"href":"https:\/\/guillermou-avocats.fr\/fr\/wp-json\/wp\/v2\/posts\/7296","targetHints":{"allow":["GET"]}}],"collection":[{"href":"https:\/\/guillermou-avocats.fr\/fr\/wp-json\/wp\/v2\/posts"}],"about":[{"href":"https:\/\/guillermou-avocats.fr\/fr\/wp-json\/wp\/v2\/types\/post"}],"author":[{"embeddable":true,"href":"https:\/\/guillermou-avocats.fr\/fr\/wp-json\/wp\/v2\/users\/2"}],"replies":[{"embeddable":true,"href":"https:\/\/guillermou-avocats.fr\/fr\/wp-json\/wp\/v2\/comments?post=7296"}],"version-history":[{"count":16,"href":"https:\/\/guillermou-avocats.fr\/fr\/wp-json\/wp\/v2\/posts\/7296\/revisions"}],"predecessor-version":[{"id":7313,"href":"https:\/\/guillermou-avocats.fr\/fr\/wp-json\/wp\/v2\/posts\/7296\/revisions\/7313"}],"wp:attachment":[{"href":"https:\/\/guillermou-avocats.fr\/fr\/wp-json\/wp\/v2\/media?parent=7296"}],"wp:term":[{"taxonomy":"category","embeddable":true,"href":"https:\/\/guillermou-avocats.fr\/fr\/wp-json\/wp\/v2\/categories?post=7296"},{"taxonomy":"post_tag","embeddable":true,"href":"https:\/\/guillermou-avocats.fr\/fr\/wp-json\/wp\/v2\/tags?post=7296"}],"curies":[{"name":"wp","href":"https:\/\/api.w.org\/{rel}","templated":true}]}}