{"id":6906,"date":"2020-01-27T14:56:10","date_gmt":"2020-01-27T13:56:10","guid":{"rendered":"https:\/\/guillermou-avocats.fr\/?p=6906"},"modified":"2024-09-13T12:18:33","modified_gmt":"2024-09-13T10:18:33","slug":"indemnisation-des-frais-dassistance-a-expertise","status":"publish","type":"post","link":"https:\/\/guillermou-avocats.fr\/fr\/jurisprudences\/indemnisation-des-frais-dassistance-a-expertise","title":{"rendered":"Indemnisation des frais d&rsquo;assistance \u00e0 expertise"},"content":{"rendered":"<p><div class=\"fusion-fullwidth fullwidth-box nonhundred-percent-fullwidth non-hundred-percent-height-scrolling\"  style='background-color: rgba(255,255,255,0);background-position: center center;background-repeat: no-repeat;padding-top:0px;padding-right:0px;padding-bottom:0px;padding-left:0px;'><div class=\"fusion-builder-row fusion-row \"><div  class=\"fusion-layout-column fusion_builder_column fusion_builder_column_1_1  fusion-one-full fusion-column-first fusion-column-last 1_1\"  style='margin-top:0px;margin-bottom:0px;'>\n\t\t\t\t\t<div class=\"fusion-column-wrapper\" style=\"padding: 0px 0px 0px 0px;background-position:left top;background-repeat:no-repeat;-webkit-background-size:cover;-moz-background-size:cover;-o-background-size:cover;background-size:cover;\"  data-bg-url=\"\">\n\t\t\t\t\t\t<div class=\"fusion-clearfix\"><\/div>\n\n\t\t\t\t\t<\/div>\n\t\t\t\t<\/div><div  class=\"fusion-layout-column fusion_builder_column fusion_builder_column_1_1  fusion-one-full fusion-column-first fusion-column-last 1_1\"  style='margin-top:0px;margin-bottom:20px;'>\n\t\t\t\t\t<div class=\"fusion-column-wrapper\" style=\"padding: 0px 0px 0px 0px;background-position:left top;background-repeat:no-repeat;-webkit-background-size:cover;-moz-background-size:cover;-o-background-size:cover;background-size:cover;\"  data-bg-url=\"\">\n\t\t\t\t\t\t<div class=\"fusion-text\"><h2>Frais d&rsquo;assistance \u00e0 expertise m\u00e9dicale<\/h2>\n<p style=\"text-align: justify;\">Un femme de 41 ans consulte en 2007 un orthodontiste car elle souffre de douleurs dentaires chroniques la contraignant \u00e0 une mastication unilat\u00e9rale. Elle consulte alors un praticien qui met en place mi-juin 2007 un traitement multi-bagues et qui fait proc\u00e9der, le 26 octobre suivant, \u00e0 l&rsquo;avulsion de quatre pr\u00e9molaires. La patiente subit d\u2019importantes douleurs caus\u00e9es par le traitement et les r\u00e9sultats sont insuffisants. Ayant perdu toute confiance dans son m\u00e9decin, elle d\u00e9cide d\u2019interrompre le traitement et de se tourner vers un autre sp\u00e9cialiste.<\/p>\n<p style=\"text-align: justify;\">Elle assigne en responsabilit\u00e9 et indemnisation le praticien. En\u00a01\u00e8re instance, ce dernier est d\u00e9clar\u00e9 responsable du <a href=\"https:\/\/guillermou-avocats.fr\/dommage-corporel\">dommage<\/a> qu\u2019elle a subi cons\u00e9cutivement \u00e0 ces soins sur le fondement de l&rsquo;article<a href=\"https:\/\/www.legifrance.gouv.fr\/affichCodeArticle.do?idArticle=LEGIARTI000020628252&amp;cidTexte=LEGITEXT000006072665&amp;dateTexte=20090514\"> L.1142-1 du code de la sant\u00e9 publique.<\/a><\/p>\n<p style=\"text-align: justify;\">Le m\u00e9decin fait appel du jugement. Il conteste sa condamnation \u00e0 indemniser plusieurs postes de pr\u00e9judices et demande une r\u00e9duction des frais d\u2019<a href=\"https:\/\/guillermou-avocats.fr\/expertise-medicale\">assistance \u00e0 expertise m\u00e9dicale.<\/a><\/p>\n<p style=\"text-align: justify;\">En appel, la cour retient sur la base des factures vers\u00e9es aux d\u00e9bats que le montant des frais d\u2019assistance aux op\u00e9rations d\u2019expertise s\u2019\u00e9levait \u00e0 la somme de 3750,48 \u20ac. La victime se pourvoit en cassation. Elle rel\u00e8ve, dans le 3\u00e8me moyen du pourvoi, que la cour d\u2019appel a d\u00e9natur\u00e9 ces factures et viol\u00e9 le principe de la <a href=\"https:\/\/guillermou-avocats.fr\/indemnisation-prejudice\">r\u00e9paration int\u00e9grale du pr\u00e9judice<\/a>.<\/p>\n<p style=\"text-align: justify; padding-left: 30px;\">Extrait :<em>\u00ab\u00a0il ressort des factures \u00e9tablies que les frais d\u2019assistance aux op\u00e9rations d\u2019expertise s\u2019\u00e9levaient \u00e0 la somme totale de 4000,48 \u20ac comprenant la somme de 455 \u20ac correspondant \u00e0 la facture en date du 23 mars 2009 sur laquelle la victime avait r\u00e9gl\u00e9 une provision d\u2019un montant de 250 \u20ac le 6 mars 2009; qu\u2019en retenant cependant qu\u2019il r\u00e9sultait des notes d\u2019honoraires du docteur P&#8230; produites aux d\u00e9bats que le montant des frais d\u2019assistance aux op\u00e9rations d\u2019expertise s\u2019\u00e9levait \u00e0 la somme de 3750,48 euros, la cour d\u2019appel a d\u00e9natur\u00e9 ces factures et viol\u00e9 le principe susvis\u00e9\u00a0\u00bb<\/em>.<\/p>\n<h3>R\u00e9paration int\u00e9grale du pr\u00e9judice<\/h3>\n<p style=\"text-align: justify;\">Par arr\u00eat du <a href=\"https:\/\/www.legifrance.gouv.fr\/affichJuriJudi.do?oldAction=rechJuriJudi&amp;idTexte=JURITEXT000038567385&amp;fastReqId=1854763547&amp;fastPos=1\">22 mai 2019 num\u00e9ro 18 \u2013 14\u00a0063<\/a> la haute juridiction statue :<\/p>\n<p style=\"text-align: justify;\"><em>\u00ab\u00a0Attendu que, se fondant sur les factures vers\u00e9es aux d\u00e9bats par Mme K&#8230; relatives aux honoraires vers\u00e9s au m\u00e9decin conseil qui l\u2019a assist\u00e9e lors des expertises, <strong>l\u2019arr\u00eat retient qu\u2019il y a lieu de fixer \u00e0 3 750,48 euros le montant de ces frais d\u2019assistance ;<\/strong><\/em><\/p>\n<p style=\"text-align: justify;\"><em><strong>Qu\u2019en statuant ainsi, alors que ces factures s\u2019\u00e9levaient \u00e0 la somme totale de 4 000,48 euros, la cour d\u2019appel a viol\u00e9 le principe susvis\u00e9<\/strong> ;<\/em><\/p>\n<p style=\"text-align: justify;\"><em>PAR CES MOTIFS et sans qu\u2019il y a lieu de statuer sur les autres branches du premier moyen :<\/em><\/p>\n<p style=\"text-align: justify;\"><em>CASSE ET ANNULE (&#8230;)\u00a0\u00bb<\/em><\/p>\n<\/div><div class=\"fusion-clearfix\"><\/div>\n\n\t\t\t\t\t<\/div>\n\t\t\t\t<\/div><\/div><\/div><div class=\"fusion-fullwidth fullwidth-box nonhundred-percent-fullwidth non-hundred-percent-height-scrolling\"  style='background-color: rgba(255,255,255,0);background-position: center center;background-repeat: no-repeat;padding-top:0px;padding-right:0px;padding-bottom:0px;padding-left:0px;'><div class=\"fusion-builder-row fusion-row \"><div  class=\"fusion-layout-column fusion_builder_column fusion_builder_column_1_1  fusion-one-full fusion-column-first fusion-column-last 1_1\"  style='margin-top:0px;margin-bottom:20px;'>\n\t\t\t\t\t<div class=\"fusion-column-wrapper\" style=\"padding: 0px 0px 0px 0px;background-position:left top;background-repeat:no-repeat;-webkit-background-size:cover;-moz-background-size:cover;-o-background-size:cover;background-size:cover;\"  data-bg-url=\"\">\n\t\t\t\t\t\t<div class=\"fusion-clearfix\"><\/div>\n\n\t\t\t\t\t<\/div>\n\t\t\t\t<\/div><\/div><\/div><\/p>\n","protected":false},"excerpt":{"rendered":"","protected":false},"author":2,"featured_media":0,"comment_status":"open","ping_status":"open","sticky":false,"template":"","format":"standard","meta":{"footnotes":""},"categories":[75,26,85,39,25,34,82,115],"tags":[],"class_list":["post-6906","post","type-post","status-publish","format-standard","hentry","category-accident-medical","category-dommage-corporel","category-expertise","category-handicap","category-jurisprudences","category-responsabilite","category-responsabilite-medicale","category-victime"],"yoast_head":"<!-- This site is optimized with the Yoast SEO Premium plugin v23.4 (Yoast SEO v27.4) - https:\/\/yoast.com\/product\/yoast-seo-premium-wordpress\/ -->\n<title>Indemnisation des frais d&#039;assistance \u00e0 expertise - Avocat indemnisation de victimes<\/title>\n<meta name=\"description\" content=\"Un cas de responsabilit\u00e9 m\u00e9dicale et d&#039;indemnisation des frais d&#039;assistance \u00e0 expertise. Analyse juridique.\" \/>\n<meta name=\"robots\" content=\"index, follow, max-snippet:-1, max-image-preview:large, max-video-preview:-1\" \/>\n<link rel=\"canonical\" href=\"https:\/\/guillermou-avocats.fr\/fr\/jurisprudences\/indemnisation-des-frais-dassistance-a-expertise\" \/>\n<meta property=\"og:locale\" content=\"fr_FR\" \/>\n<meta property=\"og:type\" content=\"article\" \/>\n<meta property=\"og:title\" content=\"Indemnisation des frais d&#039;assistance \u00e0 expertise - Avocat indemnisation de victimes\" \/>\n<meta property=\"og:description\" content=\"Un cas de responsabilit\u00e9 m\u00e9dicale et d&#039;indemnisation des frais d&#039;assistance \u00e0 expertise. Analyse juridique.\" \/>\n<meta property=\"og:url\" content=\"https:\/\/guillermou-avocats.fr\/fr\/jurisprudences\/indemnisation-des-frais-dassistance-a-expertise\" \/>\n<meta property=\"og:site_name\" content=\"Avocat indemnisation de victimes\" \/>\n<meta property=\"article:publisher\" content=\"https:\/\/www.facebook.com\/emericguillermou\/\" \/>\n<meta property=\"article:published_time\" content=\"2020-01-27T13:56:10+00:00\" \/>\n<meta property=\"article:modified_time\" content=\"2024-09-13T10:18:33+00:00\" \/>\n<meta name=\"author\" content=\"Proxima\" \/>\n<meta name=\"twitter:card\" content=\"summary_large_image\" \/>\n<meta name=\"twitter:creator\" content=\"@eguillermou\" \/>\n<meta name=\"twitter:site\" content=\"@eguillermou\" \/>\n<meta name=\"twitter:label1\" content=\"\u00c9crit par\" \/>\n\t<meta name=\"twitter:data1\" content=\"Proxima\" \/>\n\t<meta name=\"twitter:label2\" content=\"Dur\u00e9e de lecture estim\u00e9e\" \/>\n\t<meta name=\"twitter:data2\" content=\"4 minutes\" \/>\n<script type=\"application\/ld+json\" class=\"yoast-schema-graph\">{\"@context\":\"https:\\\/\\\/schema.org\",\"@graph\":[{\"@type\":\"Article\",\"@id\":\"https:\\\/\\\/guillermou-avocats.fr\\\/fr\\\/jurisprudences\\\/indemnisation-des-frais-dassistance-a-expertise#article\",\"isPartOf\":{\"@id\":\"https:\\\/\\\/guillermou-avocats.fr\\\/fr\\\/jurisprudences\\\/indemnisation-des-frais-dassistance-a-expertise\"},\"author\":{\"name\":\"Proxima\",\"@id\":\"https:\\\/\\\/proxima2023.okoumea.com\\\/fr\\\/#\\\/schema\\\/person\\\/76485fc47f1ebece06bb555d9824cae0\"},\"headline\":\"Indemnisation des frais d&rsquo;assistance \u00e0 expertise\",\"datePublished\":\"2020-01-27T13:56:10+00:00\",\"dateModified\":\"2024-09-13T10:18:33+00:00\",\"mainEntityOfPage\":{\"@id\":\"https:\\\/\\\/guillermou-avocats.fr\\\/fr\\\/jurisprudences\\\/indemnisation-des-frais-dassistance-a-expertise\"},\"wordCount\":896,\"commentCount\":0,\"publisher\":{\"@id\":\"https:\\\/\\\/proxima2023.okoumea.com\\\/fr\\\/#organization\"},\"articleSection\":[\"Accident m\u00e9dical\",\"Dommage corporel\",\"Expertise\",\"Handicap\",\"Jurisprudences\",\"Responsabilit\u00e9\",\"Responsabilit\u00e9 m\u00e9dicale\",\"victime\"],\"inLanguage\":\"fr-FR\",\"potentialAction\":[{\"@type\":\"CommentAction\",\"name\":\"Comment\",\"target\":[\"https:\\\/\\\/guillermou-avocats.fr\\\/fr\\\/jurisprudences\\\/indemnisation-des-frais-dassistance-a-expertise#respond\"]}]},{\"@type\":\"WebPage\",\"@id\":\"https:\\\/\\\/guillermou-avocats.fr\\\/fr\\\/jurisprudences\\\/indemnisation-des-frais-dassistance-a-expertise\",\"url\":\"https:\\\/\\\/guillermou-avocats.fr\\\/fr\\\/jurisprudences\\\/indemnisation-des-frais-dassistance-a-expertise\",\"name\":\"Indemnisation des frais d'assistance \u00e0 expertise - Avocat indemnisation de victimes\",\"isPartOf\":{\"@id\":\"https:\\\/\\\/proxima2023.okoumea.com\\\/fr\\\/#website\"},\"datePublished\":\"2020-01-27T13:56:10+00:00\",\"dateModified\":\"2024-09-13T10:18:33+00:00\",\"description\":\"Un cas de responsabilit\u00e9 m\u00e9dicale et d'indemnisation des frais d'assistance \u00e0 expertise. Analyse juridique.\",\"inLanguage\":\"fr-FR\",\"potentialAction\":[{\"@type\":\"ReadAction\",\"target\":[\"https:\\\/\\\/guillermou-avocats.fr\\\/fr\\\/jurisprudences\\\/indemnisation-des-frais-dassistance-a-expertise\"]}]},{\"@type\":\"WebSite\",\"@id\":\"https:\\\/\\\/proxima2023.okoumea.com\\\/fr\\\/#website\",\"url\":\"https:\\\/\\\/proxima2023.okoumea.com\\\/fr\\\/\",\"name\":\"Proxima - Avocats indemnisation de victimes\",\"description\":\"Chaque jour est un nouveau cap \u00e0 franchir ensemble\",\"publisher\":{\"@id\":\"https:\\\/\\\/proxima2023.okoumea.com\\\/fr\\\/#organization\"},\"potentialAction\":[{\"@type\":\"SearchAction\",\"target\":{\"@type\":\"EntryPoint\",\"urlTemplate\":\"https:\\\/\\\/proxima2023.okoumea.com\\\/fr\\\/?s={search_term_string}\"},\"query-input\":{\"@type\":\"PropertyValueSpecification\",\"valueRequired\":true,\"valueName\":\"search_term_string\"}}],\"inLanguage\":\"fr-FR\"},{\"@type\":\"Organization\",\"@id\":\"https:\\\/\\\/proxima2023.okoumea.com\\\/fr\\\/#organization\",\"name\":\"CABINET PROXIMA GUILLERMOU AVOCATS\",\"url\":\"https:\\\/\\\/proxima2023.okoumea.com\\\/fr\\\/\",\"logo\":{\"@type\":\"ImageObject\",\"inLanguage\":\"fr-FR\",\"@id\":\"https:\\\/\\\/proxima2023.okoumea.com\\\/fr\\\/#\\\/schema\\\/logo\\\/image\\\/\",\"url\":\"https:\\\/\\\/guillermou-avocats.fr\\\/wp-content\\\/uploads\\\/2024\\\/08\\\/2Fichier-12ProximaLogox1.png\",\"contentUrl\":\"https:\\\/\\\/guillermou-avocats.fr\\\/wp-content\\\/uploads\\\/2024\\\/08\\\/2Fichier-12ProximaLogox1.png\",\"width\":836,\"height\":825,\"caption\":\"CABINET PROXIMA GUILLERMOU AVOCATS\"},\"image\":{\"@id\":\"https:\\\/\\\/proxima2023.okoumea.com\\\/fr\\\/#\\\/schema\\\/logo\\\/image\\\/\"},\"sameAs\":[\"https:\\\/\\\/www.facebook.com\\\/emericguillermou\\\/\",\"https:\\\/\\\/x.com\\\/eguillermou\",\"https:\\\/\\\/fr.linkedin.com\\\/in\\\/emeric-guillermou-6a4b9bb6\",\"https:\\\/\\\/www.youtube.com\\\/@emericguillermou9412\"]},{\"@type\":\"Person\",\"@id\":\"https:\\\/\\\/proxima2023.okoumea.com\\\/fr\\\/#\\\/schema\\\/person\\\/76485fc47f1ebece06bb555d9824cae0\",\"name\":\"Proxima\",\"image\":{\"@type\":\"ImageObject\",\"inLanguage\":\"fr-FR\",\"@id\":\"https:\\\/\\\/secure.gravatar.com\\\/avatar\\\/1a9a201a1fcd5f2ecbfa35b383607d569af4cffda10e358211dbcb32e8d758cc?s=96&d=mm&r=g\",\"url\":\"https:\\\/\\\/secure.gravatar.com\\\/avatar\\\/1a9a201a1fcd5f2ecbfa35b383607d569af4cffda10e358211dbcb32e8d758cc?s=96&d=mm&r=g\",\"contentUrl\":\"https:\\\/\\\/secure.gravatar.com\\\/avatar\\\/1a9a201a1fcd5f2ecbfa35b383607d569af4cffda10e358211dbcb32e8d758cc?s=96&d=mm&r=g\",\"caption\":\"Proxima\"},\"description\":\"Avocat Indemnisation de victimes Emeric GUILLERMOU\",\"url\":\"https:\\\/\\\/guillermou-avocats.fr\\\/fr\\\/author\\\/proxima\"}]}<\/script>\n<!-- \/ Yoast SEO Premium plugin. -->","yoast_head_json":{"title":"Indemnisation des frais d'assistance \u00e0 expertise - Avocat indemnisation de victimes","description":"Un cas de responsabilit\u00e9 m\u00e9dicale et d'indemnisation des frais d'assistance \u00e0 expertise. Analyse juridique.","robots":{"index":"index","follow":"follow","max-snippet":"max-snippet:-1","max-image-preview":"max-image-preview:large","max-video-preview":"max-video-preview:-1"},"canonical":"https:\/\/guillermou-avocats.fr\/fr\/jurisprudences\/indemnisation-des-frais-dassistance-a-expertise","og_locale":"fr_FR","og_type":"article","og_title":"Indemnisation des frais d'assistance \u00e0 expertise - Avocat indemnisation de victimes","og_description":"Un cas de responsabilit\u00e9 m\u00e9dicale et d'indemnisation des frais d'assistance \u00e0 expertise. Analyse juridique.","og_url":"https:\/\/guillermou-avocats.fr\/fr\/jurisprudences\/indemnisation-des-frais-dassistance-a-expertise","og_site_name":"Avocat indemnisation de victimes","article_publisher":"https:\/\/www.facebook.com\/emericguillermou\/","article_published_time":"2020-01-27T13:56:10+00:00","article_modified_time":"2024-09-13T10:18:33+00:00","author":"Proxima","twitter_card":"summary_large_image","twitter_creator":"@eguillermou","twitter_site":"@eguillermou","twitter_misc":{"\u00c9crit par":"Proxima","Dur\u00e9e de lecture estim\u00e9e":"4 minutes"},"schema":{"@context":"https:\/\/schema.org","@graph":[{"@type":"Article","@id":"https:\/\/guillermou-avocats.fr\/fr\/jurisprudences\/indemnisation-des-frais-dassistance-a-expertise#article","isPartOf":{"@id":"https:\/\/guillermou-avocats.fr\/fr\/jurisprudences\/indemnisation-des-frais-dassistance-a-expertise"},"author":{"name":"Proxima","@id":"https:\/\/proxima2023.okoumea.com\/fr\/#\/schema\/person\/76485fc47f1ebece06bb555d9824cae0"},"headline":"Indemnisation des frais d&rsquo;assistance \u00e0 expertise","datePublished":"2020-01-27T13:56:10+00:00","dateModified":"2024-09-13T10:18:33+00:00","mainEntityOfPage":{"@id":"https:\/\/guillermou-avocats.fr\/fr\/jurisprudences\/indemnisation-des-frais-dassistance-a-expertise"},"wordCount":896,"commentCount":0,"publisher":{"@id":"https:\/\/proxima2023.okoumea.com\/fr\/#organization"},"articleSection":["Accident m\u00e9dical","Dommage corporel","Expertise","Handicap","Jurisprudences","Responsabilit\u00e9","Responsabilit\u00e9 m\u00e9dicale","victime"],"inLanguage":"fr-FR","potentialAction":[{"@type":"CommentAction","name":"Comment","target":["https:\/\/guillermou-avocats.fr\/fr\/jurisprudences\/indemnisation-des-frais-dassistance-a-expertise#respond"]}]},{"@type":"WebPage","@id":"https:\/\/guillermou-avocats.fr\/fr\/jurisprudences\/indemnisation-des-frais-dassistance-a-expertise","url":"https:\/\/guillermou-avocats.fr\/fr\/jurisprudences\/indemnisation-des-frais-dassistance-a-expertise","name":"Indemnisation des frais d'assistance \u00e0 expertise - Avocat indemnisation de victimes","isPartOf":{"@id":"https:\/\/proxima2023.okoumea.com\/fr\/#website"},"datePublished":"2020-01-27T13:56:10+00:00","dateModified":"2024-09-13T10:18:33+00:00","description":"Un cas de responsabilit\u00e9 m\u00e9dicale et d'indemnisation des frais d'assistance \u00e0 expertise. Analyse juridique.","inLanguage":"fr-FR","potentialAction":[{"@type":"ReadAction","target":["https:\/\/guillermou-avocats.fr\/fr\/jurisprudences\/indemnisation-des-frais-dassistance-a-expertise"]}]},{"@type":"WebSite","@id":"https:\/\/proxima2023.okoumea.com\/fr\/#website","url":"https:\/\/proxima2023.okoumea.com\/fr\/","name":"Proxima - Avocats indemnisation de victimes","description":"Chaque jour est un nouveau cap \u00e0 franchir ensemble","publisher":{"@id":"https:\/\/proxima2023.okoumea.com\/fr\/#organization"},"potentialAction":[{"@type":"SearchAction","target":{"@type":"EntryPoint","urlTemplate":"https:\/\/proxima2023.okoumea.com\/fr\/?s={search_term_string}"},"query-input":{"@type":"PropertyValueSpecification","valueRequired":true,"valueName":"search_term_string"}}],"inLanguage":"fr-FR"},{"@type":"Organization","@id":"https:\/\/proxima2023.okoumea.com\/fr\/#organization","name":"CABINET PROXIMA GUILLERMOU AVOCATS","url":"https:\/\/proxima2023.okoumea.com\/fr\/","logo":{"@type":"ImageObject","inLanguage":"fr-FR","@id":"https:\/\/proxima2023.okoumea.com\/fr\/#\/schema\/logo\/image\/","url":"https:\/\/guillermou-avocats.fr\/wp-content\/uploads\/2024\/08\/2Fichier-12ProximaLogox1.png","contentUrl":"https:\/\/guillermou-avocats.fr\/wp-content\/uploads\/2024\/08\/2Fichier-12ProximaLogox1.png","width":836,"height":825,"caption":"CABINET PROXIMA GUILLERMOU AVOCATS"},"image":{"@id":"https:\/\/proxima2023.okoumea.com\/fr\/#\/schema\/logo\/image\/"},"sameAs":["https:\/\/www.facebook.com\/emericguillermou\/","https:\/\/x.com\/eguillermou","https:\/\/fr.linkedin.com\/in\/emeric-guillermou-6a4b9bb6","https:\/\/www.youtube.com\/@emericguillermou9412"]},{"@type":"Person","@id":"https:\/\/proxima2023.okoumea.com\/fr\/#\/schema\/person\/76485fc47f1ebece06bb555d9824cae0","name":"Proxima","image":{"@type":"ImageObject","inLanguage":"fr-FR","@id":"https:\/\/secure.gravatar.com\/avatar\/1a9a201a1fcd5f2ecbfa35b383607d569af4cffda10e358211dbcb32e8d758cc?s=96&d=mm&r=g","url":"https:\/\/secure.gravatar.com\/avatar\/1a9a201a1fcd5f2ecbfa35b383607d569af4cffda10e358211dbcb32e8d758cc?s=96&d=mm&r=g","contentUrl":"https:\/\/secure.gravatar.com\/avatar\/1a9a201a1fcd5f2ecbfa35b383607d569af4cffda10e358211dbcb32e8d758cc?s=96&d=mm&r=g","caption":"Proxima"},"description":"Avocat Indemnisation de victimes Emeric GUILLERMOU","url":"https:\/\/guillermou-avocats.fr\/fr\/author\/proxima"}]}},"_links":{"self":[{"href":"https:\/\/guillermou-avocats.fr\/fr\/wp-json\/wp\/v2\/posts\/6906","targetHints":{"allow":["GET"]}}],"collection":[{"href":"https:\/\/guillermou-avocats.fr\/fr\/wp-json\/wp\/v2\/posts"}],"about":[{"href":"https:\/\/guillermou-avocats.fr\/fr\/wp-json\/wp\/v2\/types\/post"}],"author":[{"embeddable":true,"href":"https:\/\/guillermou-avocats.fr\/fr\/wp-json\/wp\/v2\/users\/2"}],"replies":[{"embeddable":true,"href":"https:\/\/guillermou-avocats.fr\/fr\/wp-json\/wp\/v2\/comments?post=6906"}],"version-history":[{"count":15,"href":"https:\/\/guillermou-avocats.fr\/fr\/wp-json\/wp\/v2\/posts\/6906\/revisions"}],"predecessor-version":[{"id":8828,"href":"https:\/\/guillermou-avocats.fr\/fr\/wp-json\/wp\/v2\/posts\/6906\/revisions\/8828"}],"wp:attachment":[{"href":"https:\/\/guillermou-avocats.fr\/fr\/wp-json\/wp\/v2\/media?parent=6906"}],"wp:term":[{"taxonomy":"category","embeddable":true,"href":"https:\/\/guillermou-avocats.fr\/fr\/wp-json\/wp\/v2\/categories?post=6906"},{"taxonomy":"post_tag","embeddable":true,"href":"https:\/\/guillermou-avocats.fr\/fr\/wp-json\/wp\/v2\/tags?post=6906"}],"curies":[{"name":"wp","href":"https:\/\/api.w.org\/{rel}","templated":true}]}}