{"id":6825,"date":"2019-12-02T16:02:36","date_gmt":"2019-12-02T15:02:36","guid":{"rendered":"https:\/\/guillermou-avocats.fr\/?p=6825"},"modified":"2024-09-13T12:36:50","modified_gmt":"2024-09-13T10:36:50","slug":"responsabilite-du-supermarche-qui-laisse-du-persil-sur-le-sol-provoquant-la-chute-dune-cliente","status":"publish","type":"post","link":"https:\/\/guillermou-avocats.fr\/fr\/actualites\/responsabilite-du-supermarche-qui-laisse-du-persil-sur-le-sol-provoquant-la-chute-dune-cliente","title":{"rendered":"Responsabilit\u00e9 du supermarch\u00e9 qui laisse du persil sur le sol, provoquant la chute d\u2019une cliente"},"content":{"rendered":"<div class=\"fusion-fullwidth fullwidth-box nonhundred-percent-fullwidth non-hundred-percent-height-scrolling\"  style='background-color: rgba(255,255,255,0);background-position: center center;background-repeat: no-repeat;padding-top:0px;padding-right:0px;padding-bottom:0px;padding-left:0px;'><div class=\"fusion-builder-row fusion-row \"><div  class=\"fusion-layout-column fusion_builder_column fusion_builder_column_1_1  fusion-one-full fusion-column-first fusion-column-last 1_1\"  style='margin-top:0px;margin-bottom:0px;'>\n\t\t\t\t\t<div class=\"fusion-column-wrapper\" style=\"padding: 0px 0px 0px 0px;background-position:left top;background-repeat:no-repeat;-webkit-background-size:cover;-moz-background-size:cover;-o-background-size:cover;background-size:cover;\"  data-bg-url=\"\">\n\t\t\t\t\t\t<div class=\"fusion-text\"><h2><strong>La pr\u00e9sence d&rsquo;une substance v\u00e9g\u00e9tale sur le sol d&rsquo;un supermarch\u00e9 est anormale et rend le sol glissant<\/strong><\/h2>\n<h3>Accident de la vie<\/h3>\n<p style=\"text-align: justify;\">Le 22 septembre 2012, alors qu\u2019elle faisait les courses dans un supermarch\u00e9, une femme glisse sur une feuille de persil rest\u00e9e sur le sol. Elle chute, ce qui provoque une fracture de la rotule du genou droit.<\/p>\n<p style=\"text-align: justify;\">La <a href=\"https:\/\/guillermou-avocats.fr\/droits-victime\">victime<\/a> assigne le magasin devant le tribunal de grande instance (TGI)sur le fondement de l\u2019<a href=\"https:\/\/www.legifrance.gouv.fr\/affichCodeArticle.do?idArticle=LEGIARTI000006438840&amp;cidTexte=LEGITEXT000006070721&amp;dateTexte=20020305\">article 1384 alin\u00e9a 1 du code civil<\/a> afin de le voir condamn\u00e9 \u00e0 l\u2019indemniser des cons\u00e9quences dommageables de l\u2019<a href=\"https:\/\/guillermou-avocats.fr\/id-2-accident-vie-indemnisation-gav\">accident.<\/a><\/p>\n<p style=\"text-align: justify;\">La victime se fonde sur le <a href=\"https:\/\/guillermou-avocats.fr\/expertise-medicale\">rapport d\u2019expertise<\/a> du 27 janvier 2015 qui constate que le <a href=\"https:\/\/guillermou-avocats.fr\/lexique-juridique\/id-148-dommage-corporel\">dommage<\/a> est <em>\u00ab bien en relation directe,\u00a0 certaine et exclusive avec la chute du 22 septembre 2012, en l\u2019absence de faits ext\u00e9rieurs ou d\u2019<a href=\"https:\/\/guillermou-avocats.fr\/lexique-juridique\/id-66-etat-anterieur\">\u00e9tat ant\u00e9rieur<\/a> susceptible d\u2019interf\u00e9rer avec cette affaire \u00bb<\/em> pour solliciter diverses sommes au titre des<a href=\"https:\/\/guillermou-avocats.fr\/jurisprudences\/garantie-des-accidents-de-la-vie-gav-le-fauteuil-roulant-et-la-prothese-ne-sont-pas-des-frais-medicaux-et-hospitaliers-exclus-par-la-garantie\"> frais m\u00e9dicaux<\/a>, de la <a href=\"https:\/\/guillermou-avocats.fr\/lexique-juridique\/id-190-perte-de-gains-professionnels-actuels-pgpa\">perte de gains professionnels actuels<\/a>, de l<a href=\"https:\/\/guillermou-avocats.fr\/lexique-juridique\/id-83-incidence-professionnelle-ip\">\u2019incidence professionnelle<\/a>, du <a href=\"https:\/\/guillermou-avocats.fr\/lexique-juridique\/id-59-deficit-fonctionnel-temporaire-dft\">d\u00e9ficit fonctionnel temporaire,<\/a> des <a href=\"https:\/\/guillermou-avocats.fr\/lexique-juridique\/souffrances-endurees-pretium-doloris\">souffrances endur\u00e9es<\/a>, du <a href=\"https:\/\/guillermou-avocats.fr\/lexique-juridique\/id-117-prejudice-esthetique\">pr\u00e9judice esth\u00e9tique<\/a> temporaire et d\u00e9finitif.<\/p>\n<p style=\"text-align: justify;\">Le 13 octobre 2016 le TGI d\u00e9clare <strong>le supermarch\u00e9 est enti\u00e8rement responsable<\/strong> des cons\u00e9quences dommageables de l\u2019accident de la victime et le condamne \u00e0 verser, en <a href=\"https:\/\/guillermou-avocats.fr\/indemnisation-prejudice\">r\u00e9paration de son pr\u00e9judice<\/a> , la somme de 21\u00a0164,02 \u20ac.<\/p>\n<p style=\"text-align: justify;\">Le supermarch\u00e9 a fait appel du jugement.<\/p>\n<h4>Responsabilit\u00e9<\/h4>\n<p style=\"text-align: justify;\">Par arr\u00eat du 15 octobre 2019 n\u00b0 16\/08246, la cour d\u2019appel statue sur la responsabilit\u00e9 du magasin.<\/p>\n<p style=\"text-align: justify;\"><em>\u00ab Au terme de l\u2019article 1384 alin\u00e9a 1er du Code civil, on est responsable non seulement du dommage que l\u2019on cause par son propre fait, mais encore de celui qui est caus\u00e9 par le fait des personnes dont on doit r\u00e9pondre ou des choses que l\u2019on a sous sa garde. (\u2026)<\/em><\/p>\n<p style=\"text-align: justify;\"><em>Les appelantes critiquent cependant le jugement au motif que Madame X ne rapporte la preuve ni de sa de pr\u00e9sence ni d\u2019une chute dans le magasin, ni d\u2019une chute \u00e0 cause d\u2019une feuille de persil, non plus du caract\u00e8re anormal de la chose. \u00bb<\/em><\/p>\n<p style=\"text-align: justify;\">La cour, constate que les attestations de chute dans le magasin \u00e9tablies m\u00eame plusieurs mois plus tard conservent une force probante. Elle rappelle qu\u2019il ne peut \u00eatre exig\u00e9 la production d\u2019un ticket de caisse pour prouver la pr\u00e9sence de la victime dans le magasin; ni qu\u2019il ne peut lui \u00eatre reproch\u00e9 , compte tenu de son \u00e9tat, de ne pas s\u2019\u00eatre pr\u00e9sent\u00e9e au personnel du magasin pour enregistrer une plainte ou encore de ne pas avoir pris de photographies.<\/p>\n<p style=\"text-align: justify;\">La cour rappelle que les pompiers sont intervenus dans l\u2019enceinte du magasin de sorte qu\u2019il n\u2019est pas possible, par cette seule constatation, qu&rsquo; aucun membre du personnel n\u2019est rien vu. Le supermarch\u00e9 indique il n\u2019y avait pas de vente de persil dans son magasin dans toute la r\u00e9gion le jour de l\u2019accident ; cet argument n\u2019est pas probant pour remettre en cause l\u2019accident.<\/p>\n<p style=\"text-align: justify;\">En outre,<strong> la victime fait \u00e9tat de la pr\u00e9sence d\u2019un \u00e9l\u00e9ment v\u00e9g\u00e9tal et d\u2019une trace verte: la cour rappelle que la pr\u00e9sence d\u2019un v\u00e9g\u00e9tal ou d\u2019un \u00e9l\u00e9ment v\u00e9g\u00e9tal non sur un \u00e9tal mais sur le sol d\u2019un magasin est\u00a0 anormale; le sol, chose inerte, a de ce fait \u00e9t\u00e9 rendu glissant et a bien \u00e9t\u00e9 l\u2019instrument du dommage. En aucun cas la faute de la victime n\u2019est \u00e9tablie.<\/strong><\/p>\n<p style=\"text-align: justify;\">La cour confirme donc le jugement qui a retenu la responsabilit\u00e9 du supermarch\u00e9.<\/p>\n<p style=\"text-align: justify;\">Source: Lexis Nexis<\/p>\n<\/div><div class=\"fusion-clearfix\"><\/div>\n\n\t\t\t\t\t<\/div>\n\t\t\t\t<\/div><\/div><\/div>\n","protected":false},"excerpt":{"rendered":"","protected":false},"author":2,"featured_media":0,"comment_status":"open","ping_status":"open","sticky":false,"template":"","format":"standard","meta":{"footnotes":""},"categories":[93],"tags":[],"class_list":["post-6825","post","type-post","status-publish","format-standard","hentry","category-actualites"],"yoast_head":"<!-- This site is optimized with the Yoast SEO Premium plugin v23.4 (Yoast SEO v27.4) - https:\/\/yoast.com\/product\/yoast-seo-premium-wordpress\/ -->\n<title>Responsabilit\u00e9 du supermarch\u00e9 qui laisse du persil sur le sol, provoquant la chute d\u2019une cliente - Avocat indemnisation de victimes<\/title>\n<meta name=\"description\" content=\"Chute dans un supermarch\u00e9 et fracture de la rotule : une indemnisation de la victime est possible et de plein droit.\" \/>\n<meta name=\"robots\" content=\"index, follow, max-snippet:-1, max-image-preview:large, max-video-preview:-1\" \/>\n<link rel=\"canonical\" href=\"https:\/\/guillermou-avocats.fr\/fr\/actualites\/responsabilite-du-supermarche-qui-laisse-du-persil-sur-le-sol-provoquant-la-chute-dune-cliente\" \/>\n<meta property=\"og:locale\" content=\"fr_FR\" \/>\n<meta property=\"og:type\" content=\"article\" \/>\n<meta property=\"og:title\" content=\"Responsabilit\u00e9 du supermarch\u00e9 qui laisse du persil sur le sol, provoquant la chute d\u2019une cliente - Avocat indemnisation de victimes\" \/>\n<meta property=\"og:description\" content=\"Chute dans un supermarch\u00e9 et fracture de la rotule : une indemnisation de la victime est possible et de plein droit.\" \/>\n<meta property=\"og:url\" content=\"https:\/\/guillermou-avocats.fr\/fr\/actualites\/responsabilite-du-supermarche-qui-laisse-du-persil-sur-le-sol-provoquant-la-chute-dune-cliente\" \/>\n<meta property=\"og:site_name\" content=\"Avocat indemnisation de victimes\" \/>\n<meta property=\"article:publisher\" content=\"https:\/\/www.facebook.com\/emericguillermou\/\" \/>\n<meta property=\"article:published_time\" content=\"2019-12-02T15:02:36+00:00\" \/>\n<meta property=\"article:modified_time\" content=\"2024-09-13T10:36:50+00:00\" \/>\n<meta name=\"author\" content=\"Proxima\" \/>\n<meta name=\"twitter:card\" content=\"summary_large_image\" \/>\n<meta name=\"twitter:creator\" content=\"@eguillermou\" \/>\n<meta name=\"twitter:site\" content=\"@eguillermou\" \/>\n<meta name=\"twitter:label1\" content=\"\u00c9crit par\" \/>\n\t<meta name=\"twitter:data1\" content=\"Proxima\" \/>\n\t<meta name=\"twitter:label2\" content=\"Dur\u00e9e de lecture estim\u00e9e\" \/>\n\t<meta name=\"twitter:data2\" content=\"4 minutes\" \/>\n<script type=\"application\/ld+json\" class=\"yoast-schema-graph\">{\"@context\":\"https:\\\/\\\/schema.org\",\"@graph\":[{\"@type\":\"Article\",\"@id\":\"https:\\\/\\\/guillermou-avocats.fr\\\/fr\\\/actualites\\\/responsabilite-du-supermarche-qui-laisse-du-persil-sur-le-sol-provoquant-la-chute-dune-cliente#article\",\"isPartOf\":{\"@id\":\"https:\\\/\\\/guillermou-avocats.fr\\\/fr\\\/actualites\\\/responsabilite-du-supermarche-qui-laisse-du-persil-sur-le-sol-provoquant-la-chute-dune-cliente\"},\"author\":{\"name\":\"Proxima\",\"@id\":\"https:\\\/\\\/proxima2023.okoumea.com\\\/fr\\\/#\\\/schema\\\/person\\\/76485fc47f1ebece06bb555d9824cae0\"},\"headline\":\"Responsabilit\u00e9 du supermarch\u00e9 qui laisse du persil sur le sol, provoquant la chute d\u2019une cliente\",\"datePublished\":\"2019-12-02T15:02:36+00:00\",\"dateModified\":\"2024-09-13T10:36:50+00:00\",\"mainEntityOfPage\":{\"@id\":\"https:\\\/\\\/guillermou-avocats.fr\\\/fr\\\/actualites\\\/responsabilite-du-supermarche-qui-laisse-du-persil-sur-le-sol-provoquant-la-chute-dune-cliente\"},\"wordCount\":801,\"commentCount\":0,\"publisher\":{\"@id\":\"https:\\\/\\\/proxima2023.okoumea.com\\\/fr\\\/#organization\"},\"articleSection\":[\"actualit\u00e9s\"],\"inLanguage\":\"fr-FR\",\"potentialAction\":[{\"@type\":\"CommentAction\",\"name\":\"Comment\",\"target\":[\"https:\\\/\\\/guillermou-avocats.fr\\\/fr\\\/actualites\\\/responsabilite-du-supermarche-qui-laisse-du-persil-sur-le-sol-provoquant-la-chute-dune-cliente#respond\"]}]},{\"@type\":\"WebPage\",\"@id\":\"https:\\\/\\\/guillermou-avocats.fr\\\/fr\\\/actualites\\\/responsabilite-du-supermarche-qui-laisse-du-persil-sur-le-sol-provoquant-la-chute-dune-cliente\",\"url\":\"https:\\\/\\\/guillermou-avocats.fr\\\/fr\\\/actualites\\\/responsabilite-du-supermarche-qui-laisse-du-persil-sur-le-sol-provoquant-la-chute-dune-cliente\",\"name\":\"Responsabilit\u00e9 du supermarch\u00e9 qui laisse du persil sur le sol, provoquant la chute d\u2019une cliente - Avocat indemnisation de victimes\",\"isPartOf\":{\"@id\":\"https:\\\/\\\/proxima2023.okoumea.com\\\/fr\\\/#website\"},\"datePublished\":\"2019-12-02T15:02:36+00:00\",\"dateModified\":\"2024-09-13T10:36:50+00:00\",\"description\":\"Chute dans un supermarch\u00e9 et fracture de la rotule : une indemnisation de la victime est possible et de plein droit.\",\"inLanguage\":\"fr-FR\",\"potentialAction\":[{\"@type\":\"ReadAction\",\"target\":[\"https:\\\/\\\/guillermou-avocats.fr\\\/fr\\\/actualites\\\/responsabilite-du-supermarche-qui-laisse-du-persil-sur-le-sol-provoquant-la-chute-dune-cliente\"]}]},{\"@type\":\"WebSite\",\"@id\":\"https:\\\/\\\/proxima2023.okoumea.com\\\/fr\\\/#website\",\"url\":\"https:\\\/\\\/proxima2023.okoumea.com\\\/fr\\\/\",\"name\":\"Proxima - Avocats indemnisation de victimes\",\"description\":\"Chaque jour est un nouveau cap \u00e0 franchir ensemble\",\"publisher\":{\"@id\":\"https:\\\/\\\/proxima2023.okoumea.com\\\/fr\\\/#organization\"},\"potentialAction\":[{\"@type\":\"SearchAction\",\"target\":{\"@type\":\"EntryPoint\",\"urlTemplate\":\"https:\\\/\\\/proxima2023.okoumea.com\\\/fr\\\/?s={search_term_string}\"},\"query-input\":{\"@type\":\"PropertyValueSpecification\",\"valueRequired\":true,\"valueName\":\"search_term_string\"}}],\"inLanguage\":\"fr-FR\"},{\"@type\":\"Organization\",\"@id\":\"https:\\\/\\\/proxima2023.okoumea.com\\\/fr\\\/#organization\",\"name\":\"CABINET PROXIMA GUILLERMOU AVOCATS\",\"url\":\"https:\\\/\\\/proxima2023.okoumea.com\\\/fr\\\/\",\"logo\":{\"@type\":\"ImageObject\",\"inLanguage\":\"fr-FR\",\"@id\":\"https:\\\/\\\/proxima2023.okoumea.com\\\/fr\\\/#\\\/schema\\\/logo\\\/image\\\/\",\"url\":\"https:\\\/\\\/guillermou-avocats.fr\\\/wp-content\\\/uploads\\\/2024\\\/08\\\/2Fichier-12ProximaLogox1.png\",\"contentUrl\":\"https:\\\/\\\/guillermou-avocats.fr\\\/wp-content\\\/uploads\\\/2024\\\/08\\\/2Fichier-12ProximaLogox1.png\",\"width\":836,\"height\":825,\"caption\":\"CABINET PROXIMA GUILLERMOU AVOCATS\"},\"image\":{\"@id\":\"https:\\\/\\\/proxima2023.okoumea.com\\\/fr\\\/#\\\/schema\\\/logo\\\/image\\\/\"},\"sameAs\":[\"https:\\\/\\\/www.facebook.com\\\/emericguillermou\\\/\",\"https:\\\/\\\/x.com\\\/eguillermou\",\"https:\\\/\\\/fr.linkedin.com\\\/in\\\/emeric-guillermou-6a4b9bb6\",\"https:\\\/\\\/www.youtube.com\\\/@emericguillermou9412\"]},{\"@type\":\"Person\",\"@id\":\"https:\\\/\\\/proxima2023.okoumea.com\\\/fr\\\/#\\\/schema\\\/person\\\/76485fc47f1ebece06bb555d9824cae0\",\"name\":\"Proxima\",\"image\":{\"@type\":\"ImageObject\",\"inLanguage\":\"fr-FR\",\"@id\":\"https:\\\/\\\/secure.gravatar.com\\\/avatar\\\/1a9a201a1fcd5f2ecbfa35b383607d569af4cffda10e358211dbcb32e8d758cc?s=96&d=mm&r=g\",\"url\":\"https:\\\/\\\/secure.gravatar.com\\\/avatar\\\/1a9a201a1fcd5f2ecbfa35b383607d569af4cffda10e358211dbcb32e8d758cc?s=96&d=mm&r=g\",\"contentUrl\":\"https:\\\/\\\/secure.gravatar.com\\\/avatar\\\/1a9a201a1fcd5f2ecbfa35b383607d569af4cffda10e358211dbcb32e8d758cc?s=96&d=mm&r=g\",\"caption\":\"Proxima\"},\"description\":\"Avocat Indemnisation de victimes Emeric GUILLERMOU\",\"url\":\"https:\\\/\\\/guillermou-avocats.fr\\\/fr\\\/author\\\/proxima\"}]}<\/script>\n<!-- \/ Yoast SEO Premium plugin. -->","yoast_head_json":{"title":"Responsabilit\u00e9 du supermarch\u00e9 qui laisse du persil sur le sol, provoquant la chute d\u2019une cliente - Avocat indemnisation de victimes","description":"Chute dans un supermarch\u00e9 et fracture de la rotule : une indemnisation de la victime est possible et de plein droit.","robots":{"index":"index","follow":"follow","max-snippet":"max-snippet:-1","max-image-preview":"max-image-preview:large","max-video-preview":"max-video-preview:-1"},"canonical":"https:\/\/guillermou-avocats.fr\/fr\/actualites\/responsabilite-du-supermarche-qui-laisse-du-persil-sur-le-sol-provoquant-la-chute-dune-cliente","og_locale":"fr_FR","og_type":"article","og_title":"Responsabilit\u00e9 du supermarch\u00e9 qui laisse du persil sur le sol, provoquant la chute d\u2019une cliente - Avocat indemnisation de victimes","og_description":"Chute dans un supermarch\u00e9 et fracture de la rotule : une indemnisation de la victime est possible et de plein droit.","og_url":"https:\/\/guillermou-avocats.fr\/fr\/actualites\/responsabilite-du-supermarche-qui-laisse-du-persil-sur-le-sol-provoquant-la-chute-dune-cliente","og_site_name":"Avocat indemnisation de victimes","article_publisher":"https:\/\/www.facebook.com\/emericguillermou\/","article_published_time":"2019-12-02T15:02:36+00:00","article_modified_time":"2024-09-13T10:36:50+00:00","author":"Proxima","twitter_card":"summary_large_image","twitter_creator":"@eguillermou","twitter_site":"@eguillermou","twitter_misc":{"\u00c9crit par":"Proxima","Dur\u00e9e de lecture estim\u00e9e":"4 minutes"},"schema":{"@context":"https:\/\/schema.org","@graph":[{"@type":"Article","@id":"https:\/\/guillermou-avocats.fr\/fr\/actualites\/responsabilite-du-supermarche-qui-laisse-du-persil-sur-le-sol-provoquant-la-chute-dune-cliente#article","isPartOf":{"@id":"https:\/\/guillermou-avocats.fr\/fr\/actualites\/responsabilite-du-supermarche-qui-laisse-du-persil-sur-le-sol-provoquant-la-chute-dune-cliente"},"author":{"name":"Proxima","@id":"https:\/\/proxima2023.okoumea.com\/fr\/#\/schema\/person\/76485fc47f1ebece06bb555d9824cae0"},"headline":"Responsabilit\u00e9 du supermarch\u00e9 qui laisse du persil sur le sol, provoquant la chute d\u2019une cliente","datePublished":"2019-12-02T15:02:36+00:00","dateModified":"2024-09-13T10:36:50+00:00","mainEntityOfPage":{"@id":"https:\/\/guillermou-avocats.fr\/fr\/actualites\/responsabilite-du-supermarche-qui-laisse-du-persil-sur-le-sol-provoquant-la-chute-dune-cliente"},"wordCount":801,"commentCount":0,"publisher":{"@id":"https:\/\/proxima2023.okoumea.com\/fr\/#organization"},"articleSection":["actualit\u00e9s"],"inLanguage":"fr-FR","potentialAction":[{"@type":"CommentAction","name":"Comment","target":["https:\/\/guillermou-avocats.fr\/fr\/actualites\/responsabilite-du-supermarche-qui-laisse-du-persil-sur-le-sol-provoquant-la-chute-dune-cliente#respond"]}]},{"@type":"WebPage","@id":"https:\/\/guillermou-avocats.fr\/fr\/actualites\/responsabilite-du-supermarche-qui-laisse-du-persil-sur-le-sol-provoquant-la-chute-dune-cliente","url":"https:\/\/guillermou-avocats.fr\/fr\/actualites\/responsabilite-du-supermarche-qui-laisse-du-persil-sur-le-sol-provoquant-la-chute-dune-cliente","name":"Responsabilit\u00e9 du supermarch\u00e9 qui laisse du persil sur le sol, provoquant la chute d\u2019une cliente - Avocat indemnisation de victimes","isPartOf":{"@id":"https:\/\/proxima2023.okoumea.com\/fr\/#website"},"datePublished":"2019-12-02T15:02:36+00:00","dateModified":"2024-09-13T10:36:50+00:00","description":"Chute dans un supermarch\u00e9 et fracture de la rotule : une indemnisation de la victime est possible et de plein droit.","inLanguage":"fr-FR","potentialAction":[{"@type":"ReadAction","target":["https:\/\/guillermou-avocats.fr\/fr\/actualites\/responsabilite-du-supermarche-qui-laisse-du-persil-sur-le-sol-provoquant-la-chute-dune-cliente"]}]},{"@type":"WebSite","@id":"https:\/\/proxima2023.okoumea.com\/fr\/#website","url":"https:\/\/proxima2023.okoumea.com\/fr\/","name":"Proxima - Avocats indemnisation de victimes","description":"Chaque jour est un nouveau cap \u00e0 franchir ensemble","publisher":{"@id":"https:\/\/proxima2023.okoumea.com\/fr\/#organization"},"potentialAction":[{"@type":"SearchAction","target":{"@type":"EntryPoint","urlTemplate":"https:\/\/proxima2023.okoumea.com\/fr\/?s={search_term_string}"},"query-input":{"@type":"PropertyValueSpecification","valueRequired":true,"valueName":"search_term_string"}}],"inLanguage":"fr-FR"},{"@type":"Organization","@id":"https:\/\/proxima2023.okoumea.com\/fr\/#organization","name":"CABINET PROXIMA GUILLERMOU AVOCATS","url":"https:\/\/proxima2023.okoumea.com\/fr\/","logo":{"@type":"ImageObject","inLanguage":"fr-FR","@id":"https:\/\/proxima2023.okoumea.com\/fr\/#\/schema\/logo\/image\/","url":"https:\/\/guillermou-avocats.fr\/wp-content\/uploads\/2024\/08\/2Fichier-12ProximaLogox1.png","contentUrl":"https:\/\/guillermou-avocats.fr\/wp-content\/uploads\/2024\/08\/2Fichier-12ProximaLogox1.png","width":836,"height":825,"caption":"CABINET PROXIMA GUILLERMOU AVOCATS"},"image":{"@id":"https:\/\/proxima2023.okoumea.com\/fr\/#\/schema\/logo\/image\/"},"sameAs":["https:\/\/www.facebook.com\/emericguillermou\/","https:\/\/x.com\/eguillermou","https:\/\/fr.linkedin.com\/in\/emeric-guillermou-6a4b9bb6","https:\/\/www.youtube.com\/@emericguillermou9412"]},{"@type":"Person","@id":"https:\/\/proxima2023.okoumea.com\/fr\/#\/schema\/person\/76485fc47f1ebece06bb555d9824cae0","name":"Proxima","image":{"@type":"ImageObject","inLanguage":"fr-FR","@id":"https:\/\/secure.gravatar.com\/avatar\/1a9a201a1fcd5f2ecbfa35b383607d569af4cffda10e358211dbcb32e8d758cc?s=96&d=mm&r=g","url":"https:\/\/secure.gravatar.com\/avatar\/1a9a201a1fcd5f2ecbfa35b383607d569af4cffda10e358211dbcb32e8d758cc?s=96&d=mm&r=g","contentUrl":"https:\/\/secure.gravatar.com\/avatar\/1a9a201a1fcd5f2ecbfa35b383607d569af4cffda10e358211dbcb32e8d758cc?s=96&d=mm&r=g","caption":"Proxima"},"description":"Avocat Indemnisation de victimes Emeric GUILLERMOU","url":"https:\/\/guillermou-avocats.fr\/fr\/author\/proxima"}]}},"_links":{"self":[{"href":"https:\/\/guillermou-avocats.fr\/fr\/wp-json\/wp\/v2\/posts\/6825","targetHints":{"allow":["GET"]}}],"collection":[{"href":"https:\/\/guillermou-avocats.fr\/fr\/wp-json\/wp\/v2\/posts"}],"about":[{"href":"https:\/\/guillermou-avocats.fr\/fr\/wp-json\/wp\/v2\/types\/post"}],"author":[{"embeddable":true,"href":"https:\/\/guillermou-avocats.fr\/fr\/wp-json\/wp\/v2\/users\/2"}],"replies":[{"embeddable":true,"href":"https:\/\/guillermou-avocats.fr\/fr\/wp-json\/wp\/v2\/comments?post=6825"}],"version-history":[{"count":6,"href":"https:\/\/guillermou-avocats.fr\/fr\/wp-json\/wp\/v2\/posts\/6825\/revisions"}],"predecessor-version":[{"id":6833,"href":"https:\/\/guillermou-avocats.fr\/fr\/wp-json\/wp\/v2\/posts\/6825\/revisions\/6833"}],"wp:attachment":[{"href":"https:\/\/guillermou-avocats.fr\/fr\/wp-json\/wp\/v2\/media?parent=6825"}],"wp:term":[{"taxonomy":"category","embeddable":true,"href":"https:\/\/guillermou-avocats.fr\/fr\/wp-json\/wp\/v2\/categories?post=6825"},{"taxonomy":"post_tag","embeddable":true,"href":"https:\/\/guillermou-avocats.fr\/fr\/wp-json\/wp\/v2\/tags?post=6825"}],"curies":[{"name":"wp","href":"https:\/\/api.w.org\/{rel}","templated":true}]}}