{"id":6802,"date":"2019-11-28T16:32:17","date_gmt":"2019-11-28T15:32:17","guid":{"rendered":"https:\/\/guillermou-avocats.fr\/?p=6802"},"modified":"2024-09-16T11:09:19","modified_gmt":"2024-09-16T09:09:19","slug":"prejudice-moral-des-proches-quelle-que-soit-la-gravite-du-handicap-de-la-victime-directe","status":"publish","type":"post","link":"https:\/\/guillermou-avocats.fr\/fr\/jurisprudences\/prejudice-moral-des-proches-quelle-que-soit-la-gravite-du-handicap-de-la-victime-directe","title":{"rendered":"Pr\u00e9judice moral des proches quelle que soit la gravit\u00e9 du handicap de la victime directe"},"content":{"rendered":"<div class=\"fusion-fullwidth fullwidth-box nonhundred-percent-fullwidth non-hundred-percent-height-scrolling\"  style='background-color: rgba(255,255,255,0);background-position: center center;background-repeat: no-repeat;padding-top:0px;padding-right:0px;padding-bottom:0px;padding-left:0px;'><div class=\"fusion-builder-row fusion-row \"><div  class=\"fusion-layout-column fusion_builder_column fusion_builder_column_1_1  fusion-one-full fusion-column-first fusion-column-last 1_1\"  style='margin-top:0px;margin-bottom:0px;'>\n\t\t\t\t\t<div class=\"fusion-column-wrapper\" style=\"padding: 0px 0px 0px 0px;background-position:left top;background-repeat:no-repeat;-webkit-background-size:cover;-moz-background-size:cover;-o-background-size:cover;background-size:cover;\"  data-bg-url=\"\">\n\t\t\t\t\t\t<div class=\"fusion-text\"><h2 style=\"text-align: justify;\">Un pr\u00e9judice moral ou d\u2019affection ouvre droit \u00e0 r\u00e9paration d\u00e8s lors qu\u2019il est caract\u00e9ris\u00e9, quelle que soit la gravit\u00e9 du handicap de la victime directe<\/h2>\n<p style=\"text-align: justify;\">Une femme ayant \u00e9t\u00e9 expos\u00e9 in utero au <a href=\"https:\/\/guillermou-avocats.fr\/jurisprudences\/victime-du-distilbene-le-prejudice-detablissement-est-distinct-du-deficit-fonctionnel-permanent-dfp\">Distilb\u00e8ne<\/a> assigne la soci\u00e9t\u00e9 productrice du m\u00e9dicament en<a href=\"https:\/\/guillermou-avocats.fr\/indemnisation-prejudice\"> responsabilit\u00e9 et en indemnisation<\/a>. Son \u00e9poux intervient volontairement \u00e0 l\u2019instance.<\/p>\n<p style=\"text-align: justify;\">Son \u00e9poux demande la r\u00e9paration d\u2019un <a href=\"https:\/\/guillermou-avocats.fr\/jurisprudences\/prejudice-moral-des-conjoints-des-parents-de-la-victime\">pr\u00e9judice moral<\/a> sur le fondement de l\u2019<a href=\"https:\/\/www.legifrance.gouv.fr\/affichCodeArticle.do;jsessionid=C37B6F3D958BEB2CF9373FC08D85F860.tplgfr35s_3?idArticle=LEGIARTI000032041571&amp;cidTexte=LEGITEXT000006070721&amp;dateTexte=20191127\">article 1240 du code civil<\/a> et le principe de la r\u00e9paration int\u00e9grale sans perte ni profit pour la <a href=\"https:\/\/guillermou-avocats.fr\/droits-victime\">victime<\/a>.<\/p>\n<p style=\"text-align: justify;\">En appel, l\u2019arr\u00eat \u00e9nonce que le pr\u00e9judice moral des proches \u00e0 la vue de la souffrance de la victime directe r\u00e9serv\u00e9e aux hypoth\u00e8ses dans lesquelles <em>ils sont soumis au spectacle de la survie diminu\u00e9e gravement handicap\u00e9e de la <a href=\"https:\/\/guillermou-avocats.fr\/lexique-juridique\/id-121-victime\">victime directe<\/a> ce qui n\u2019est pas le cas en l\u2019esp\u00e8ce.<\/em><\/p>\n<h3>Indemnisation du pr\u00e9judice moral de l&rsquo;\u00e9poux de la victime<\/h3>\n<p style=\"text-align: justify;\">Par arr\u00eat du 1<a href=\"https:\/\/www.legifrance.gouv.fr\/affichJuriJudi.do?oldAction=rechJuriJudi&amp;idTexte=JURITEXT000039419107&amp;fastReqId=1120104876&amp;fastPos=1\">4 novembre 2019 num\u00e9ro 18 \u2013 10\u00a0794<\/a> la Cour de cassation casse le moyen du pourvoi : <em>\u00ab qu\u2019en statuant ainsi, alors que u<strong>n pr\u00e9judice moral ou <a href=\"https:\/\/guillermou-avocats.fr\/lexique-juridique\/id-222-prejudice-d-affection\">d\u2019affection<\/a> ouvre droit \u00e0 r\u00e9paration d\u00e8s lors qu\u2019il est caract\u00e9ris\u00e9, qu\u2019elle que soit la gravit\u00e9 du handicap de la victime directe<\/strong>, la cour d\u2019appel a m\u00e9connu le texte et le principe susvis\u00e9 ;<\/em><\/p>\n<p style=\"text-align: justify;\"><em>PAR CES MOTIFS :<\/em><\/p>\n<p style=\"text-align: justify;\"><em>(\u2026)<\/em><\/p>\n<p style=\"text-align: justify;\"><em>CASSE ET ANNULE (\u2026).\u00bb<\/em><\/p>\n<\/div><div class=\"fusion-clearfix\"><\/div>\n\n\t\t\t\t\t<\/div>\n\t\t\t\t<\/div><\/div><\/div>\n","protected":false},"excerpt":{"rendered":"","protected":false},"author":2,"featured_media":0,"comment_status":"open","ping_status":"open","sticky":false,"template":"","format":"standard","meta":{"footnotes":""},"categories":[93,39,27,25,148,154,34,115],"tags":[],"class_list":["post-6802","post","type-post","status-publish","format-standard","hentry","category-actualites","category-handicap","category-indemnisation","category-jurisprudences","category-prejudice-daffection","category-prejudice-moral","category-responsabilite","category-victime"],"yoast_head":"<!-- This site is optimized with the Yoast SEO Premium plugin v23.4 (Yoast SEO v27.4) - https:\/\/yoast.com\/product\/yoast-seo-premium-wordpress\/ -->\n<title>Pr\u00e9judice moral des proches en cas d&#039;exposition in utero au Distilb\u00e8ne - Avocat indemnisation de victimes<\/title>\n<meta name=\"description\" content=\"L&#039;ouverture au droit \u00e0 r\u00e9paration du pr\u00e9judice moral ou d&#039;affection est de plein droit d\u00e8s lors qu&#039;elle est caract\u00e9ris\u00e9e.\" \/>\n<meta name=\"robots\" content=\"index, follow, max-snippet:-1, max-image-preview:large, max-video-preview:-1\" \/>\n<link rel=\"canonical\" href=\"https:\/\/guillermou-avocats.fr\/fr\/jurisprudences\/prejudice-moral-des-proches-quelle-que-soit-la-gravite-du-handicap-de-la-victime-directe\" \/>\n<meta property=\"og:locale\" content=\"fr_FR\" \/>\n<meta property=\"og:type\" content=\"article\" \/>\n<meta property=\"og:title\" content=\"Pr\u00e9judice moral des proches en cas d&#039;exposition in utero au Distilb\u00e8ne - Avocat indemnisation de victimes\" \/>\n<meta property=\"og:description\" content=\"L&#039;ouverture au droit \u00e0 r\u00e9paration du pr\u00e9judice moral ou d&#039;affection est de plein droit d\u00e8s lors qu&#039;elle est caract\u00e9ris\u00e9e.\" \/>\n<meta property=\"og:url\" content=\"https:\/\/guillermou-avocats.fr\/fr\/jurisprudences\/prejudice-moral-des-proches-quelle-que-soit-la-gravite-du-handicap-de-la-victime-directe\" \/>\n<meta property=\"og:site_name\" content=\"Avocat indemnisation de victimes\" \/>\n<meta property=\"article:publisher\" content=\"https:\/\/www.facebook.com\/emericguillermou\/\" \/>\n<meta property=\"article:published_time\" content=\"2019-11-28T15:32:17+00:00\" \/>\n<meta property=\"article:modified_time\" content=\"2024-09-16T09:09:19+00:00\" \/>\n<meta name=\"author\" content=\"Proxima\" \/>\n<meta name=\"twitter:card\" content=\"summary_large_image\" \/>\n<meta name=\"twitter:creator\" content=\"@eguillermou\" \/>\n<meta name=\"twitter:site\" content=\"@eguillermou\" \/>\n<meta name=\"twitter:label1\" content=\"\u00c9crit par\" \/>\n\t<meta name=\"twitter:data1\" content=\"Proxima\" \/>\n\t<meta name=\"twitter:label2\" content=\"Dur\u00e9e de lecture estim\u00e9e\" \/>\n\t<meta name=\"twitter:data2\" content=\"2 minutes\" \/>\n<script type=\"application\/ld+json\" class=\"yoast-schema-graph\">{\"@context\":\"https:\\\/\\\/schema.org\",\"@graph\":[{\"@type\":\"Article\",\"@id\":\"https:\\\/\\\/guillermou-avocats.fr\\\/fr\\\/jurisprudences\\\/prejudice-moral-des-proches-quelle-que-soit-la-gravite-du-handicap-de-la-victime-directe#article\",\"isPartOf\":{\"@id\":\"https:\\\/\\\/guillermou-avocats.fr\\\/fr\\\/jurisprudences\\\/prejudice-moral-des-proches-quelle-que-soit-la-gravite-du-handicap-de-la-victime-directe\"},\"author\":{\"name\":\"Proxima\",\"@id\":\"https:\\\/\\\/proxima2023.okoumea.com\\\/fr\\\/#\\\/schema\\\/person\\\/76485fc47f1ebece06bb555d9824cae0\"},\"headline\":\"Pr\u00e9judice moral des proches quelle que soit la gravit\u00e9 du handicap de la victime directe\",\"datePublished\":\"2019-11-28T15:32:17+00:00\",\"dateModified\":\"2024-09-16T09:09:19+00:00\",\"mainEntityOfPage\":{\"@id\":\"https:\\\/\\\/guillermou-avocats.fr\\\/fr\\\/jurisprudences\\\/prejudice-moral-des-proches-quelle-que-soit-la-gravite-du-handicap-de-la-victime-directe\"},\"wordCount\":432,\"commentCount\":0,\"publisher\":{\"@id\":\"https:\\\/\\\/proxima2023.okoumea.com\\\/fr\\\/#organization\"},\"articleSection\":[\"actualit\u00e9s\",\"Handicap\",\"Indemnisation\",\"Jurisprudences\",\"pr\u00e9judice d'affection\",\"pr\u00e9judice moral\",\"Responsabilit\u00e9\",\"victime\"],\"inLanguage\":\"fr-FR\",\"potentialAction\":[{\"@type\":\"CommentAction\",\"name\":\"Comment\",\"target\":[\"https:\\\/\\\/guillermou-avocats.fr\\\/fr\\\/jurisprudences\\\/prejudice-moral-des-proches-quelle-que-soit-la-gravite-du-handicap-de-la-victime-directe#respond\"]}]},{\"@type\":\"WebPage\",\"@id\":\"https:\\\/\\\/guillermou-avocats.fr\\\/fr\\\/jurisprudences\\\/prejudice-moral-des-proches-quelle-que-soit-la-gravite-du-handicap-de-la-victime-directe\",\"url\":\"https:\\\/\\\/guillermou-avocats.fr\\\/fr\\\/jurisprudences\\\/prejudice-moral-des-proches-quelle-que-soit-la-gravite-du-handicap-de-la-victime-directe\",\"name\":\"Pr\u00e9judice moral des proches en cas d'exposition in utero au Distilb\u00e8ne - Avocat indemnisation de victimes\",\"isPartOf\":{\"@id\":\"https:\\\/\\\/proxima2023.okoumea.com\\\/fr\\\/#website\"},\"datePublished\":\"2019-11-28T15:32:17+00:00\",\"dateModified\":\"2024-09-16T09:09:19+00:00\",\"description\":\"L'ouverture au droit \u00e0 r\u00e9paration du pr\u00e9judice moral ou d'affection est de plein droit d\u00e8s lors qu'elle est caract\u00e9ris\u00e9e.\",\"inLanguage\":\"fr-FR\",\"potentialAction\":[{\"@type\":\"ReadAction\",\"target\":[\"https:\\\/\\\/guillermou-avocats.fr\\\/fr\\\/jurisprudences\\\/prejudice-moral-des-proches-quelle-que-soit-la-gravite-du-handicap-de-la-victime-directe\"]}]},{\"@type\":\"WebSite\",\"@id\":\"https:\\\/\\\/proxima2023.okoumea.com\\\/fr\\\/#website\",\"url\":\"https:\\\/\\\/proxima2023.okoumea.com\\\/fr\\\/\",\"name\":\"Proxima - Avocats indemnisation de victimes\",\"description\":\"Chaque jour est un nouveau cap \u00e0 franchir ensemble\",\"publisher\":{\"@id\":\"https:\\\/\\\/proxima2023.okoumea.com\\\/fr\\\/#organization\"},\"potentialAction\":[{\"@type\":\"SearchAction\",\"target\":{\"@type\":\"EntryPoint\",\"urlTemplate\":\"https:\\\/\\\/proxima2023.okoumea.com\\\/fr\\\/?s={search_term_string}\"},\"query-input\":{\"@type\":\"PropertyValueSpecification\",\"valueRequired\":true,\"valueName\":\"search_term_string\"}}],\"inLanguage\":\"fr-FR\"},{\"@type\":\"Organization\",\"@id\":\"https:\\\/\\\/proxima2023.okoumea.com\\\/fr\\\/#organization\",\"name\":\"CABINET PROXIMA GUILLERMOU AVOCATS\",\"url\":\"https:\\\/\\\/proxima2023.okoumea.com\\\/fr\\\/\",\"logo\":{\"@type\":\"ImageObject\",\"inLanguage\":\"fr-FR\",\"@id\":\"https:\\\/\\\/proxima2023.okoumea.com\\\/fr\\\/#\\\/schema\\\/logo\\\/image\\\/\",\"url\":\"https:\\\/\\\/guillermou-avocats.fr\\\/wp-content\\\/uploads\\\/2024\\\/08\\\/2Fichier-12ProximaLogox1.png\",\"contentUrl\":\"https:\\\/\\\/guillermou-avocats.fr\\\/wp-content\\\/uploads\\\/2024\\\/08\\\/2Fichier-12ProximaLogox1.png\",\"width\":836,\"height\":825,\"caption\":\"CABINET PROXIMA GUILLERMOU AVOCATS\"},\"image\":{\"@id\":\"https:\\\/\\\/proxima2023.okoumea.com\\\/fr\\\/#\\\/schema\\\/logo\\\/image\\\/\"},\"sameAs\":[\"https:\\\/\\\/www.facebook.com\\\/emericguillermou\\\/\",\"https:\\\/\\\/x.com\\\/eguillermou\",\"https:\\\/\\\/fr.linkedin.com\\\/in\\\/emeric-guillermou-6a4b9bb6\",\"https:\\\/\\\/www.youtube.com\\\/@emericguillermou9412\"]},{\"@type\":\"Person\",\"@id\":\"https:\\\/\\\/proxima2023.okoumea.com\\\/fr\\\/#\\\/schema\\\/person\\\/76485fc47f1ebece06bb555d9824cae0\",\"name\":\"Proxima\",\"image\":{\"@type\":\"ImageObject\",\"inLanguage\":\"fr-FR\",\"@id\":\"https:\\\/\\\/secure.gravatar.com\\\/avatar\\\/1a9a201a1fcd5f2ecbfa35b383607d569af4cffda10e358211dbcb32e8d758cc?s=96&d=mm&r=g\",\"url\":\"https:\\\/\\\/secure.gravatar.com\\\/avatar\\\/1a9a201a1fcd5f2ecbfa35b383607d569af4cffda10e358211dbcb32e8d758cc?s=96&d=mm&r=g\",\"contentUrl\":\"https:\\\/\\\/secure.gravatar.com\\\/avatar\\\/1a9a201a1fcd5f2ecbfa35b383607d569af4cffda10e358211dbcb32e8d758cc?s=96&d=mm&r=g\",\"caption\":\"Proxima\"},\"description\":\"Avocat Indemnisation de victimes Emeric GUILLERMOU\",\"url\":\"https:\\\/\\\/guillermou-avocats.fr\\\/fr\\\/author\\\/proxima\"}]}<\/script>\n<!-- \/ Yoast SEO Premium plugin. -->","yoast_head_json":{"title":"Pr\u00e9judice moral des proches en cas d'exposition in utero au Distilb\u00e8ne - Avocat indemnisation de victimes","description":"L'ouverture au droit \u00e0 r\u00e9paration du pr\u00e9judice moral ou d'affection est de plein droit d\u00e8s lors qu'elle est caract\u00e9ris\u00e9e.","robots":{"index":"index","follow":"follow","max-snippet":"max-snippet:-1","max-image-preview":"max-image-preview:large","max-video-preview":"max-video-preview:-1"},"canonical":"https:\/\/guillermou-avocats.fr\/fr\/jurisprudences\/prejudice-moral-des-proches-quelle-que-soit-la-gravite-du-handicap-de-la-victime-directe","og_locale":"fr_FR","og_type":"article","og_title":"Pr\u00e9judice moral des proches en cas d'exposition in utero au Distilb\u00e8ne - Avocat indemnisation de victimes","og_description":"L'ouverture au droit \u00e0 r\u00e9paration du pr\u00e9judice moral ou d'affection est de plein droit d\u00e8s lors qu'elle est caract\u00e9ris\u00e9e.","og_url":"https:\/\/guillermou-avocats.fr\/fr\/jurisprudences\/prejudice-moral-des-proches-quelle-que-soit-la-gravite-du-handicap-de-la-victime-directe","og_site_name":"Avocat indemnisation de victimes","article_publisher":"https:\/\/www.facebook.com\/emericguillermou\/","article_published_time":"2019-11-28T15:32:17+00:00","article_modified_time":"2024-09-16T09:09:19+00:00","author":"Proxima","twitter_card":"summary_large_image","twitter_creator":"@eguillermou","twitter_site":"@eguillermou","twitter_misc":{"\u00c9crit par":"Proxima","Dur\u00e9e de lecture estim\u00e9e":"2 minutes"},"schema":{"@context":"https:\/\/schema.org","@graph":[{"@type":"Article","@id":"https:\/\/guillermou-avocats.fr\/fr\/jurisprudences\/prejudice-moral-des-proches-quelle-que-soit-la-gravite-du-handicap-de-la-victime-directe#article","isPartOf":{"@id":"https:\/\/guillermou-avocats.fr\/fr\/jurisprudences\/prejudice-moral-des-proches-quelle-que-soit-la-gravite-du-handicap-de-la-victime-directe"},"author":{"name":"Proxima","@id":"https:\/\/proxima2023.okoumea.com\/fr\/#\/schema\/person\/76485fc47f1ebece06bb555d9824cae0"},"headline":"Pr\u00e9judice moral des proches quelle que soit la gravit\u00e9 du handicap de la victime directe","datePublished":"2019-11-28T15:32:17+00:00","dateModified":"2024-09-16T09:09:19+00:00","mainEntityOfPage":{"@id":"https:\/\/guillermou-avocats.fr\/fr\/jurisprudences\/prejudice-moral-des-proches-quelle-que-soit-la-gravite-du-handicap-de-la-victime-directe"},"wordCount":432,"commentCount":0,"publisher":{"@id":"https:\/\/proxima2023.okoumea.com\/fr\/#organization"},"articleSection":["actualit\u00e9s","Handicap","Indemnisation","Jurisprudences","pr\u00e9judice d'affection","pr\u00e9judice moral","Responsabilit\u00e9","victime"],"inLanguage":"fr-FR","potentialAction":[{"@type":"CommentAction","name":"Comment","target":["https:\/\/guillermou-avocats.fr\/fr\/jurisprudences\/prejudice-moral-des-proches-quelle-que-soit-la-gravite-du-handicap-de-la-victime-directe#respond"]}]},{"@type":"WebPage","@id":"https:\/\/guillermou-avocats.fr\/fr\/jurisprudences\/prejudice-moral-des-proches-quelle-que-soit-la-gravite-du-handicap-de-la-victime-directe","url":"https:\/\/guillermou-avocats.fr\/fr\/jurisprudences\/prejudice-moral-des-proches-quelle-que-soit-la-gravite-du-handicap-de-la-victime-directe","name":"Pr\u00e9judice moral des proches en cas d'exposition in utero au Distilb\u00e8ne - Avocat indemnisation de victimes","isPartOf":{"@id":"https:\/\/proxima2023.okoumea.com\/fr\/#website"},"datePublished":"2019-11-28T15:32:17+00:00","dateModified":"2024-09-16T09:09:19+00:00","description":"L'ouverture au droit \u00e0 r\u00e9paration du pr\u00e9judice moral ou d'affection est de plein droit d\u00e8s lors qu'elle est caract\u00e9ris\u00e9e.","inLanguage":"fr-FR","potentialAction":[{"@type":"ReadAction","target":["https:\/\/guillermou-avocats.fr\/fr\/jurisprudences\/prejudice-moral-des-proches-quelle-que-soit-la-gravite-du-handicap-de-la-victime-directe"]}]},{"@type":"WebSite","@id":"https:\/\/proxima2023.okoumea.com\/fr\/#website","url":"https:\/\/proxima2023.okoumea.com\/fr\/","name":"Proxima - Avocats indemnisation de victimes","description":"Chaque jour est un nouveau cap \u00e0 franchir ensemble","publisher":{"@id":"https:\/\/proxima2023.okoumea.com\/fr\/#organization"},"potentialAction":[{"@type":"SearchAction","target":{"@type":"EntryPoint","urlTemplate":"https:\/\/proxima2023.okoumea.com\/fr\/?s={search_term_string}"},"query-input":{"@type":"PropertyValueSpecification","valueRequired":true,"valueName":"search_term_string"}}],"inLanguage":"fr-FR"},{"@type":"Organization","@id":"https:\/\/proxima2023.okoumea.com\/fr\/#organization","name":"CABINET PROXIMA GUILLERMOU AVOCATS","url":"https:\/\/proxima2023.okoumea.com\/fr\/","logo":{"@type":"ImageObject","inLanguage":"fr-FR","@id":"https:\/\/proxima2023.okoumea.com\/fr\/#\/schema\/logo\/image\/","url":"https:\/\/guillermou-avocats.fr\/wp-content\/uploads\/2024\/08\/2Fichier-12ProximaLogox1.png","contentUrl":"https:\/\/guillermou-avocats.fr\/wp-content\/uploads\/2024\/08\/2Fichier-12ProximaLogox1.png","width":836,"height":825,"caption":"CABINET PROXIMA GUILLERMOU AVOCATS"},"image":{"@id":"https:\/\/proxima2023.okoumea.com\/fr\/#\/schema\/logo\/image\/"},"sameAs":["https:\/\/www.facebook.com\/emericguillermou\/","https:\/\/x.com\/eguillermou","https:\/\/fr.linkedin.com\/in\/emeric-guillermou-6a4b9bb6","https:\/\/www.youtube.com\/@emericguillermou9412"]},{"@type":"Person","@id":"https:\/\/proxima2023.okoumea.com\/fr\/#\/schema\/person\/76485fc47f1ebece06bb555d9824cae0","name":"Proxima","image":{"@type":"ImageObject","inLanguage":"fr-FR","@id":"https:\/\/secure.gravatar.com\/avatar\/1a9a201a1fcd5f2ecbfa35b383607d569af4cffda10e358211dbcb32e8d758cc?s=96&d=mm&r=g","url":"https:\/\/secure.gravatar.com\/avatar\/1a9a201a1fcd5f2ecbfa35b383607d569af4cffda10e358211dbcb32e8d758cc?s=96&d=mm&r=g","contentUrl":"https:\/\/secure.gravatar.com\/avatar\/1a9a201a1fcd5f2ecbfa35b383607d569af4cffda10e358211dbcb32e8d758cc?s=96&d=mm&r=g","caption":"Proxima"},"description":"Avocat Indemnisation de victimes Emeric GUILLERMOU","url":"https:\/\/guillermou-avocats.fr\/fr\/author\/proxima"}]}},"_links":{"self":[{"href":"https:\/\/guillermou-avocats.fr\/fr\/wp-json\/wp\/v2\/posts\/6802","targetHints":{"allow":["GET"]}}],"collection":[{"href":"https:\/\/guillermou-avocats.fr\/fr\/wp-json\/wp\/v2\/posts"}],"about":[{"href":"https:\/\/guillermou-avocats.fr\/fr\/wp-json\/wp\/v2\/types\/post"}],"author":[{"embeddable":true,"href":"https:\/\/guillermou-avocats.fr\/fr\/wp-json\/wp\/v2\/users\/2"}],"replies":[{"embeddable":true,"href":"https:\/\/guillermou-avocats.fr\/fr\/wp-json\/wp\/v2\/comments?post=6802"}],"version-history":[{"count":5,"href":"https:\/\/guillermou-avocats.fr\/fr\/wp-json\/wp\/v2\/posts\/6802\/revisions"}],"predecessor-version":[{"id":6821,"href":"https:\/\/guillermou-avocats.fr\/fr\/wp-json\/wp\/v2\/posts\/6802\/revisions\/6821"}],"wp:attachment":[{"href":"https:\/\/guillermou-avocats.fr\/fr\/wp-json\/wp\/v2\/media?parent=6802"}],"wp:term":[{"taxonomy":"category","embeddable":true,"href":"https:\/\/guillermou-avocats.fr\/fr\/wp-json\/wp\/v2\/categories?post=6802"},{"taxonomy":"post_tag","embeddable":true,"href":"https:\/\/guillermou-avocats.fr\/fr\/wp-json\/wp\/v2\/tags?post=6802"}],"curies":[{"name":"wp","href":"https:\/\/api.w.org\/{rel}","templated":true}]}}