{"id":6600,"date":"2019-10-10T16:04:01","date_gmt":"2019-10-10T14:04:01","guid":{"rendered":"https:\/\/guillermou-avocats.fr\/?p=6600"},"modified":"2024-09-16T11:49:09","modified_gmt":"2024-09-16T09:49:09","slug":"prejudice-danxiete-exposition-a-des-substances-nocives-ou-toxiques","status":"publish","type":"post","link":"https:\/\/guillermou-avocats.fr\/fr\/jurisprudences\/prejudice-danxiete-exposition-a-des-substances-nocives-ou-toxiques","title":{"rendered":"Pr\u00e9judice d\u2019anxi\u00e9t\u00e9 : exposition \u00e0 des substances nocives ou toxiques"},"content":{"rendered":"<div class=\"fusion-fullwidth fullwidth-box nonhundred-percent-fullwidth non-hundred-percent-height-scrolling\"  style='background-color: rgba(255,255,255,0);background-position: center center;background-repeat: no-repeat;padding-top:0px;padding-right:0px;padding-bottom:0px;padding-left:0px;'><div class=\"fusion-builder-row fusion-row \"><div  class=\"fusion-layout-column fusion_builder_column fusion_builder_column_1_1  fusion-one-full fusion-column-first fusion-column-last 1_1\"  style='margin-top:0px;margin-bottom:0px;'>\n\t\t\t\t\t<div class=\"fusion-column-wrapper\" style=\"padding: 0px 0px 0px 0px;background-position:left top;background-repeat:no-repeat;-webkit-background-size:cover;-moz-background-size:cover;-o-background-size:cover;background-size:cover;\"  data-bg-url=\"\">\n\t\t\t\t\t\t<div class=\"fusion-text\"><h2 style=\"text-align: justify;\">Pr\u00e9judice d&rsquo;anxi\u00e9t\u00e9<\/h2>\n<p style=\"text-align: justify;\">En l&rsquo;esp\u00e8ce, 700 mineurs de fond avaient \u00e9t\u00e9 expos\u00e9s \u00e0 l&rsquo;inhalation de poussi\u00e8res et de produits nocifs , notamment de la poussi\u00e8re de charbon et la r\u00e9sine \u00e0 base de mousses formoph\u00e9noliques. Ils estimaient que les moyens de protections fournis par l&#8217;employeur \u00e9taient insuffisants et inadapt\u00e9s. En cons\u00e9quence, ils se trouvaient dans une situation d&rsquo;inqui\u00e9tude permanente de d\u00e9velopper une maladie li\u00e9e \u00e0 ces inhalations.<\/p>\n<p style=\"text-align: justify;\">Les mineurs de fond avaient saisi\u00a0 la juridiction prud\u2019homale aux fins de voir condamn\u00e9 leur employeur au versement de dommages et int\u00e9r\u00eats\u00a0 en <a href=\"https:\/\/guillermou-avocats.fr\/indemnisation-prejudice\">r\u00e9paration<\/a> de leur <a href=\"https:\/\/guillermou-avocats.fr\/actualites\/id-62-le-prejudice-d-anxiete\">pr\u00e9judice d\u2019anxi\u00e9t\u00e9<\/a> et du manquement\u00a0 de la soci\u00e9t\u00e9 \u00e0 son obligation de s\u00e9curit\u00e9.<\/p>\n<p style=\"text-align: justify;\">La cour d\u2019appel avait rejet\u00e9 int\u00e9gralement leurs demandes.<\/p>\n<p style=\"text-align: justify;\"><em>\u00ab\u00a0Pour rejeter la demande des salari\u00e9s au titre d\u2019un pr\u00e9judice d\u2019anxi\u00e9t\u00e9, les arr\u00eats retiennent, d\u2019abord, que la r\u00e9paration du <strong>pr\u00e9judice sp\u00e9cifique d\u2019anxi\u00e9t\u00e9, d\u00e9fini par la situation d\u2019inqui\u00e9tude permanente face au risque de d\u00e9claration \u00e0 tout moment d\u2019une maladie li\u00e9e \u00e0 l\u2019amiante<\/strong>, <strong>n\u2019est admise, pour les salari\u00e9s expos\u00e9s \u00e0 l\u2019amiante, qu\u2019au profit de ceux remplissant les conditions pr\u00e9vues par l\u2019article 41 de la loi du 23 d\u00e9cembre 1998 et l\u2019arr\u00eat\u00e9 minist\u00e9riel pris en application<\/strong>, et que les salari\u00e9s doivent \u00eatre d\u00e9bout\u00e9s de leur demande pr\u00e9sent\u00e9e \u00e0 titre principal en r\u00e9paration du pr\u00e9judice d\u2019anxi\u00e9t\u00e9, <strong>lequel n\u2019est pas ici indemnisable, m\u00eame sur le fondement de l\u2019obligation de s\u00e9curit\u00e9, et ce en l\u2019absence de dispositions l\u00e9gales sp\u00e9cifiques<\/strong>.\u00bb<\/em><\/p>\n<p style=\"text-align: justify;\"><em>\u00ab<\/em>La cour d\u2019appel a, par ailleurs, retenu qu\u2019il \u00e9tait d\u00e9montr\u00e9 que <strong>l\u2019employeur avait pris toutes mesures n\u00e9cessaires de protection, tant individuelle que collective, et \u00e9galement d\u2019information<\/strong>, au vu notamment de diff\u00e9rents documents relatifs aux taux d\u2019empoussi\u00e9rage, de documents relatifs aux syst\u00e8mes d\u2019a\u00e9rage, de capteurs et dispositifs d\u2019arrosage, aux masques individuels, d\u2019attestations<em>\u00bb<\/em><\/p>\n<p>Les mineurs se sont pourvus en cassation afin de contester cette d\u00e9cision.<\/p>\n<h3>Obligation de s\u00e9curit\u00e9 de l&#8217;employeur<\/h3>\n<p style=\"text-align: justify;\"><strong><em>La Cour doit d\u00e9montrer\u00a0que l&#8217;employeur avait effectivement mis en oeuvre les mesures n\u00e9cessaires pour assurer la s\u00e9curit\u00e9 et prot\u00e9ger la sant\u00e9 physique et mentale des travailleurs.<\/em><\/strong><\/p>\n<p style=\"text-align: justify;\">Par arr\u00eat du <a href=\"https:\/\/www.courdecassation.fr\/jurisprudence_2\/chambre_sociale_576\/1188_11_43553.html\">11 septembre 2019 n\u00b017-24879<\/a>\u00a0la chambre sociale de la Cour de cassation casse cette d\u00e9cision\u00a0 au visa des articles <a href=\"https:\/\/www.legifrance.gouv.fr\/affichCode.do?idSectionTA=LEGISCTA000006178066&amp;cidTexte=LEGITEXT000006072050&amp;dateTexte=20090528\">\u00a0L. 4121-1 et L. 4121-2 du code du travail<\/a>:<\/p>\n<p style=\"text-align: justify;\"><em>\u00ab\u00a0En application des r\u00e8gles de droit commun r\u00e9gissant l\u2019obligation de s\u00e9curit\u00e9 de l\u2019employeur,<strong> le salari\u00e9 qui justifie d\u2019une exposition \u00e0 une substance nocive ou toxique g\u00e9n\u00e9rant un risque \u00e9lev\u00e9 de d\u00e9velopper une pathologie grave et d\u2019un pr\u00e9judice d\u2019anxi\u00e9t\u00e9 personnellement subi r\u00e9sultant d\u2019une telle exposition, peut agir contre son employeur pour manquement de ce dernier \u00e0 son obligation de s\u00e9curit\u00e9.<\/strong>\u00a0\u00bb (&#8230;)<\/em><\/p>\n<p style=\"text-align: justify;\">\u00ab\u00a0<em>En se d\u00e9terminant ainsi, par des <strong>motifs insuffisants \u00e0 \u00e9tablir que l\u2019employeur d\u00e9montrait qu\u2019il avait effectivement mis en oeuvre les mesures n\u00e9cessaires pour assurer la s\u00e9curit\u00e9 et prot\u00e9ger la sant\u00e9 physique et mentale des travailleurs<\/strong>, telles que pr\u00e9vues aux articles <a href=\"https:\/\/www.legifrance.gouv.fr\/affichCode.do?idSectionTA=LEGISCTA000006178066&amp;cidTexte=LEGITEXT000006072050&amp;dateTexte=20090528\">L. 4121-1 et L. 4121-2 du code du travail<\/a>, la cour d\u2019appel, qui devait rechercher si les conditions de mise en \u0153uvre de la responsabilit\u00e9 de l\u2019employeur telles que d\u00e9finies aux paragraphes 3 et 4 \u00e9taient r\u00e9unies, n\u2019a pas donn\u00e9 de base l\u00e9gale \u00e0 sa d\u00e9cision.<\/em><\/p>\n<p style=\"text-align: justify;\"><em>\u00a0(\u2026) CASSE ET ANNULE(\u2026)<\/em>\u00a0\u00bb<\/p>\n<p>Source: <a href=\"https:\/\/www.courdecassation.fr\/jurisprudence_2\/chambre_sociale_576\/1188_11_43553.html\">Cour de cassation.fr<\/a><\/p>\n<p>Image:\u00a0Image par\u00a0<a href=\"https:\/\/pixabay.com\/fr\/users\/tunaolger-252579\/?utm_source=link-attribution&amp;utm_medium=referral&amp;utm_campaign=image&amp;utm_content=1903641\">Tuna \u00d6lger<\/a>\u00a0de\u00a0<a href=\"https:\/\/pixabay.com\/fr\/?utm_source=link-attribution&amp;utm_medium=referral&amp;utm_campaign=image&amp;utm_content=1903641\">Pixabay<\/a><\/p>\n<p>Articles en lien:<\/p>\n<div class=\"video-shortcode\">\n<blockquote class=\"wp-embedded-content\" data-secret=\"LNFIGMx06O\">\n<p><a href=\"https:\/\/guillermou-avocats.fr\/fr\/jurisprudences\/amiante-lindemnisation-du-prejudice-danxiete-ouverte-a-tous-les-salaries-exposes\">Amiante : l\u2019indemnisation du pr\u00e9judice d\u2019anxi\u00e9t\u00e9 ouverte \u00e0 tous les salari\u00e9s\u00a0expos\u00e9s<\/a><\/p>\n<\/blockquote>\n<p><iframe loading=\"lazy\" class=\"wp-embedded-content\" sandbox=\"allow-scripts\" security=\"restricted\" style=\"position: absolute; visibility: hidden;\" title=\"\u00ab\u00a0Amiante : l\u2019indemnisation du pr\u00e9judice d\u2019anxi\u00e9t\u00e9 ouverte \u00e0 tous les salari\u00e9s\u00a0expos\u00e9s\u00a0\u00bb &#8212; Avocat indemnisation de victimes\" src=\"https:\/\/guillermou-avocats.fr\/fr\/jurisprudences\/amiante-lindemnisation-du-prejudice-danxiete-ouverte-a-tous-les-salaries-exposes\/embed#?secret=CWKXYMtFQ8#?secret=LNFIGMx06O\" data-secret=\"LNFIGMx06O\" width=\"500\" height=\"282\" frameborder=\"0\" marginwidth=\"0\" marginheight=\"0\" scrolling=\"no\"><\/iframe><\/div>\n<div class=\"video-shortcode\">\n<blockquote class=\"wp-embedded-content\" data-secret=\"2gJAS5biGq\">\n<p><a href=\"https:\/\/guillermou-avocats.fr\/fr\/actualites\/id-128-indemnisation-de-la-renonciation-a-une-grossesse-liee-aux-difficultes-psychologiques-d-une-victime-du-distilbene\">Indemnisation de la renonciation \u00e0 une grossesse li\u00e9e aux difficult\u00e9s psychologiques d\u2019une victime du Distilb\u00e8ne<\/a><\/p>\n<\/blockquote>\n<p><iframe loading=\"lazy\" class=\"wp-embedded-content\" sandbox=\"allow-scripts\" security=\"restricted\" style=\"position: absolute; visibility: hidden;\" title=\"\u00ab\u00a0Indemnisation de la renonciation \u00e0 une grossesse li\u00e9e aux difficult\u00e9s psychologiques d\u2019une victime du Distilb\u00e8ne\u00a0\u00bb &#8212; Avocat indemnisation de victimes\" src=\"https:\/\/guillermou-avocats.fr\/fr\/actualites\/id-128-indemnisation-de-la-renonciation-a-une-grossesse-liee-aux-difficultes-psychologiques-d-une-victime-du-distilbene\/embed#?secret=EUBcC9E6JN#?secret=2gJAS5biGq\" data-secret=\"2gJAS5biGq\" width=\"500\" height=\"282\" frameborder=\"0\" marginwidth=\"0\" marginheight=\"0\" scrolling=\"no\"><\/iframe><\/div>\n<\/div><div class=\"fusion-clearfix\"><\/div>\n\n\t\t\t\t\t<\/div>\n\t\t\t\t<\/div><\/div><\/div>\n","protected":false},"excerpt":{"rendered":"","protected":false},"author":2,"featured_media":0,"comment_status":"open","ping_status":"open","sticky":false,"template":"","format":"standard","meta":{"footnotes":""},"categories":[84,121,76,39,27,25,34],"tags":[142],"class_list":["post-6600","post","type-post","status-publish","format-standard","hentry","category-accident-du-travail","category-amiante","category-droit","category-handicap","category-indemnisation","category-jurisprudences","category-responsabilite","tag-prejudice-danxiete"],"yoast_head":"<!-- This site is optimized with the Yoast SEO Premium plugin v23.4 (Yoast SEO v27.4) - https:\/\/yoast.com\/product\/yoast-seo-premium-wordpress\/ -->\n<title>Pr\u00e9judice d\u2019anxi\u00e9t\u00e9 : exposition \u00e0 des substances nocives ou toxiques - Avocat indemnisation de victimes<\/title>\n<meta name=\"description\" content=\"Exposition \u00e0 des substances toxiques : pr\u00e9judice d&#039;anxi\u00e9t\u00e9 des mineurs de fond. D\u00e9couvrez leur lutte pour obtenir r\u00e9paration.\" \/>\n<meta name=\"robots\" content=\"index, follow, max-snippet:-1, max-image-preview:large, max-video-preview:-1\" \/>\n<link rel=\"canonical\" href=\"https:\/\/guillermou-avocats.fr\/fr\/jurisprudences\/prejudice-danxiete-exposition-a-des-substances-nocives-ou-toxiques\" \/>\n<meta property=\"og:locale\" content=\"fr_FR\" \/>\n<meta property=\"og:type\" content=\"article\" \/>\n<meta property=\"og:title\" content=\"Pr\u00e9judice d\u2019anxi\u00e9t\u00e9 : exposition \u00e0 des substances nocives ou toxiques - Avocat indemnisation de victimes\" \/>\n<meta property=\"og:description\" content=\"Exposition \u00e0 des substances toxiques : pr\u00e9judice d&#039;anxi\u00e9t\u00e9 des mineurs de fond. D\u00e9couvrez leur lutte pour obtenir r\u00e9paration.\" \/>\n<meta property=\"og:url\" content=\"https:\/\/guillermou-avocats.fr\/fr\/jurisprudences\/prejudice-danxiete-exposition-a-des-substances-nocives-ou-toxiques\" \/>\n<meta property=\"og:site_name\" content=\"Avocat indemnisation de victimes\" \/>\n<meta property=\"article:publisher\" content=\"https:\/\/www.facebook.com\/emericguillermou\/\" \/>\n<meta property=\"article:published_time\" content=\"2019-10-10T14:04:01+00:00\" \/>\n<meta property=\"article:modified_time\" content=\"2024-09-16T09:49:09+00:00\" \/>\n<meta name=\"author\" content=\"Proxima\" \/>\n<meta name=\"twitter:card\" content=\"summary_large_image\" \/>\n<meta name=\"twitter:creator\" content=\"@eguillermou\" \/>\n<meta name=\"twitter:site\" content=\"@eguillermou\" \/>\n<meta name=\"twitter:label1\" content=\"\u00c9crit par\" \/>\n\t<meta name=\"twitter:data1\" content=\"Proxima\" \/>\n\t<meta name=\"twitter:label2\" content=\"Dur\u00e9e de lecture estim\u00e9e\" \/>\n\t<meta name=\"twitter:data2\" content=\"3 minutes\" \/>\n<script type=\"application\/ld+json\" class=\"yoast-schema-graph\">{\"@context\":\"https:\\\/\\\/schema.org\",\"@graph\":[{\"@type\":\"Article\",\"@id\":\"https:\\\/\\\/guillermou-avocats.fr\\\/fr\\\/jurisprudences\\\/prejudice-danxiete-exposition-a-des-substances-nocives-ou-toxiques#article\",\"isPartOf\":{\"@id\":\"https:\\\/\\\/guillermou-avocats.fr\\\/fr\\\/jurisprudences\\\/prejudice-danxiete-exposition-a-des-substances-nocives-ou-toxiques\"},\"author\":{\"name\":\"Proxima\",\"@id\":\"https:\\\/\\\/proxima2023.okoumea.com\\\/fr\\\/#\\\/schema\\\/person\\\/76485fc47f1ebece06bb555d9824cae0\"},\"headline\":\"Pr\u00e9judice d\u2019anxi\u00e9t\u00e9 : exposition \u00e0 des substances nocives ou toxiques\",\"datePublished\":\"2019-10-10T14:04:01+00:00\",\"dateModified\":\"2024-09-16T09:49:09+00:00\",\"mainEntityOfPage\":{\"@id\":\"https:\\\/\\\/guillermou-avocats.fr\\\/fr\\\/jurisprudences\\\/prejudice-danxiete-exposition-a-des-substances-nocives-ou-toxiques\"},\"wordCount\":827,\"commentCount\":0,\"publisher\":{\"@id\":\"https:\\\/\\\/proxima2023.okoumea.com\\\/fr\\\/#organization\"},\"keywords\":[\"pr\u00e9judice d'anxi\u00e9t\u00e9\"],\"articleSection\":[\"Accident du travail\",\"Amiante\",\"Droit\",\"Handicap\",\"Indemnisation\",\"Jurisprudences\",\"Responsabilit\u00e9\"],\"inLanguage\":\"fr-FR\",\"potentialAction\":[{\"@type\":\"CommentAction\",\"name\":\"Comment\",\"target\":[\"https:\\\/\\\/guillermou-avocats.fr\\\/fr\\\/jurisprudences\\\/prejudice-danxiete-exposition-a-des-substances-nocives-ou-toxiques#respond\"]}]},{\"@type\":\"WebPage\",\"@id\":\"https:\\\/\\\/guillermou-avocats.fr\\\/fr\\\/jurisprudences\\\/prejudice-danxiete-exposition-a-des-substances-nocives-ou-toxiques\",\"url\":\"https:\\\/\\\/guillermou-avocats.fr\\\/fr\\\/jurisprudences\\\/prejudice-danxiete-exposition-a-des-substances-nocives-ou-toxiques\",\"name\":\"Pr\u00e9judice d\u2019anxi\u00e9t\u00e9 : exposition \u00e0 des substances nocives ou toxiques - Avocat indemnisation de victimes\",\"isPartOf\":{\"@id\":\"https:\\\/\\\/proxima2023.okoumea.com\\\/fr\\\/#website\"},\"datePublished\":\"2019-10-10T14:04:01+00:00\",\"dateModified\":\"2024-09-16T09:49:09+00:00\",\"description\":\"Exposition \u00e0 des substances toxiques : pr\u00e9judice d'anxi\u00e9t\u00e9 des mineurs de fond. D\u00e9couvrez leur lutte pour obtenir r\u00e9paration.\",\"inLanguage\":\"fr-FR\",\"potentialAction\":[{\"@type\":\"ReadAction\",\"target\":[\"https:\\\/\\\/guillermou-avocats.fr\\\/fr\\\/jurisprudences\\\/prejudice-danxiete-exposition-a-des-substances-nocives-ou-toxiques\"]}]},{\"@type\":\"WebSite\",\"@id\":\"https:\\\/\\\/proxima2023.okoumea.com\\\/fr\\\/#website\",\"url\":\"https:\\\/\\\/proxima2023.okoumea.com\\\/fr\\\/\",\"name\":\"Proxima - Avocats indemnisation de victimes\",\"description\":\"Chaque jour est un nouveau cap \u00e0 franchir ensemble\",\"publisher\":{\"@id\":\"https:\\\/\\\/proxima2023.okoumea.com\\\/fr\\\/#organization\"},\"potentialAction\":[{\"@type\":\"SearchAction\",\"target\":{\"@type\":\"EntryPoint\",\"urlTemplate\":\"https:\\\/\\\/proxima2023.okoumea.com\\\/fr\\\/?s={search_term_string}\"},\"query-input\":{\"@type\":\"PropertyValueSpecification\",\"valueRequired\":true,\"valueName\":\"search_term_string\"}}],\"inLanguage\":\"fr-FR\"},{\"@type\":\"Organization\",\"@id\":\"https:\\\/\\\/proxima2023.okoumea.com\\\/fr\\\/#organization\",\"name\":\"CABINET PROXIMA GUILLERMOU AVOCATS\",\"url\":\"https:\\\/\\\/proxima2023.okoumea.com\\\/fr\\\/\",\"logo\":{\"@type\":\"ImageObject\",\"inLanguage\":\"fr-FR\",\"@id\":\"https:\\\/\\\/proxima2023.okoumea.com\\\/fr\\\/#\\\/schema\\\/logo\\\/image\\\/\",\"url\":\"https:\\\/\\\/guillermou-avocats.fr\\\/wp-content\\\/uploads\\\/2024\\\/08\\\/2Fichier-12ProximaLogox1.png\",\"contentUrl\":\"https:\\\/\\\/guillermou-avocats.fr\\\/wp-content\\\/uploads\\\/2024\\\/08\\\/2Fichier-12ProximaLogox1.png\",\"width\":836,\"height\":825,\"caption\":\"CABINET PROXIMA GUILLERMOU AVOCATS\"},\"image\":{\"@id\":\"https:\\\/\\\/proxima2023.okoumea.com\\\/fr\\\/#\\\/schema\\\/logo\\\/image\\\/\"},\"sameAs\":[\"https:\\\/\\\/www.facebook.com\\\/emericguillermou\\\/\",\"https:\\\/\\\/x.com\\\/eguillermou\",\"https:\\\/\\\/fr.linkedin.com\\\/in\\\/emeric-guillermou-6a4b9bb6\",\"https:\\\/\\\/www.youtube.com\\\/@emericguillermou9412\"]},{\"@type\":\"Person\",\"@id\":\"https:\\\/\\\/proxima2023.okoumea.com\\\/fr\\\/#\\\/schema\\\/person\\\/76485fc47f1ebece06bb555d9824cae0\",\"name\":\"Proxima\",\"image\":{\"@type\":\"ImageObject\",\"inLanguage\":\"fr-FR\",\"@id\":\"https:\\\/\\\/secure.gravatar.com\\\/avatar\\\/1a9a201a1fcd5f2ecbfa35b383607d569af4cffda10e358211dbcb32e8d758cc?s=96&d=mm&r=g\",\"url\":\"https:\\\/\\\/secure.gravatar.com\\\/avatar\\\/1a9a201a1fcd5f2ecbfa35b383607d569af4cffda10e358211dbcb32e8d758cc?s=96&d=mm&r=g\",\"contentUrl\":\"https:\\\/\\\/secure.gravatar.com\\\/avatar\\\/1a9a201a1fcd5f2ecbfa35b383607d569af4cffda10e358211dbcb32e8d758cc?s=96&d=mm&r=g\",\"caption\":\"Proxima\"},\"description\":\"Avocat Indemnisation de victimes Emeric GUILLERMOU\",\"url\":\"https:\\\/\\\/guillermou-avocats.fr\\\/fr\\\/author\\\/proxima\"}]}<\/script>\n<!-- \/ Yoast SEO Premium plugin. -->","yoast_head_json":{"title":"Pr\u00e9judice d\u2019anxi\u00e9t\u00e9 : exposition \u00e0 des substances nocives ou toxiques - Avocat indemnisation de victimes","description":"Exposition \u00e0 des substances toxiques : pr\u00e9judice d'anxi\u00e9t\u00e9 des mineurs de fond. D\u00e9couvrez leur lutte pour obtenir r\u00e9paration.","robots":{"index":"index","follow":"follow","max-snippet":"max-snippet:-1","max-image-preview":"max-image-preview:large","max-video-preview":"max-video-preview:-1"},"canonical":"https:\/\/guillermou-avocats.fr\/fr\/jurisprudences\/prejudice-danxiete-exposition-a-des-substances-nocives-ou-toxiques","og_locale":"fr_FR","og_type":"article","og_title":"Pr\u00e9judice d\u2019anxi\u00e9t\u00e9 : exposition \u00e0 des substances nocives ou toxiques - Avocat indemnisation de victimes","og_description":"Exposition \u00e0 des substances toxiques : pr\u00e9judice d'anxi\u00e9t\u00e9 des mineurs de fond. D\u00e9couvrez leur lutte pour obtenir r\u00e9paration.","og_url":"https:\/\/guillermou-avocats.fr\/fr\/jurisprudences\/prejudice-danxiete-exposition-a-des-substances-nocives-ou-toxiques","og_site_name":"Avocat indemnisation de victimes","article_publisher":"https:\/\/www.facebook.com\/emericguillermou\/","article_published_time":"2019-10-10T14:04:01+00:00","article_modified_time":"2024-09-16T09:49:09+00:00","author":"Proxima","twitter_card":"summary_large_image","twitter_creator":"@eguillermou","twitter_site":"@eguillermou","twitter_misc":{"\u00c9crit par":"Proxima","Dur\u00e9e de lecture estim\u00e9e":"3 minutes"},"schema":{"@context":"https:\/\/schema.org","@graph":[{"@type":"Article","@id":"https:\/\/guillermou-avocats.fr\/fr\/jurisprudences\/prejudice-danxiete-exposition-a-des-substances-nocives-ou-toxiques#article","isPartOf":{"@id":"https:\/\/guillermou-avocats.fr\/fr\/jurisprudences\/prejudice-danxiete-exposition-a-des-substances-nocives-ou-toxiques"},"author":{"name":"Proxima","@id":"https:\/\/proxima2023.okoumea.com\/fr\/#\/schema\/person\/76485fc47f1ebece06bb555d9824cae0"},"headline":"Pr\u00e9judice d\u2019anxi\u00e9t\u00e9 : exposition \u00e0 des substances nocives ou toxiques","datePublished":"2019-10-10T14:04:01+00:00","dateModified":"2024-09-16T09:49:09+00:00","mainEntityOfPage":{"@id":"https:\/\/guillermou-avocats.fr\/fr\/jurisprudences\/prejudice-danxiete-exposition-a-des-substances-nocives-ou-toxiques"},"wordCount":827,"commentCount":0,"publisher":{"@id":"https:\/\/proxima2023.okoumea.com\/fr\/#organization"},"keywords":["pr\u00e9judice d'anxi\u00e9t\u00e9"],"articleSection":["Accident du travail","Amiante","Droit","Handicap","Indemnisation","Jurisprudences","Responsabilit\u00e9"],"inLanguage":"fr-FR","potentialAction":[{"@type":"CommentAction","name":"Comment","target":["https:\/\/guillermou-avocats.fr\/fr\/jurisprudences\/prejudice-danxiete-exposition-a-des-substances-nocives-ou-toxiques#respond"]}]},{"@type":"WebPage","@id":"https:\/\/guillermou-avocats.fr\/fr\/jurisprudences\/prejudice-danxiete-exposition-a-des-substances-nocives-ou-toxiques","url":"https:\/\/guillermou-avocats.fr\/fr\/jurisprudences\/prejudice-danxiete-exposition-a-des-substances-nocives-ou-toxiques","name":"Pr\u00e9judice d\u2019anxi\u00e9t\u00e9 : exposition \u00e0 des substances nocives ou toxiques - Avocat indemnisation de victimes","isPartOf":{"@id":"https:\/\/proxima2023.okoumea.com\/fr\/#website"},"datePublished":"2019-10-10T14:04:01+00:00","dateModified":"2024-09-16T09:49:09+00:00","description":"Exposition \u00e0 des substances toxiques : pr\u00e9judice d'anxi\u00e9t\u00e9 des mineurs de fond. D\u00e9couvrez leur lutte pour obtenir r\u00e9paration.","inLanguage":"fr-FR","potentialAction":[{"@type":"ReadAction","target":["https:\/\/guillermou-avocats.fr\/fr\/jurisprudences\/prejudice-danxiete-exposition-a-des-substances-nocives-ou-toxiques"]}]},{"@type":"WebSite","@id":"https:\/\/proxima2023.okoumea.com\/fr\/#website","url":"https:\/\/proxima2023.okoumea.com\/fr\/","name":"Proxima - Avocats indemnisation de victimes","description":"Chaque jour est un nouveau cap \u00e0 franchir ensemble","publisher":{"@id":"https:\/\/proxima2023.okoumea.com\/fr\/#organization"},"potentialAction":[{"@type":"SearchAction","target":{"@type":"EntryPoint","urlTemplate":"https:\/\/proxima2023.okoumea.com\/fr\/?s={search_term_string}"},"query-input":{"@type":"PropertyValueSpecification","valueRequired":true,"valueName":"search_term_string"}}],"inLanguage":"fr-FR"},{"@type":"Organization","@id":"https:\/\/proxima2023.okoumea.com\/fr\/#organization","name":"CABINET PROXIMA GUILLERMOU AVOCATS","url":"https:\/\/proxima2023.okoumea.com\/fr\/","logo":{"@type":"ImageObject","inLanguage":"fr-FR","@id":"https:\/\/proxima2023.okoumea.com\/fr\/#\/schema\/logo\/image\/","url":"https:\/\/guillermou-avocats.fr\/wp-content\/uploads\/2024\/08\/2Fichier-12ProximaLogox1.png","contentUrl":"https:\/\/guillermou-avocats.fr\/wp-content\/uploads\/2024\/08\/2Fichier-12ProximaLogox1.png","width":836,"height":825,"caption":"CABINET PROXIMA GUILLERMOU AVOCATS"},"image":{"@id":"https:\/\/proxima2023.okoumea.com\/fr\/#\/schema\/logo\/image\/"},"sameAs":["https:\/\/www.facebook.com\/emericguillermou\/","https:\/\/x.com\/eguillermou","https:\/\/fr.linkedin.com\/in\/emeric-guillermou-6a4b9bb6","https:\/\/www.youtube.com\/@emericguillermou9412"]},{"@type":"Person","@id":"https:\/\/proxima2023.okoumea.com\/fr\/#\/schema\/person\/76485fc47f1ebece06bb555d9824cae0","name":"Proxima","image":{"@type":"ImageObject","inLanguage":"fr-FR","@id":"https:\/\/secure.gravatar.com\/avatar\/1a9a201a1fcd5f2ecbfa35b383607d569af4cffda10e358211dbcb32e8d758cc?s=96&d=mm&r=g","url":"https:\/\/secure.gravatar.com\/avatar\/1a9a201a1fcd5f2ecbfa35b383607d569af4cffda10e358211dbcb32e8d758cc?s=96&d=mm&r=g","contentUrl":"https:\/\/secure.gravatar.com\/avatar\/1a9a201a1fcd5f2ecbfa35b383607d569af4cffda10e358211dbcb32e8d758cc?s=96&d=mm&r=g","caption":"Proxima"},"description":"Avocat Indemnisation de victimes Emeric GUILLERMOU","url":"https:\/\/guillermou-avocats.fr\/fr\/author\/proxima"}]}},"_links":{"self":[{"href":"https:\/\/guillermou-avocats.fr\/fr\/wp-json\/wp\/v2\/posts\/6600","targetHints":{"allow":["GET"]}}],"collection":[{"href":"https:\/\/guillermou-avocats.fr\/fr\/wp-json\/wp\/v2\/posts"}],"about":[{"href":"https:\/\/guillermou-avocats.fr\/fr\/wp-json\/wp\/v2\/types\/post"}],"author":[{"embeddable":true,"href":"https:\/\/guillermou-avocats.fr\/fr\/wp-json\/wp\/v2\/users\/2"}],"replies":[{"embeddable":true,"href":"https:\/\/guillermou-avocats.fr\/fr\/wp-json\/wp\/v2\/comments?post=6600"}],"version-history":[{"count":14,"href":"https:\/\/guillermou-avocats.fr\/fr\/wp-json\/wp\/v2\/posts\/6600\/revisions"}],"predecessor-version":[{"id":6615,"href":"https:\/\/guillermou-avocats.fr\/fr\/wp-json\/wp\/v2\/posts\/6600\/revisions\/6615"}],"wp:attachment":[{"href":"https:\/\/guillermou-avocats.fr\/fr\/wp-json\/wp\/v2\/media?parent=6600"}],"wp:term":[{"taxonomy":"category","embeddable":true,"href":"https:\/\/guillermou-avocats.fr\/fr\/wp-json\/wp\/v2\/categories?post=6600"},{"taxonomy":"post_tag","embeddable":true,"href":"https:\/\/guillermou-avocats.fr\/fr\/wp-json\/wp\/v2\/tags?post=6600"}],"curies":[{"name":"wp","href":"https:\/\/api.w.org\/{rel}","templated":true}]}}