{"id":6593,"date":"2019-10-09T16:09:52","date_gmt":"2019-10-09T14:09:52","guid":{"rendered":"https:\/\/guillermou-avocats.fr\/?p=6593"},"modified":"2024-09-16T11:49:43","modified_gmt":"2024-09-16T09:49:43","slug":"accident-lors-dune-manifestation-taurine-responsabilite-de-lassociation-et-du-manadier","status":"publish","type":"post","link":"https:\/\/guillermou-avocats.fr\/fr\/jurisprudences\/accident-lors-dune-manifestation-taurine-responsabilite-de-lassociation-et-du-manadier","title":{"rendered":"Accident lors d\u2019une manifestation taurine\u00a0: responsabilit\u00e9 de l\u2019association et du manadier"},"content":{"rendered":"<div class=\"fusion-fullwidth fullwidth-box nonhundred-percent-fullwidth non-hundred-percent-height-scrolling\"  style='background-color: rgba(255,255,255,0);background-position: center center;background-repeat: no-repeat;padding-top:0px;padding-right:0px;padding-bottom:0px;padding-left:0px;'><div class=\"fusion-builder-row fusion-row \"><div  class=\"fusion-layout-column fusion_builder_column fusion_builder_column_1_1  fusion-one-full fusion-column-first fusion-column-last 1_1\"  style='margin-top:0px;margin-bottom:0px;'>\n\t\t\t\t\t<div class=\"fusion-column-wrapper\" style=\"padding: 0px 0px 0px 0px;background-position:left top;background-repeat:no-repeat;-webkit-background-size:cover;-moz-background-size:cover;-o-background-size:cover;background-size:cover;\"  data-bg-url=\"\">\n\t\t\t\t\t\t<div class=\"fusion-text\"><h2 style=\"text-align: left;\">Accident de cheval<\/h2>\n<p style=\"text-align: justify;\">Le 28 juillet 2012, lors d\u2019une manifestation taurine, un cheval affol\u00e9 par \u00a0l\u2019agitation de banderoles d\u00e9vie de son parcours et percute violemment un spectateur qui lui faisait dos. \u00a0L\u2019homme est \u00a0projet\u00e9 \u00e0 une dizaine de m\u00e8tres de l\u2019endroit o\u00f9 il se trouvait. Il souffre de diff\u00e9rentes l\u00e9sions apr\u00e8s avoir subi un <a href=\"https:\/\/blog.guillermou-avocats.fr\/articles\/determiner-levolution-du-coma\">coma<\/a> post &#8211; traumatique. La <a href=\"https:\/\/guillermou-avocats.fr\/droits-victime\">victime<\/a> assigne le manadier et l\u2019association organisatrice en <a href=\"https:\/\/guillermou-avocats.fr\/indemnisation-prejudice\">indemnisation de ses pr\u00e9judices corporels<\/a>.<\/p>\n<p style=\"text-align: justify;\">Le 21 avril 2016, le tribunal de grande instance retient la responsabilit\u00e9 de l\u2019association pour manquement \u00e0 son <a href=\"https:\/\/guillermou-avocats.fr\/dommage-corporel\/accident-de-ski-responsabilite-de-lassociation-organisatrice-dune-sortie-de-ski-en-groupe\">obligation de s\u00e9curit\u00e9<\/a> et celle du manadier en qualit\u00e9 de gardien de l\u2019animal.<\/p>\n<p style=\"text-align: justify;\">Ces derniers font appel du jugement\u00a0: l\u2019association voulant s\u2019exon\u00e9rer de tout manquement \u00e0 son obligation de s\u00e9curit\u00e9 en raison d\u2019une faute de la victime et le manadier rejetant sa qualit\u00e9 de gardien responsable de l\u2019animal sur celle du propri\u00e9taire du cheval qui \u00e9tait, ce jour-l\u00e0, le cavalier ayant perdu le contr\u00f4le de l\u2019animal.<\/p>\n<p style=\"text-align: justify;\">Par arr\u00eat du 17 janvier 2019 n\u00b0 16\/02 452 la cour d\u2019appel de N\u00eemes compte confirme le jugement\u00a0de 1\u00e8re instance et retient que:<\/p>\n<h3 style=\"text-align: justify;\">Manquement \u00e0 l\u2019obligation de s\u00e9curit\u00e9<\/h3>\n<ul>\n<li style=\"text-align: justify;\">L\u2019association a manqu\u00e9 \u00e0 son obligation de s\u00e9curit\u00e9 et celle-ci ne saurait s&rsquo;en exon\u00e9rer en excipant d&rsquo;une faute impr\u00e9visible et irr\u00e9sistible de la victime \u00e0 sa pr\u00e9sence \u00e0 l&rsquo;ext\u00e9rieur de l&rsquo;enclos prot\u00e9g\u00e9 par les barri\u00e8res.<\/li>\n<\/ul>\n<p style=\"text-align: justify;\"><em>\u00a0\u00ab\u00a0Il suffira de rappeler que <strong>la pr\u00e9sence de barri\u00e8res de s\u00e9curit\u00e9 \u00e0 proximit\u00e9 de la buvette \u00e9tait insuffisante \u00e0 assurer la s\u00e9curit\u00e9 des spectateurs<\/strong> alors qu&rsquo;il r\u00e9sulte des proc\u00e8s verbaux d&rsquo;enqu\u00eate et photographies jointes au constat d&rsquo;huissier \u00e9tabli par Ma\u00eetre Laurent le 4 avril 2014 \u00e0 partir du visionnage d&rsquo;une video mise en ligne sur internet que le<strong> parcours n&rsquo;\u00e9tait pas s\u00e9curis\u00e9 par des barri\u00e8res, la seule pose all\u00e9gu\u00e9e mais non \u00e9tablie de rubalise n&rsquo;\u00e9tant pas de nature \u00e0 assurer la s\u00e9curit\u00e9 des passants, que de plus le seul espace s\u00e9curis\u00e9 par la pose de barri\u00e8res autour de la buvette \u00e9tait tr\u00e8s restreint et ne permettait pas d&rsquo;accueillir l&rsquo;ensemble des spectateurs<\/strong>.<\/em><\/p>\n<p style=\"text-align: justify;\"><em>En tout \u00e9tat de cause, et nonobstant les contestations \u00e9mises par l&rsquo;association Lou R. sur le caract\u00e8re sous dimensionn\u00e9 de l&rsquo;espace prot\u00e9g\u00e9 par rapport au public pr\u00e9sent, le directeur de l&rsquo;association M. B. a admis lors de son audition que<strong> les personnes pr\u00e9sentes n&rsquo;ont \u00e0 aucun moment \u00e9t\u00e9 invit\u00e9es \u00e0 se placer dans l&rsquo;espace prot\u00e9g\u00e9 par les barri\u00e8res \u00e0 la buvette<\/strong>.<\/em><\/p>\n<p style=\"text-align: justify;\"><em>Par suite <strong>le manquement de l&rsquo;association organisatrice \u00e0 son obligation de s\u00e9curit\u00e9 est \u00e9tabli et celle-ci ne saurait s&rsquo;en exon\u00e9rer en excipant d&rsquo;une faute impr\u00e9visible et irr\u00e9sistible de M. D. tenant \u00e0 sa pr\u00e9sence \u00e0 l&rsquo;ext\u00e9rieur de l&rsquo;enclos prot\u00e9g\u00e9 par les barri\u00e8res.<\/strong><\/em><\/p>\n<p style=\"text-align: justify;\"><em>La responsabilit\u00e9 de l&rsquo;association organisatrice est donc justement engag\u00e9e sur le fondement de l&rsquo;<a href=\"https:\/\/www.legifrance.gouv.fr\/affichCodeArticle.do;jsessionid=D67246A981CA998C318D976A8DC7EE8A.tplgfr25s_3?idArticle=LEGIARTI000006438829&amp;cidTexte=LEGITEXT000006070721&amp;categorieLien=id&amp;dateTexte=20160930\">article 1383 du code civil.<\/a>\u00a0\u00bb<\/em>(devenu l&rsquo;article 1241 du Code civil)<\/p>\n<h4 style=\"text-align: justify;\">Responsabilit\u00e9 du fait de la garde des animaux<\/h4>\n<ul>\n<li style=\"text-align: justify;\"><em>\u00ab\u00a0le manadier , qui \u00e9tablit le parcours de l\u2019abrivado, qui s\u00e9lectionne les chevaux et les cavaliers et leur assigne la place qui convient dans l\u2019escorte a b\u00e9n\u00e9fici\u00e9 d\u2019<strong>un transfert de garde de l\u2019animal impliquant une responsabilit\u00e9 de plein droit sur le fondement de l\u2019<a href=\"https:\/\/www.legifrance.gouv.fr\/affichCodeArticle.do;jsessionid=D67246A981CA998C318D976A8DC7EE8A.tplgfr25s_3?idArticle=LEGIARTI000006438847&amp;cidTexte=LEGITEXT000006070721&amp;categorieLien=id&amp;dateTexte=20160930\">article 1385 du code civil<\/a> <\/strong>(devenu l&rsquo;article 1243 du Code civil) pour les <a href=\"https:\/\/guillermou-avocats.fr\/lexique-juridique\/id-148-dommage-corporel\">dommages<\/a> occasionn\u00e9s par le cheval qui s\u2019est emball\u00e9 a \u00e9chapp\u00e9 \u00e0 la manade et renvers\u00e9 la victime.<\/em><\/li>\n<\/ul>\n<p style=\"text-align: justify;\"><em>(&#8230;)<strong>Le manquement de l&rsquo;association Lou R. \u00e0 l&rsquo;obligation de s\u00e9curit\u00e9 qui lui imposait de s\u00e9curiser le parcours des animaux par la pose de barri\u00e8res est en lien direct avec l&rsquo;accident subi par M. D. qui ne se serait trouv\u00e9 sur la trajectoire du cheval. De m\u00eame la perte de contr\u00f4le de l&rsquo;animal qui \u00e9tait sous la garde de M. B., \u00e0 qui il revenait de prendre toute disposition de nature \u00e0 pr\u00e9venir toute fuite d&rsquo;un animal vers le public, a contribu\u00e9 au dommage subi par M. D..<\/strong><\/em><\/p>\n<p style=\"text-align: justify;\"><strong><em>Le jugement entrepris sera donc confirm\u00e9 en ce qu&rsquo;il a d\u00e9clar\u00e9 M. B. et l&rsquo;association Lou R. responsables du dommage subi par M. D., tenus in<\/em><\/strong><\/p>\n<p style=\"text-align: justify;\"><em><strong>solidum d&rsquo;indemniser ce dernier de son pr\u00e9judice<\/strong>,(\u2026)\u00bb<\/em><\/p>\n<p>Sources: Editions L\u00e9gislatives<\/p>\n<p>Image: \u00a9Pixabay<\/p>\n<\/div><div class=\"fusion-clearfix\"><\/div>\n\n\t\t\t\t\t<\/div>\n\t\t\t\t<\/div><\/div><\/div>\n","protected":false},"excerpt":{"rendered":"","protected":false},"author":2,"featured_media":0,"comment_status":"open","ping_status":"open","sticky":false,"template":"","format":"standard","meta":{"footnotes":""},"categories":[83,88,93,26,85,27,25,34,115],"tags":[],"class_list":["post-6593","post","type-post","status-publish","format-standard","hentry","category-accident-de-sport","category-accidents-de-la-vie","category-actualites","category-dommage-corporel","category-expertise","category-indemnisation","category-jurisprudences","category-responsabilite","category-victime"],"yoast_head":"<!-- This site is optimized with the Yoast SEO Premium plugin v23.4 (Yoast SEO v27.4) - https:\/\/yoast.com\/product\/yoast-seo-premium-wordpress\/ -->\n<title>Accident lors d\u2019une manifestation taurine\u00a0: responsabilit\u00e9 de l\u2019association et du manadier - Avocat indemnisation de victimes<\/title>\n<meta name=\"description\" content=\"Responsabilit\u00e9 dans un accident lors d&#039;une manifestation taurine : les devoirs de l&#039;association et du manadier.\" \/>\n<meta name=\"robots\" content=\"index, follow, max-snippet:-1, max-image-preview:large, max-video-preview:-1\" \/>\n<link rel=\"canonical\" href=\"https:\/\/guillermou-avocats.fr\/fr\/jurisprudences\/accident-lors-dune-manifestation-taurine-responsabilite-de-lassociation-et-du-manadier\" \/>\n<meta property=\"og:locale\" content=\"fr_FR\" \/>\n<meta property=\"og:type\" content=\"article\" \/>\n<meta property=\"og:title\" content=\"Accident lors d\u2019une manifestation taurine\u00a0: responsabilit\u00e9 de l\u2019association et du manadier - Avocat indemnisation de victimes\" \/>\n<meta property=\"og:description\" content=\"Responsabilit\u00e9 dans un accident lors d&#039;une manifestation taurine : les devoirs de l&#039;association et du manadier.\" \/>\n<meta property=\"og:url\" content=\"https:\/\/guillermou-avocats.fr\/fr\/jurisprudences\/accident-lors-dune-manifestation-taurine-responsabilite-de-lassociation-et-du-manadier\" \/>\n<meta property=\"og:site_name\" content=\"Avocat indemnisation de victimes\" \/>\n<meta property=\"article:publisher\" content=\"https:\/\/www.facebook.com\/emericguillermou\/\" \/>\n<meta property=\"article:published_time\" content=\"2019-10-09T14:09:52+00:00\" \/>\n<meta property=\"article:modified_time\" content=\"2024-09-16T09:49:43+00:00\" \/>\n<meta name=\"author\" content=\"Proxima\" \/>\n<meta name=\"twitter:card\" content=\"summary_large_image\" \/>\n<meta name=\"twitter:creator\" content=\"@eguillermou\" \/>\n<meta name=\"twitter:site\" content=\"@eguillermou\" \/>\n<meta name=\"twitter:label1\" content=\"\u00c9crit par\" \/>\n\t<meta name=\"twitter:data1\" content=\"Proxima\" \/>\n\t<meta name=\"twitter:label2\" content=\"Dur\u00e9e de lecture estim\u00e9e\" \/>\n\t<meta name=\"twitter:data2\" content=\"4 minutes\" \/>\n<script type=\"application\/ld+json\" class=\"yoast-schema-graph\">{\"@context\":\"https:\\\/\\\/schema.org\",\"@graph\":[{\"@type\":\"Article\",\"@id\":\"https:\\\/\\\/guillermou-avocats.fr\\\/fr\\\/jurisprudences\\\/accident-lors-dune-manifestation-taurine-responsabilite-de-lassociation-et-du-manadier#article\",\"isPartOf\":{\"@id\":\"https:\\\/\\\/guillermou-avocats.fr\\\/fr\\\/jurisprudences\\\/accident-lors-dune-manifestation-taurine-responsabilite-de-lassociation-et-du-manadier\"},\"author\":{\"name\":\"Proxima\",\"@id\":\"https:\\\/\\\/proxima2023.okoumea.com\\\/fr\\\/#\\\/schema\\\/person\\\/76485fc47f1ebece06bb555d9824cae0\"},\"headline\":\"Accident lors d\u2019une manifestation taurine\u00a0: responsabilit\u00e9 de l\u2019association et du manadier\",\"datePublished\":\"2019-10-09T14:09:52+00:00\",\"dateModified\":\"2024-09-16T09:49:43+00:00\",\"mainEntityOfPage\":{\"@id\":\"https:\\\/\\\/guillermou-avocats.fr\\\/fr\\\/jurisprudences\\\/accident-lors-dune-manifestation-taurine-responsabilite-de-lassociation-et-du-manadier\"},\"wordCount\":943,\"commentCount\":0,\"publisher\":{\"@id\":\"https:\\\/\\\/proxima2023.okoumea.com\\\/fr\\\/#organization\"},\"articleSection\":[\"Accident de sport\",\"Accidents de la vie\",\"actualit\u00e9s\",\"Dommage corporel\",\"Expertise\",\"Indemnisation\",\"Jurisprudences\",\"Responsabilit\u00e9\",\"victime\"],\"inLanguage\":\"fr-FR\",\"potentialAction\":[{\"@type\":\"CommentAction\",\"name\":\"Comment\",\"target\":[\"https:\\\/\\\/guillermou-avocats.fr\\\/fr\\\/jurisprudences\\\/accident-lors-dune-manifestation-taurine-responsabilite-de-lassociation-et-du-manadier#respond\"]}]},{\"@type\":\"WebPage\",\"@id\":\"https:\\\/\\\/guillermou-avocats.fr\\\/fr\\\/jurisprudences\\\/accident-lors-dune-manifestation-taurine-responsabilite-de-lassociation-et-du-manadier\",\"url\":\"https:\\\/\\\/guillermou-avocats.fr\\\/fr\\\/jurisprudences\\\/accident-lors-dune-manifestation-taurine-responsabilite-de-lassociation-et-du-manadier\",\"name\":\"Accident lors d\u2019une manifestation taurine\u00a0: responsabilit\u00e9 de l\u2019association et du manadier - Avocat indemnisation de victimes\",\"isPartOf\":{\"@id\":\"https:\\\/\\\/proxima2023.okoumea.com\\\/fr\\\/#website\"},\"datePublished\":\"2019-10-09T14:09:52+00:00\",\"dateModified\":\"2024-09-16T09:49:43+00:00\",\"description\":\"Responsabilit\u00e9 dans un accident lors d'une manifestation taurine : les devoirs de l'association et du manadier.\",\"inLanguage\":\"fr-FR\",\"potentialAction\":[{\"@type\":\"ReadAction\",\"target\":[\"https:\\\/\\\/guillermou-avocats.fr\\\/fr\\\/jurisprudences\\\/accident-lors-dune-manifestation-taurine-responsabilite-de-lassociation-et-du-manadier\"]}]},{\"@type\":\"WebSite\",\"@id\":\"https:\\\/\\\/proxima2023.okoumea.com\\\/fr\\\/#website\",\"url\":\"https:\\\/\\\/proxima2023.okoumea.com\\\/fr\\\/\",\"name\":\"Proxima - Avocats indemnisation de victimes\",\"description\":\"Chaque jour est un nouveau cap \u00e0 franchir ensemble\",\"publisher\":{\"@id\":\"https:\\\/\\\/proxima2023.okoumea.com\\\/fr\\\/#organization\"},\"potentialAction\":[{\"@type\":\"SearchAction\",\"target\":{\"@type\":\"EntryPoint\",\"urlTemplate\":\"https:\\\/\\\/proxima2023.okoumea.com\\\/fr\\\/?s={search_term_string}\"},\"query-input\":{\"@type\":\"PropertyValueSpecification\",\"valueRequired\":true,\"valueName\":\"search_term_string\"}}],\"inLanguage\":\"fr-FR\"},{\"@type\":\"Organization\",\"@id\":\"https:\\\/\\\/proxima2023.okoumea.com\\\/fr\\\/#organization\",\"name\":\"CABINET PROXIMA GUILLERMOU AVOCATS\",\"url\":\"https:\\\/\\\/proxima2023.okoumea.com\\\/fr\\\/\",\"logo\":{\"@type\":\"ImageObject\",\"inLanguage\":\"fr-FR\",\"@id\":\"https:\\\/\\\/proxima2023.okoumea.com\\\/fr\\\/#\\\/schema\\\/logo\\\/image\\\/\",\"url\":\"https:\\\/\\\/guillermou-avocats.fr\\\/wp-content\\\/uploads\\\/2024\\\/08\\\/2Fichier-12ProximaLogox1.png\",\"contentUrl\":\"https:\\\/\\\/guillermou-avocats.fr\\\/wp-content\\\/uploads\\\/2024\\\/08\\\/2Fichier-12ProximaLogox1.png\",\"width\":836,\"height\":825,\"caption\":\"CABINET PROXIMA GUILLERMOU AVOCATS\"},\"image\":{\"@id\":\"https:\\\/\\\/proxima2023.okoumea.com\\\/fr\\\/#\\\/schema\\\/logo\\\/image\\\/\"},\"sameAs\":[\"https:\\\/\\\/www.facebook.com\\\/emericguillermou\\\/\",\"https:\\\/\\\/x.com\\\/eguillermou\",\"https:\\\/\\\/fr.linkedin.com\\\/in\\\/emeric-guillermou-6a4b9bb6\",\"https:\\\/\\\/www.youtube.com\\\/@emericguillermou9412\"]},{\"@type\":\"Person\",\"@id\":\"https:\\\/\\\/proxima2023.okoumea.com\\\/fr\\\/#\\\/schema\\\/person\\\/76485fc47f1ebece06bb555d9824cae0\",\"name\":\"Proxima\",\"image\":{\"@type\":\"ImageObject\",\"inLanguage\":\"fr-FR\",\"@id\":\"https:\\\/\\\/secure.gravatar.com\\\/avatar\\\/1a9a201a1fcd5f2ecbfa35b383607d569af4cffda10e358211dbcb32e8d758cc?s=96&d=mm&r=g\",\"url\":\"https:\\\/\\\/secure.gravatar.com\\\/avatar\\\/1a9a201a1fcd5f2ecbfa35b383607d569af4cffda10e358211dbcb32e8d758cc?s=96&d=mm&r=g\",\"contentUrl\":\"https:\\\/\\\/secure.gravatar.com\\\/avatar\\\/1a9a201a1fcd5f2ecbfa35b383607d569af4cffda10e358211dbcb32e8d758cc?s=96&d=mm&r=g\",\"caption\":\"Proxima\"},\"description\":\"Avocat Indemnisation de victimes Emeric GUILLERMOU\",\"url\":\"https:\\\/\\\/guillermou-avocats.fr\\\/fr\\\/author\\\/proxima\"}]}<\/script>\n<!-- \/ Yoast SEO Premium plugin. -->","yoast_head_json":{"title":"Accident lors d\u2019une manifestation taurine\u00a0: responsabilit\u00e9 de l\u2019association et du manadier - Avocat indemnisation de victimes","description":"Responsabilit\u00e9 dans un accident lors d'une manifestation taurine : les devoirs de l'association et du manadier.","robots":{"index":"index","follow":"follow","max-snippet":"max-snippet:-1","max-image-preview":"max-image-preview:large","max-video-preview":"max-video-preview:-1"},"canonical":"https:\/\/guillermou-avocats.fr\/fr\/jurisprudences\/accident-lors-dune-manifestation-taurine-responsabilite-de-lassociation-et-du-manadier","og_locale":"fr_FR","og_type":"article","og_title":"Accident lors d\u2019une manifestation taurine\u00a0: responsabilit\u00e9 de l\u2019association et du manadier - Avocat indemnisation de victimes","og_description":"Responsabilit\u00e9 dans un accident lors d'une manifestation taurine : les devoirs de l'association et du manadier.","og_url":"https:\/\/guillermou-avocats.fr\/fr\/jurisprudences\/accident-lors-dune-manifestation-taurine-responsabilite-de-lassociation-et-du-manadier","og_site_name":"Avocat indemnisation de victimes","article_publisher":"https:\/\/www.facebook.com\/emericguillermou\/","article_published_time":"2019-10-09T14:09:52+00:00","article_modified_time":"2024-09-16T09:49:43+00:00","author":"Proxima","twitter_card":"summary_large_image","twitter_creator":"@eguillermou","twitter_site":"@eguillermou","twitter_misc":{"\u00c9crit par":"Proxima","Dur\u00e9e de lecture estim\u00e9e":"4 minutes"},"schema":{"@context":"https:\/\/schema.org","@graph":[{"@type":"Article","@id":"https:\/\/guillermou-avocats.fr\/fr\/jurisprudences\/accident-lors-dune-manifestation-taurine-responsabilite-de-lassociation-et-du-manadier#article","isPartOf":{"@id":"https:\/\/guillermou-avocats.fr\/fr\/jurisprudences\/accident-lors-dune-manifestation-taurine-responsabilite-de-lassociation-et-du-manadier"},"author":{"name":"Proxima","@id":"https:\/\/proxima2023.okoumea.com\/fr\/#\/schema\/person\/76485fc47f1ebece06bb555d9824cae0"},"headline":"Accident lors d\u2019une manifestation taurine\u00a0: responsabilit\u00e9 de l\u2019association et du manadier","datePublished":"2019-10-09T14:09:52+00:00","dateModified":"2024-09-16T09:49:43+00:00","mainEntityOfPage":{"@id":"https:\/\/guillermou-avocats.fr\/fr\/jurisprudences\/accident-lors-dune-manifestation-taurine-responsabilite-de-lassociation-et-du-manadier"},"wordCount":943,"commentCount":0,"publisher":{"@id":"https:\/\/proxima2023.okoumea.com\/fr\/#organization"},"articleSection":["Accident de sport","Accidents de la vie","actualit\u00e9s","Dommage corporel","Expertise","Indemnisation","Jurisprudences","Responsabilit\u00e9","victime"],"inLanguage":"fr-FR","potentialAction":[{"@type":"CommentAction","name":"Comment","target":["https:\/\/guillermou-avocats.fr\/fr\/jurisprudences\/accident-lors-dune-manifestation-taurine-responsabilite-de-lassociation-et-du-manadier#respond"]}]},{"@type":"WebPage","@id":"https:\/\/guillermou-avocats.fr\/fr\/jurisprudences\/accident-lors-dune-manifestation-taurine-responsabilite-de-lassociation-et-du-manadier","url":"https:\/\/guillermou-avocats.fr\/fr\/jurisprudences\/accident-lors-dune-manifestation-taurine-responsabilite-de-lassociation-et-du-manadier","name":"Accident lors d\u2019une manifestation taurine\u00a0: responsabilit\u00e9 de l\u2019association et du manadier - Avocat indemnisation de victimes","isPartOf":{"@id":"https:\/\/proxima2023.okoumea.com\/fr\/#website"},"datePublished":"2019-10-09T14:09:52+00:00","dateModified":"2024-09-16T09:49:43+00:00","description":"Responsabilit\u00e9 dans un accident lors d'une manifestation taurine : les devoirs de l'association et du manadier.","inLanguage":"fr-FR","potentialAction":[{"@type":"ReadAction","target":["https:\/\/guillermou-avocats.fr\/fr\/jurisprudences\/accident-lors-dune-manifestation-taurine-responsabilite-de-lassociation-et-du-manadier"]}]},{"@type":"WebSite","@id":"https:\/\/proxima2023.okoumea.com\/fr\/#website","url":"https:\/\/proxima2023.okoumea.com\/fr\/","name":"Proxima - Avocats indemnisation de victimes","description":"Chaque jour est un nouveau cap \u00e0 franchir ensemble","publisher":{"@id":"https:\/\/proxima2023.okoumea.com\/fr\/#organization"},"potentialAction":[{"@type":"SearchAction","target":{"@type":"EntryPoint","urlTemplate":"https:\/\/proxima2023.okoumea.com\/fr\/?s={search_term_string}"},"query-input":{"@type":"PropertyValueSpecification","valueRequired":true,"valueName":"search_term_string"}}],"inLanguage":"fr-FR"},{"@type":"Organization","@id":"https:\/\/proxima2023.okoumea.com\/fr\/#organization","name":"CABINET PROXIMA GUILLERMOU AVOCATS","url":"https:\/\/proxima2023.okoumea.com\/fr\/","logo":{"@type":"ImageObject","inLanguage":"fr-FR","@id":"https:\/\/proxima2023.okoumea.com\/fr\/#\/schema\/logo\/image\/","url":"https:\/\/guillermou-avocats.fr\/wp-content\/uploads\/2024\/08\/2Fichier-12ProximaLogox1.png","contentUrl":"https:\/\/guillermou-avocats.fr\/wp-content\/uploads\/2024\/08\/2Fichier-12ProximaLogox1.png","width":836,"height":825,"caption":"CABINET PROXIMA GUILLERMOU AVOCATS"},"image":{"@id":"https:\/\/proxima2023.okoumea.com\/fr\/#\/schema\/logo\/image\/"},"sameAs":["https:\/\/www.facebook.com\/emericguillermou\/","https:\/\/x.com\/eguillermou","https:\/\/fr.linkedin.com\/in\/emeric-guillermou-6a4b9bb6","https:\/\/www.youtube.com\/@emericguillermou9412"]},{"@type":"Person","@id":"https:\/\/proxima2023.okoumea.com\/fr\/#\/schema\/person\/76485fc47f1ebece06bb555d9824cae0","name":"Proxima","image":{"@type":"ImageObject","inLanguage":"fr-FR","@id":"https:\/\/secure.gravatar.com\/avatar\/1a9a201a1fcd5f2ecbfa35b383607d569af4cffda10e358211dbcb32e8d758cc?s=96&d=mm&r=g","url":"https:\/\/secure.gravatar.com\/avatar\/1a9a201a1fcd5f2ecbfa35b383607d569af4cffda10e358211dbcb32e8d758cc?s=96&d=mm&r=g","contentUrl":"https:\/\/secure.gravatar.com\/avatar\/1a9a201a1fcd5f2ecbfa35b383607d569af4cffda10e358211dbcb32e8d758cc?s=96&d=mm&r=g","caption":"Proxima"},"description":"Avocat Indemnisation de victimes Emeric GUILLERMOU","url":"https:\/\/guillermou-avocats.fr\/fr\/author\/proxima"}]}},"_links":{"self":[{"href":"https:\/\/guillermou-avocats.fr\/fr\/wp-json\/wp\/v2\/posts\/6593","targetHints":{"allow":["GET"]}}],"collection":[{"href":"https:\/\/guillermou-avocats.fr\/fr\/wp-json\/wp\/v2\/posts"}],"about":[{"href":"https:\/\/guillermou-avocats.fr\/fr\/wp-json\/wp\/v2\/types\/post"}],"author":[{"embeddable":true,"href":"https:\/\/guillermou-avocats.fr\/fr\/wp-json\/wp\/v2\/users\/2"}],"replies":[{"embeddable":true,"href":"https:\/\/guillermou-avocats.fr\/fr\/wp-json\/wp\/v2\/comments?post=6593"}],"version-history":[{"count":5,"href":"https:\/\/guillermou-avocats.fr\/fr\/wp-json\/wp\/v2\/posts\/6593\/revisions"}],"predecessor-version":[{"id":6599,"href":"https:\/\/guillermou-avocats.fr\/fr\/wp-json\/wp\/v2\/posts\/6593\/revisions\/6599"}],"wp:attachment":[{"href":"https:\/\/guillermou-avocats.fr\/fr\/wp-json\/wp\/v2\/media?parent=6593"}],"wp:term":[{"taxonomy":"category","embeddable":true,"href":"https:\/\/guillermou-avocats.fr\/fr\/wp-json\/wp\/v2\/categories?post=6593"},{"taxonomy":"post_tag","embeddable":true,"href":"https:\/\/guillermou-avocats.fr\/fr\/wp-json\/wp\/v2\/tags?post=6593"}],"curies":[{"name":"wp","href":"https:\/\/api.w.org\/{rel}","templated":true}]}}