{"id":6369,"date":"2019-08-06T13:57:14","date_gmt":"2019-08-06T11:57:14","guid":{"rendered":"https:\/\/guillermou-avocats.fr\/?p=6369"},"modified":"2024-09-16T12:33:45","modified_gmt":"2024-09-16T10:33:45","slug":"demande-dindemnisation-dune-infraction-penale-possible-devant-la-commission-dindemnisation-des-victimes-dinfractions-civi-et-la-juridiction-admnistrative","status":"publish","type":"post","link":"https:\/\/guillermou-avocats.fr\/fr\/jurisprudences\/demande-dindemnisation-dune-infraction-penale-possible-devant-la-commission-dindemnisation-des-victimes-dinfractions-civi-et-la-juridiction-admnistrative","title":{"rendered":"Demande d\u2019indemnisation d\u2019une infraction p\u00e9nale possible devant la\u00a0Commission d\u2019indemnisation des victimes d\u2019infractions (CIVI) et la juridiction admnistrative."},"content":{"rendered":"<div class=\"fusion-fullwidth fullwidth-box nonhundred-percent-fullwidth non-hundred-percent-height-scrolling\"  style='background-color: rgba(255,255,255,0);background-position: center center;background-repeat: no-repeat;padding-top:0px;padding-right:0px;padding-bottom:0px;padding-left:0px;'><div class=\"fusion-builder-row fusion-row \"><div  class=\"fusion-layout-column fusion_builder_column fusion_builder_column_1_1  fusion-one-full fusion-column-first fusion-column-last 1_1\"  style='margin-top:0px;margin-bottom:0px;'>\n\t\t\t\t\t<div class=\"fusion-column-wrapper\" style=\"padding: 0px 0px 0px 0px;background-position:left top;background-repeat:no-repeat;-webkit-background-size:cover;-moz-background-size:cover;-o-background-size:cover;background-size:cover;\"  data-bg-url=\"\">\n\t\t\t\t\t\t<div class=\"fusion-text\"><p style=\"text-align: justify;\">Suite \u00e0 des complications durant un accouchement, un nouveau-n\u00e9 est<a href=\"https:\/\/guillermou-avocats.fr\/droits-victime\"> victime<\/a> d\u2019une <a href=\"https:\/\/www.universalis.fr\/encyclopedie\/hypoxie-et-anoxie\/\">anoxie<\/a> \u00a0prolong\u00e9e qui lui provoque des <a href=\"https:\/\/guillermou-avocats.fr\/lexique-juridique\/id-175-cerebro-lese\">l\u00e9sions c\u00e9r\u00e9brales irr\u00e9versibles<\/a>.<\/p>\n<p style=\"text-align: justify;\">Ses parents, agissant en qualit\u00e9 d\u2019administrateurs l\u00e9gaux de celui-ci et \u00e0 titre personnel, saisissent le tribunal administratif afin de voir reconnue la <a href=\"https:\/\/guillermou-avocats.fr\/id-5-accident-medicaux-indemnisation\">responsabilit\u00e9 de l\u2019h\u00f4pital<\/a> et de statuer sur leurs demandes d\u2019indemnisation. Ils saisissent \u00e9galement la <a href=\"https:\/\/guillermou-avocats.fr\/lexique-juridique\/id-183-la-commission-d-indemnisation-des-victimes-d-infractions-civi\">Commission d\u2019indemnisation des victimes d\u2019infractions (CIVI)<\/a> afin de voir ordonner une <a href=\"https:\/\/guillermou-avocats.fr\/expertise-medicale\">expertise m\u00e9dicale<\/a> de leur enfant et obtenir le versement d\u2019<a href=\"https:\/\/guillermou-avocats.fr\/lexique-juridique\/id-130-provision\">indemnit\u00e9s provisionnelles<\/a>.<\/p>\n<p style=\"text-align: justify;\">La Cour d\u2019appel d\u00e9clare irrecevables les demandes formul\u00e9es devant la CIVI au motif qu\u2019elles portaient sur des postes de \u00ab\u00a0<a href=\"https:\/\/guillermou-avocats.fr\/indemnisation-prejudice\">pr\u00e9judices int\u00e9gralement r\u00e9par\u00e9s<\/a> par les juridictions administratives\u00a0\u00bb.<\/p>\n<p style=\"text-align: justify;\">Par arr\u00eat du <a href=\"https:\/\/www.legifrance.gouv.fr\/affichJuriJudi.do?oldAction=rechJuriJudi&amp;idTexte=JURITEXT000038762756&amp;fastReqId=336530908&amp;fastPos=1\">4 juillet 2019 n\u00b0 18-13853<\/a>, la Cour de cassation casse cette d\u00e9cision\u00a0:<\/p>\n<p style=\"text-align: justify;\"><em>\u00ab\u00a0Qu\u2019en se pronon\u00e7ant ainsi, la cour d\u2019appel a m\u00e9connu l\u2019\u00e9tendue de ses pouvoirs et viol\u00e9 le texte susvis\u00e9 ;<\/em><\/p>\n<p style=\"text-align: justify;\"><em>PAR CES MOTIFS :<\/em><\/p>\n<p style=\"text-align: justify;\"><em>CASSE ET ANNULE, mais seulement en ce qu\u2019il dit qu\u2019\u00e0 l\u2019exception du poste de pr\u00e9judice de la perte de chance professionnelle, le pr\u00e9judice de M. Z&#8230; U&#8230; a fait l\u2019objet d\u2019une r\u00e9paration int\u00e9grale par la juridiction administrative, de sorte que ses demandes pr\u00e9sent\u00e9es des m\u00eames chefs devant la commission d\u2019indemnisation des victimes d\u2019infractions sont irrecevables, d\u00e9charge le docteur B&#8230; de la mission d\u2019expertise qui lui avait \u00e9t\u00e9 confi\u00e9e par la commission d\u2019indemnisation des victimes d\u2019infractions, \u00e0 supposer que cette mission n\u2019ait pas encore \u00e9t\u00e9 achev\u00e9e, et dit que M. E&#8230; U&#8230; et Mme W&#8230; U&#8230;, dont le pr\u00e9judice personnel a \u00e9t\u00e9 int\u00e9gralement indemnis\u00e9 par la juridiction administrative, sont irrecevables en leurs demandes, l\u2019arr\u00eat rendu le 18 janvier 2018, entre les parties, par la cour d\u2019appel de Paris ; remet, en cons\u00e9quence, sur ces points, la cause et les parties dans l\u2019\u00e9tat o\u00f9 elles se trouvaient avant ledit arr\u00eat et, pour \u00eatre fait droit, les renvoie devant la cour d\u2019appel de Paris, autrement compos\u00e9e\u00a0\u00bb\u00a0<\/em><\/p>\n<\/div><div class=\"fusion-clearfix\"><\/div>\n\n\t\t\t\t\t<\/div>\n\t\t\t\t<\/div><\/div><\/div>\n","protected":false},"excerpt":{"rendered":"","protected":false},"author":2,"featured_media":0,"comment_status":"open","ping_status":"open","sticky":false,"template":"","format":"standard","meta":{"footnotes":""},"categories":[26,76,85,39,27,25,34,131],"tags":[],"class_list":["post-6369","post","type-post","status-publish","format-standard","hentry","category-dommage-corporel","category-droit","category-expertise","category-handicap","category-indemnisation","category-jurisprudences","category-responsabilite","category-victime-dinfraction"],"yoast_head":"<!-- This site is optimized with the Yoast SEO Premium plugin v23.4 (Yoast SEO v27.4) - https:\/\/yoast.com\/product\/yoast-seo-premium-wordpress\/ -->\n<title>Demande d\u2019indemnisation d\u2019une infraction p\u00e9nale possible devant la\u00a0Commission d\u2019indemnisation des victimes d\u2019infractions (CIVI) et la juridiction admnistrative. - Avocat indemnisation de victimes<\/title>\n<meta name=\"description\" content=\"Comment obtenir une indemnisation pour une infraction p\u00e9nale devant la CIVI et la juridiction administratives \/ Droit de votre enfant victime de l\u00e9sions c\u00e9r\u00e9brales.\" \/>\n<meta name=\"robots\" content=\"index, follow, max-snippet:-1, max-image-preview:large, max-video-preview:-1\" \/>\n<link rel=\"canonical\" href=\"https:\/\/guillermou-avocats.fr\/fr\/jurisprudences\/demande-dindemnisation-dune-infraction-penale-possible-devant-la-commission-dindemnisation-des-victimes-dinfractions-civi-et-la-juridiction-admnistrative\" \/>\n<meta property=\"og:locale\" content=\"fr_FR\" \/>\n<meta property=\"og:type\" content=\"article\" \/>\n<meta property=\"og:title\" content=\"Demande d\u2019indemnisation d\u2019une infraction p\u00e9nale possible devant la\u00a0Commission d\u2019indemnisation des victimes d\u2019infractions (CIVI) et la juridiction admnistrative. - Avocat indemnisation de victimes\" \/>\n<meta property=\"og:description\" content=\"Comment obtenir une indemnisation pour une infraction p\u00e9nale devant la CIVI et la juridiction administratives \/ Droit de votre enfant victime de l\u00e9sions c\u00e9r\u00e9brales.\" \/>\n<meta property=\"og:url\" content=\"https:\/\/guillermou-avocats.fr\/fr\/jurisprudences\/demande-dindemnisation-dune-infraction-penale-possible-devant-la-commission-dindemnisation-des-victimes-dinfractions-civi-et-la-juridiction-admnistrative\" \/>\n<meta property=\"og:site_name\" content=\"Avocat indemnisation de victimes\" \/>\n<meta property=\"article:publisher\" content=\"https:\/\/www.facebook.com\/emericguillermou\/\" \/>\n<meta property=\"article:published_time\" content=\"2019-08-06T11:57:14+00:00\" \/>\n<meta property=\"article:modified_time\" content=\"2024-09-16T10:33:45+00:00\" \/>\n<meta name=\"author\" content=\"Proxima\" \/>\n<meta name=\"twitter:card\" content=\"summary_large_image\" \/>\n<meta name=\"twitter:creator\" content=\"@eguillermou\" \/>\n<meta name=\"twitter:site\" content=\"@eguillermou\" \/>\n<meta name=\"twitter:label1\" content=\"\u00c9crit par\" \/>\n\t<meta name=\"twitter:data1\" content=\"Proxima\" \/>\n\t<meta name=\"twitter:label2\" content=\"Dur\u00e9e de lecture estim\u00e9e\" \/>\n\t<meta name=\"twitter:data2\" content=\"2 minutes\" \/>\n<script type=\"application\/ld+json\" class=\"yoast-schema-graph\">{\"@context\":\"https:\\\/\\\/schema.org\",\"@graph\":[{\"@type\":\"Article\",\"@id\":\"https:\\\/\\\/guillermou-avocats.fr\\\/fr\\\/jurisprudences\\\/demande-dindemnisation-dune-infraction-penale-possible-devant-la-commission-dindemnisation-des-victimes-dinfractions-civi-et-la-juridiction-admnistrative#article\",\"isPartOf\":{\"@id\":\"https:\\\/\\\/guillermou-avocats.fr\\\/fr\\\/jurisprudences\\\/demande-dindemnisation-dune-infraction-penale-possible-devant-la-commission-dindemnisation-des-victimes-dinfractions-civi-et-la-juridiction-admnistrative\"},\"author\":{\"name\":\"Proxima\",\"@id\":\"https:\\\/\\\/proxima2023.okoumea.com\\\/fr\\\/#\\\/schema\\\/person\\\/76485fc47f1ebece06bb555d9824cae0\"},\"headline\":\"Demande d\u2019indemnisation d\u2019une infraction p\u00e9nale possible devant la\u00a0Commission d\u2019indemnisation des victimes d\u2019infractions (CIVI) et la juridiction admnistrative.\",\"datePublished\":\"2019-08-06T11:57:14+00:00\",\"dateModified\":\"2024-09-16T10:33:45+00:00\",\"mainEntityOfPage\":{\"@id\":\"https:\\\/\\\/guillermou-avocats.fr\\\/fr\\\/jurisprudences\\\/demande-dindemnisation-dune-infraction-penale-possible-devant-la-commission-dindemnisation-des-victimes-dinfractions-civi-et-la-juridiction-admnistrative\"},\"wordCount\":560,\"commentCount\":0,\"publisher\":{\"@id\":\"https:\\\/\\\/proxima2023.okoumea.com\\\/fr\\\/#organization\"},\"articleSection\":[\"Dommage corporel\",\"Droit\",\"Expertise\",\"Handicap\",\"Indemnisation\",\"Jurisprudences\",\"Responsabilit\u00e9\",\"victime d'infraction\"],\"inLanguage\":\"fr-FR\",\"potentialAction\":[{\"@type\":\"CommentAction\",\"name\":\"Comment\",\"target\":[\"https:\\\/\\\/guillermou-avocats.fr\\\/fr\\\/jurisprudences\\\/demande-dindemnisation-dune-infraction-penale-possible-devant-la-commission-dindemnisation-des-victimes-dinfractions-civi-et-la-juridiction-admnistrative#respond\"]}]},{\"@type\":\"WebPage\",\"@id\":\"https:\\\/\\\/guillermou-avocats.fr\\\/fr\\\/jurisprudences\\\/demande-dindemnisation-dune-infraction-penale-possible-devant-la-commission-dindemnisation-des-victimes-dinfractions-civi-et-la-juridiction-admnistrative\",\"url\":\"https:\\\/\\\/guillermou-avocats.fr\\\/fr\\\/jurisprudences\\\/demande-dindemnisation-dune-infraction-penale-possible-devant-la-commission-dindemnisation-des-victimes-dinfractions-civi-et-la-juridiction-admnistrative\",\"name\":\"Demande d\u2019indemnisation d\u2019une infraction p\u00e9nale possible devant la\u00a0Commission d\u2019indemnisation des victimes d\u2019infractions (CIVI) et la juridiction admnistrative. - Avocat indemnisation de victimes\",\"isPartOf\":{\"@id\":\"https:\\\/\\\/proxima2023.okoumea.com\\\/fr\\\/#website\"},\"datePublished\":\"2019-08-06T11:57:14+00:00\",\"dateModified\":\"2024-09-16T10:33:45+00:00\",\"description\":\"Comment obtenir une indemnisation pour une infraction p\u00e9nale devant la CIVI et la juridiction administratives \\\/ Droit de votre enfant victime de l\u00e9sions c\u00e9r\u00e9brales.\",\"inLanguage\":\"fr-FR\",\"potentialAction\":[{\"@type\":\"ReadAction\",\"target\":[\"https:\\\/\\\/guillermou-avocats.fr\\\/fr\\\/jurisprudences\\\/demande-dindemnisation-dune-infraction-penale-possible-devant-la-commission-dindemnisation-des-victimes-dinfractions-civi-et-la-juridiction-admnistrative\"]}]},{\"@type\":\"WebSite\",\"@id\":\"https:\\\/\\\/proxima2023.okoumea.com\\\/fr\\\/#website\",\"url\":\"https:\\\/\\\/proxima2023.okoumea.com\\\/fr\\\/\",\"name\":\"Proxima - Avocats indemnisation de victimes\",\"description\":\"Chaque jour est un nouveau cap \u00e0 franchir ensemble\",\"publisher\":{\"@id\":\"https:\\\/\\\/proxima2023.okoumea.com\\\/fr\\\/#organization\"},\"potentialAction\":[{\"@type\":\"SearchAction\",\"target\":{\"@type\":\"EntryPoint\",\"urlTemplate\":\"https:\\\/\\\/proxima2023.okoumea.com\\\/fr\\\/?s={search_term_string}\"},\"query-input\":{\"@type\":\"PropertyValueSpecification\",\"valueRequired\":true,\"valueName\":\"search_term_string\"}}],\"inLanguage\":\"fr-FR\"},{\"@type\":\"Organization\",\"@id\":\"https:\\\/\\\/proxima2023.okoumea.com\\\/fr\\\/#organization\",\"name\":\"CABINET PROXIMA GUILLERMOU AVOCATS\",\"url\":\"https:\\\/\\\/proxima2023.okoumea.com\\\/fr\\\/\",\"logo\":{\"@type\":\"ImageObject\",\"inLanguage\":\"fr-FR\",\"@id\":\"https:\\\/\\\/proxima2023.okoumea.com\\\/fr\\\/#\\\/schema\\\/logo\\\/image\\\/\",\"url\":\"https:\\\/\\\/guillermou-avocats.fr\\\/wp-content\\\/uploads\\\/2024\\\/08\\\/2Fichier-12ProximaLogox1.png\",\"contentUrl\":\"https:\\\/\\\/guillermou-avocats.fr\\\/wp-content\\\/uploads\\\/2024\\\/08\\\/2Fichier-12ProximaLogox1.png\",\"width\":836,\"height\":825,\"caption\":\"CABINET PROXIMA GUILLERMOU AVOCATS\"},\"image\":{\"@id\":\"https:\\\/\\\/proxima2023.okoumea.com\\\/fr\\\/#\\\/schema\\\/logo\\\/image\\\/\"},\"sameAs\":[\"https:\\\/\\\/www.facebook.com\\\/emericguillermou\\\/\",\"https:\\\/\\\/x.com\\\/eguillermou\",\"https:\\\/\\\/fr.linkedin.com\\\/in\\\/emeric-guillermou-6a4b9bb6\",\"https:\\\/\\\/www.youtube.com\\\/@emericguillermou9412\"]},{\"@type\":\"Person\",\"@id\":\"https:\\\/\\\/proxima2023.okoumea.com\\\/fr\\\/#\\\/schema\\\/person\\\/76485fc47f1ebece06bb555d9824cae0\",\"name\":\"Proxima\",\"image\":{\"@type\":\"ImageObject\",\"inLanguage\":\"fr-FR\",\"@id\":\"https:\\\/\\\/secure.gravatar.com\\\/avatar\\\/1a9a201a1fcd5f2ecbfa35b383607d569af4cffda10e358211dbcb32e8d758cc?s=96&d=mm&r=g\",\"url\":\"https:\\\/\\\/secure.gravatar.com\\\/avatar\\\/1a9a201a1fcd5f2ecbfa35b383607d569af4cffda10e358211dbcb32e8d758cc?s=96&d=mm&r=g\",\"contentUrl\":\"https:\\\/\\\/secure.gravatar.com\\\/avatar\\\/1a9a201a1fcd5f2ecbfa35b383607d569af4cffda10e358211dbcb32e8d758cc?s=96&d=mm&r=g\",\"caption\":\"Proxima\"},\"description\":\"Avocat Indemnisation de victimes Emeric GUILLERMOU\",\"url\":\"https:\\\/\\\/guillermou-avocats.fr\\\/fr\\\/author\\\/proxima\"}]}<\/script>\n<!-- \/ Yoast SEO Premium plugin. -->","yoast_head_json":{"title":"Demande d\u2019indemnisation d\u2019une infraction p\u00e9nale possible devant la\u00a0Commission d\u2019indemnisation des victimes d\u2019infractions (CIVI) et la juridiction admnistrative. - Avocat indemnisation de victimes","description":"Comment obtenir une indemnisation pour une infraction p\u00e9nale devant la CIVI et la juridiction administratives \/ Droit de votre enfant victime de l\u00e9sions c\u00e9r\u00e9brales.","robots":{"index":"index","follow":"follow","max-snippet":"max-snippet:-1","max-image-preview":"max-image-preview:large","max-video-preview":"max-video-preview:-1"},"canonical":"https:\/\/guillermou-avocats.fr\/fr\/jurisprudences\/demande-dindemnisation-dune-infraction-penale-possible-devant-la-commission-dindemnisation-des-victimes-dinfractions-civi-et-la-juridiction-admnistrative","og_locale":"fr_FR","og_type":"article","og_title":"Demande d\u2019indemnisation d\u2019une infraction p\u00e9nale possible devant la\u00a0Commission d\u2019indemnisation des victimes d\u2019infractions (CIVI) et la juridiction admnistrative. - Avocat indemnisation de victimes","og_description":"Comment obtenir une indemnisation pour une infraction p\u00e9nale devant la CIVI et la juridiction administratives \/ Droit de votre enfant victime de l\u00e9sions c\u00e9r\u00e9brales.","og_url":"https:\/\/guillermou-avocats.fr\/fr\/jurisprudences\/demande-dindemnisation-dune-infraction-penale-possible-devant-la-commission-dindemnisation-des-victimes-dinfractions-civi-et-la-juridiction-admnistrative","og_site_name":"Avocat indemnisation de victimes","article_publisher":"https:\/\/www.facebook.com\/emericguillermou\/","article_published_time":"2019-08-06T11:57:14+00:00","article_modified_time":"2024-09-16T10:33:45+00:00","author":"Proxima","twitter_card":"summary_large_image","twitter_creator":"@eguillermou","twitter_site":"@eguillermou","twitter_misc":{"\u00c9crit par":"Proxima","Dur\u00e9e de lecture estim\u00e9e":"2 minutes"},"schema":{"@context":"https:\/\/schema.org","@graph":[{"@type":"Article","@id":"https:\/\/guillermou-avocats.fr\/fr\/jurisprudences\/demande-dindemnisation-dune-infraction-penale-possible-devant-la-commission-dindemnisation-des-victimes-dinfractions-civi-et-la-juridiction-admnistrative#article","isPartOf":{"@id":"https:\/\/guillermou-avocats.fr\/fr\/jurisprudences\/demande-dindemnisation-dune-infraction-penale-possible-devant-la-commission-dindemnisation-des-victimes-dinfractions-civi-et-la-juridiction-admnistrative"},"author":{"name":"Proxima","@id":"https:\/\/proxima2023.okoumea.com\/fr\/#\/schema\/person\/76485fc47f1ebece06bb555d9824cae0"},"headline":"Demande d\u2019indemnisation d\u2019une infraction p\u00e9nale possible devant la\u00a0Commission d\u2019indemnisation des victimes d\u2019infractions (CIVI) et la juridiction admnistrative.","datePublished":"2019-08-06T11:57:14+00:00","dateModified":"2024-09-16T10:33:45+00:00","mainEntityOfPage":{"@id":"https:\/\/guillermou-avocats.fr\/fr\/jurisprudences\/demande-dindemnisation-dune-infraction-penale-possible-devant-la-commission-dindemnisation-des-victimes-dinfractions-civi-et-la-juridiction-admnistrative"},"wordCount":560,"commentCount":0,"publisher":{"@id":"https:\/\/proxima2023.okoumea.com\/fr\/#organization"},"articleSection":["Dommage corporel","Droit","Expertise","Handicap","Indemnisation","Jurisprudences","Responsabilit\u00e9","victime d'infraction"],"inLanguage":"fr-FR","potentialAction":[{"@type":"CommentAction","name":"Comment","target":["https:\/\/guillermou-avocats.fr\/fr\/jurisprudences\/demande-dindemnisation-dune-infraction-penale-possible-devant-la-commission-dindemnisation-des-victimes-dinfractions-civi-et-la-juridiction-admnistrative#respond"]}]},{"@type":"WebPage","@id":"https:\/\/guillermou-avocats.fr\/fr\/jurisprudences\/demande-dindemnisation-dune-infraction-penale-possible-devant-la-commission-dindemnisation-des-victimes-dinfractions-civi-et-la-juridiction-admnistrative","url":"https:\/\/guillermou-avocats.fr\/fr\/jurisprudences\/demande-dindemnisation-dune-infraction-penale-possible-devant-la-commission-dindemnisation-des-victimes-dinfractions-civi-et-la-juridiction-admnistrative","name":"Demande d\u2019indemnisation d\u2019une infraction p\u00e9nale possible devant la\u00a0Commission d\u2019indemnisation des victimes d\u2019infractions (CIVI) et la juridiction admnistrative. - Avocat indemnisation de victimes","isPartOf":{"@id":"https:\/\/proxima2023.okoumea.com\/fr\/#website"},"datePublished":"2019-08-06T11:57:14+00:00","dateModified":"2024-09-16T10:33:45+00:00","description":"Comment obtenir une indemnisation pour une infraction p\u00e9nale devant la CIVI et la juridiction administratives \/ Droit de votre enfant victime de l\u00e9sions c\u00e9r\u00e9brales.","inLanguage":"fr-FR","potentialAction":[{"@type":"ReadAction","target":["https:\/\/guillermou-avocats.fr\/fr\/jurisprudences\/demande-dindemnisation-dune-infraction-penale-possible-devant-la-commission-dindemnisation-des-victimes-dinfractions-civi-et-la-juridiction-admnistrative"]}]},{"@type":"WebSite","@id":"https:\/\/proxima2023.okoumea.com\/fr\/#website","url":"https:\/\/proxima2023.okoumea.com\/fr\/","name":"Proxima - Avocats indemnisation de victimes","description":"Chaque jour est un nouveau cap \u00e0 franchir ensemble","publisher":{"@id":"https:\/\/proxima2023.okoumea.com\/fr\/#organization"},"potentialAction":[{"@type":"SearchAction","target":{"@type":"EntryPoint","urlTemplate":"https:\/\/proxima2023.okoumea.com\/fr\/?s={search_term_string}"},"query-input":{"@type":"PropertyValueSpecification","valueRequired":true,"valueName":"search_term_string"}}],"inLanguage":"fr-FR"},{"@type":"Organization","@id":"https:\/\/proxima2023.okoumea.com\/fr\/#organization","name":"CABINET PROXIMA GUILLERMOU AVOCATS","url":"https:\/\/proxima2023.okoumea.com\/fr\/","logo":{"@type":"ImageObject","inLanguage":"fr-FR","@id":"https:\/\/proxima2023.okoumea.com\/fr\/#\/schema\/logo\/image\/","url":"https:\/\/guillermou-avocats.fr\/wp-content\/uploads\/2024\/08\/2Fichier-12ProximaLogox1.png","contentUrl":"https:\/\/guillermou-avocats.fr\/wp-content\/uploads\/2024\/08\/2Fichier-12ProximaLogox1.png","width":836,"height":825,"caption":"CABINET PROXIMA GUILLERMOU AVOCATS"},"image":{"@id":"https:\/\/proxima2023.okoumea.com\/fr\/#\/schema\/logo\/image\/"},"sameAs":["https:\/\/www.facebook.com\/emericguillermou\/","https:\/\/x.com\/eguillermou","https:\/\/fr.linkedin.com\/in\/emeric-guillermou-6a4b9bb6","https:\/\/www.youtube.com\/@emericguillermou9412"]},{"@type":"Person","@id":"https:\/\/proxima2023.okoumea.com\/fr\/#\/schema\/person\/76485fc47f1ebece06bb555d9824cae0","name":"Proxima","image":{"@type":"ImageObject","inLanguage":"fr-FR","@id":"https:\/\/secure.gravatar.com\/avatar\/1a9a201a1fcd5f2ecbfa35b383607d569af4cffda10e358211dbcb32e8d758cc?s=96&d=mm&r=g","url":"https:\/\/secure.gravatar.com\/avatar\/1a9a201a1fcd5f2ecbfa35b383607d569af4cffda10e358211dbcb32e8d758cc?s=96&d=mm&r=g","contentUrl":"https:\/\/secure.gravatar.com\/avatar\/1a9a201a1fcd5f2ecbfa35b383607d569af4cffda10e358211dbcb32e8d758cc?s=96&d=mm&r=g","caption":"Proxima"},"description":"Avocat Indemnisation de victimes Emeric GUILLERMOU","url":"https:\/\/guillermou-avocats.fr\/fr\/author\/proxima"}]}},"_links":{"self":[{"href":"https:\/\/guillermou-avocats.fr\/fr\/wp-json\/wp\/v2\/posts\/6369","targetHints":{"allow":["GET"]}}],"collection":[{"href":"https:\/\/guillermou-avocats.fr\/fr\/wp-json\/wp\/v2\/posts"}],"about":[{"href":"https:\/\/guillermou-avocats.fr\/fr\/wp-json\/wp\/v2\/types\/post"}],"author":[{"embeddable":true,"href":"https:\/\/guillermou-avocats.fr\/fr\/wp-json\/wp\/v2\/users\/2"}],"replies":[{"embeddable":true,"href":"https:\/\/guillermou-avocats.fr\/fr\/wp-json\/wp\/v2\/comments?post=6369"}],"version-history":[{"count":8,"href":"https:\/\/guillermou-avocats.fr\/fr\/wp-json\/wp\/v2\/posts\/6369\/revisions"}],"predecessor-version":[{"id":8831,"href":"https:\/\/guillermou-avocats.fr\/fr\/wp-json\/wp\/v2\/posts\/6369\/revisions\/8831"}],"wp:attachment":[{"href":"https:\/\/guillermou-avocats.fr\/fr\/wp-json\/wp\/v2\/media?parent=6369"}],"wp:term":[{"taxonomy":"category","embeddable":true,"href":"https:\/\/guillermou-avocats.fr\/fr\/wp-json\/wp\/v2\/categories?post=6369"},{"taxonomy":"post_tag","embeddable":true,"href":"https:\/\/guillermou-avocats.fr\/fr\/wp-json\/wp\/v2\/tags?post=6369"}],"curies":[{"name":"wp","href":"https:\/\/api.w.org\/{rel}","templated":true}]}}