{"id":6237,"date":"2019-06-03T16:08:08","date_gmt":"2019-06-03T14:08:08","guid":{"rendered":"https:\/\/guillermou-avocats.fr\/?p=6237"},"modified":"2024-12-27T18:42:25","modified_gmt":"2024-12-27T17:42:25","slug":"responsabilite-du-groupe-hospitalier-defaut-de-surveillance-dun-patient","status":"publish","type":"post","link":"https:\/\/guillermou-avocats.fr\/fr\/dommage-corporel\/responsabilite-du-groupe-hospitalier-defaut-de-surveillance-dun-patient","title":{"rendered":"Responsabilit\u00e9 du groupe hospitalier: d\u00e9faut de surveillance d&rsquo;un patient"},"content":{"rendered":"<div class=\"fusion-fullwidth fullwidth-box nonhundred-percent-fullwidth non-hundred-percent-height-scrolling\"  style='background-color: rgba(255,255,255,0);background-position: center center;background-repeat: no-repeat;padding-top:0px;padding-right:0px;padding-bottom:0px;padding-left:0px;'><div class=\"fusion-builder-row fusion-row \"><div  class=\"fusion-layout-column fusion_builder_column fusion_builder_column_1_1  fusion-one-full fusion-column-first fusion-column-last 1_1\"  style='margin-top:0px;margin-bottom:20px;'>\n\t\t\t\t\t<div class=\"fusion-column-wrapper\" style=\"padding: 0px 0px 0px 0px;background-position:left top;background-repeat:no-repeat;-webkit-background-size:cover;-moz-background-size:cover;-o-background-size:cover;background-size:cover;\"  data-bg-url=\"\">\n\t\t\t\t\t\t<div class=\"fusion-text\"><h2 style=\"text-align: justify;\">Faute du groupe hospitalier: le d\u00e9faut de surveillance d&rsquo;un patient tomb\u00e9 dans les escalators de la clinique et qui pr\u00e9sentait des l\u00e9sions av\u00e9r\u00e9es, constitue un manquement du groupe hospitalier a son obligation de surveillance.<\/h2>\n<p style=\"text-align: justify;\">Le 26 ao\u00fbt 2010, un homme de 72 ans, est hospitalis\u00e9 en clinique (groupe hospitalier) en raison d\u2019une d\u00e9compensation cardiaque s\u00e9v\u00e8re. Le 3 septembre 2010 il est <strong><a href=\"https:\/\/guillermou-avocats.fr\/droits-victime\">victime<\/a> <\/strong>d\u2019une chute dans l\u2019escalier m\u00e9canique du hall de la clinique. Il souffre d\u2019un <a href=\"https:\/\/guillermou-avocats.fr\/traumatisme-cranien\"><strong>traumatisme cr\u00e2nien<\/strong> <\/a>avec des ecchymoses et une petite plaie ainsi que des dermabrasions au niveau dorsal. Le 4 septembre 2010 il est d\u00e9couvert inconscient au pied de son lit. Il est alors transf\u00e9r\u00e9 au service des urgences \u00e0 la clinique ou un scanner c\u00e9r\u00e9bral r\u00e9v\u00e8le un h\u00e9matome sous-dural sph\u00e9rique droit d\u2019origine traumatique. Malgr\u00e9 une intervention chirurgicale il d\u00e9c\u00e8de le 7 septembre 2010.<\/p>\n<p style=\"text-align: justify;\">Sa veuve et ses enfants saisissent le tribunal de grande instance d\u2019une action \u00e0 l\u2019encontre du groupe hospitalier afin d\u2019obtenir <a href=\"https:\/\/guillermou-avocats.fr\/indemnisation-prejudice\"><strong>r\u00e9paration du pr\u00e9judice<\/strong><\/a>.<\/p>\n<p style=\"text-align: justify;\">Par jugement du 19 septembre 2013, le tribunal condamne le centre hospitalier \u00e0 verser diverses sommes en r\u00e9paration du pr\u00e9judice moral subi par les membres de la famille.<\/p>\n<p style=\"text-align: justify;\">Le groupe hospitalier interjette appel de cette d\u00e9cision.<\/p>\n<p style=\"text-align: justify;\">Une <strong><a href=\"https:\/\/guillermou-avocats.fr\/expertise-medicale\">expertise m\u00e9dicale<\/a><\/strong> est ordonn\u00e9e pour d\u00e9terminer si l\u2019\u00e9tat de sant\u00e9 de la victime avant la premi\u00e8re chute n\u00e9cessitait une surveillance particuli\u00e8re et si les soins cons\u00e9cutifs aux deux chutes avaient \u00e9t\u00e9 dispens\u00e9s conform\u00e9ment aux r\u00e8gles de l\u2019art. Le rapport d\u2019expertise \u00e9carte un d\u00e9faut de surveillance n\u00e9anmoins il indique que <em>\u00ab\u00a0<\/em><em><strong> la surveillance rapproch\u00e9e aurait permis de rep\u00e9rer les premiers signes d&rsquo;aggravation neurologique et un transfert rapide en neurochirurgie avec des l\u00e9sions moins s\u00e9v\u00e8res, ce qui aurait am\u00e9lior\u00e9 le pronostic, sans que l&rsquo;on puisse prouver l&rsquo;existence d&rsquo;un lien direct et certain entre les fautes commises et la survenance du d\u00e9c\u00e8s<\/strong>\u00a0\u00bb<\/em><\/p>\n<p style=\"text-align: justify;\">Le groupe hospitalier conteste l\u2019existence d\u2019autres fautes qu\u2019un \u00e9ventuel d\u00e9faut de surveillance au cours de la nuit du 3 au 4 septembre 2010, il s\u2019appuie sur l\u2019\u00e2ge de la victime et sur sa pathologie pour \u00e9carter sa responsabilit\u00e9.<\/p>\n<p style=\"text-align: justify;\">Par voie de conclusions la famille de la victime reproche au groupe hospitalier \u00a0d\u2019avoir manqu\u00e9 \u00e0 son obligation de s\u00e9curit\u00e9 de r\u00e9sultat dans l\u2019ex\u00e9cution du contrat d\u2019h\u00f4tellerie : le patient aurait d\u00fb \u00eatre interdit d\u2019acc\u00e8s \u00e0 l\u2019escalier m\u00e9canique. Les <strong><a href=\"https:\/\/guillermou-avocats.fr\/lexique-juridique\/id-227-victime-par-ricochet-ou-victime-indirecte\">victimes par ricochet<\/a><\/strong> reprochent \u00e9galement une faute dans l\u2019ex\u00e9cution du contrat de soins faute d\u2019examen minutieux apr\u00e8s la chute dans l\u2019escalier m\u00e9canique et faute d\u2019une surveillance adapt\u00e9e au cours de la nuit ayant suivi cette chute. Ces fautes sont, selon eux, la cause directe du d\u00e9c\u00e8s, \u00e0 tout le moins, \u00e0 l\u2019origine d\u2019une <strong><a href=\"https:\/\/guillermou-avocats.fr\/actualites\/id-134-la-perte-de-chance-d-eviter-le-dommage-constitue-un-prejudice-distinct-du-prejudice-moral-d-impreparation\">perte de chance<\/a><\/strong> de ne pas d\u00e9c\u00e9der.<\/p>\n<p style=\"text-align: justify;\">Par arr\u00eat du 3 mai 2019, la deuxi\u00e8me chambre civile de Cour d&rsquo;appel de Colmar (n\u00b0 13\/05658) exclut le manquement \u00e0 une obligation de s\u00e9curit\u00e9 de r\u00e9sultat dans l\u2019ex\u00e9cution du contrat d\u2019h\u00f4tellerie conclue avec le patient et exclut la faute groupe hospitalier sur ce point.<\/p>\n<h3 style=\"text-align: justify;\">Indemnisation des victimes par ricochet<\/h3>\n<p style=\"text-align: justify;\">La cour constate n\u00e9anmoins un <strong>d\u00e9faut de surveillance<\/strong> de la clinique au cours de la nuit ayant suivi la chute qui n\u2019a pas permis de rep\u00e9rer les premiers signes d\u2019aggravation neurologique \u00a0et confirme la perte de chance:<\/p>\n<p style=\"text-align: justify;\"><strong><em>\u00ab\u00a0<\/em><em> Attendu, en revanche, que la chute de M. X. et les l\u00e9sions constat\u00e9es, r\u00e9v\u00e9latrices d&rsquo;un traumatisme cr\u00e2nien, rendaient n\u00e9cessaires la prescription d&rsquo;une surveillance rapproch\u00e9e durant vingt-quatre heures, avec un contr\u00f4le strict de la conscience toutes les deux heures au moins ; que la surveillance clinique \u00e0 la clinique Y n&rsquo;a pas \u00e9t\u00e9 optimale au cours de la nuit ayant suivi la chute et n&rsquo;a pas permis de rep\u00e9rer les premiers signes d&rsquo;aggravation neurologique\u00a0\u00bb. <\/em><\/strong><\/p>\n<p style=\"text-align: justify;\"><strong><em>Sur l&rsquo;indemnisation du pr\u00e9judice<\/em><\/strong><\/p>\n<p style=\"text-align: justify;\"><strong><em>Attendu que, du fait de la carence du Groupe hospitalier (..) dans la surveillance de son patient apr\u00e8s la chute, M. X n&rsquo;a pas pu \u00eatre transf\u00e9r\u00e9 dans un service de neurochirurgie d\u00e8s l&rsquo;apparition des premiers sympt\u00f4mes et avant l&rsquo;aggravation des l\u00e9sions ; qu&rsquo;il a ainsi perdu une chance de voir se r\u00e9aliser une \u00e9volution favorable ; que cette perte de chance peut-\u00eatre \u00e9valu\u00e9e \u00e0 30 %, conform\u00e9ment \u00e0 l&rsquo;avis de l&rsquo;expert qu&rsquo;aucun \u00e9l\u00e9ment ne permet de contredire\u00a0\u00bb<\/em><\/strong><\/p>\n<p style=\"text-align: justify;\">La cour confirme le jugement d\u00e9f\u00e9r\u00e9.<\/p>\n<\/div><div class=\"fusion-clearfix\"><\/div>\n\n\t\t\t\t\t<\/div>\n\t\t\t\t<\/div><\/div><\/div>\n","protected":false},"excerpt":{"rendered":"","protected":false},"author":2,"featured_media":0,"comment_status":"open","ping_status":"open","sticky":false,"template":"","format":"standard","meta":{"footnotes":""},"categories":[26,76,39,27,30,34,82,28,115],"tags":[],"class_list":["post-6237","post","type-post","status-publish","format-standard","hentry","category-dommage-corporel","category-droit","category-handicap","category-indemnisation","category-prejudice","category-responsabilite","category-responsabilite-medicale","category-traumatisme-cranien","category-victime"],"yoast_head":"<!-- This site is optimized with the Yoast SEO Premium plugin v23.4 (Yoast SEO v27.4) - https:\/\/yoast.com\/product\/yoast-seo-premium-wordpress\/ -->\n<title>D\u00e9faut de surveillance \u00e0 l&#039;h\u00f4pital : quelle responsabilit\u00e9 ? - Avocat indemnisation de victimes<\/title>\n<meta name=\"description\" content=\"D\u00e9couvrez les cons\u00e9quences d&#039;une surveillance d\u00e9faillante \u00e0 l&#039;h\u00f4pital et les droits des victimes de pr\u00e9judice m\u00e9dical.\" \/>\n<meta name=\"robots\" content=\"index, follow, max-snippet:-1, max-image-preview:large, max-video-preview:-1\" \/>\n<link rel=\"canonical\" href=\"https:\/\/guillermou-avocats.fr\/fr\/dommage-corporel\/responsabilite-du-groupe-hospitalier-defaut-de-surveillance-dun-patient\" \/>\n<meta property=\"og:locale\" content=\"fr_FR\" \/>\n<meta property=\"og:type\" content=\"article\" \/>\n<meta property=\"og:title\" content=\"D\u00e9faut de surveillance \u00e0 l&#039;h\u00f4pital : quelle responsabilit\u00e9 ? - Avocat indemnisation de victimes\" \/>\n<meta property=\"og:description\" content=\"D\u00e9couvrez les cons\u00e9quences d&#039;une surveillance d\u00e9faillante \u00e0 l&#039;h\u00f4pital et les droits des victimes de pr\u00e9judice m\u00e9dical.\" \/>\n<meta property=\"og:url\" content=\"https:\/\/guillermou-avocats.fr\/fr\/dommage-corporel\/responsabilite-du-groupe-hospitalier-defaut-de-surveillance-dun-patient\" \/>\n<meta property=\"og:site_name\" content=\"Avocat indemnisation de victimes\" \/>\n<meta property=\"article:publisher\" content=\"https:\/\/www.facebook.com\/emericguillermou\/\" \/>\n<meta property=\"article:published_time\" content=\"2019-06-03T14:08:08+00:00\" \/>\n<meta property=\"article:modified_time\" content=\"2024-12-27T17:42:25+00:00\" \/>\n<meta name=\"author\" content=\"Proxima\" \/>\n<meta name=\"twitter:card\" content=\"summary_large_image\" \/>\n<meta name=\"twitter:creator\" content=\"@eguillermou\" \/>\n<meta name=\"twitter:site\" content=\"@eguillermou\" \/>\n<meta name=\"twitter:label1\" content=\"\u00c9crit par\" \/>\n\t<meta name=\"twitter:data1\" content=\"Proxima\" \/>\n\t<meta name=\"twitter:label2\" content=\"Dur\u00e9e de lecture estim\u00e9e\" \/>\n\t<meta name=\"twitter:data2\" content=\"4 minutes\" \/>\n<script type=\"application\/ld+json\" class=\"yoast-schema-graph\">{\"@context\":\"https:\\\/\\\/schema.org\",\"@graph\":[{\"@type\":\"Article\",\"@id\":\"https:\\\/\\\/guillermou-avocats.fr\\\/fr\\\/dommage-corporel\\\/responsabilite-du-groupe-hospitalier-defaut-de-surveillance-dun-patient#article\",\"isPartOf\":{\"@id\":\"https:\\\/\\\/guillermou-avocats.fr\\\/fr\\\/dommage-corporel\\\/responsabilite-du-groupe-hospitalier-defaut-de-surveillance-dun-patient\"},\"author\":{\"name\":\"Proxima\",\"@id\":\"https:\\\/\\\/proxima2023.okoumea.com\\\/fr\\\/#\\\/schema\\\/person\\\/76485fc47f1ebece06bb555d9824cae0\"},\"headline\":\"Responsabilit\u00e9 du groupe hospitalier: d\u00e9faut de surveillance d&rsquo;un patient\",\"datePublished\":\"2019-06-03T14:08:08+00:00\",\"dateModified\":\"2024-12-27T17:42:25+00:00\",\"mainEntityOfPage\":{\"@id\":\"https:\\\/\\\/guillermou-avocats.fr\\\/fr\\\/dommage-corporel\\\/responsabilite-du-groupe-hospitalier-defaut-de-surveillance-dun-patient\"},\"wordCount\":1006,\"commentCount\":0,\"publisher\":{\"@id\":\"https:\\\/\\\/proxima2023.okoumea.com\\\/fr\\\/#organization\"},\"articleSection\":[\"Dommage corporel\",\"Droit\",\"Handicap\",\"Indemnisation\",\"Pr\u00e9judice\",\"Responsabilit\u00e9\",\"Responsabilit\u00e9 m\u00e9dicale\",\"Traumatisme cr\u00e2nien\",\"victime\"],\"inLanguage\":\"fr-FR\",\"potentialAction\":[{\"@type\":\"CommentAction\",\"name\":\"Comment\",\"target\":[\"https:\\\/\\\/guillermou-avocats.fr\\\/fr\\\/dommage-corporel\\\/responsabilite-du-groupe-hospitalier-defaut-de-surveillance-dun-patient#respond\"]}]},{\"@type\":\"WebPage\",\"@id\":\"https:\\\/\\\/guillermou-avocats.fr\\\/fr\\\/dommage-corporel\\\/responsabilite-du-groupe-hospitalier-defaut-de-surveillance-dun-patient\",\"url\":\"https:\\\/\\\/guillermou-avocats.fr\\\/fr\\\/dommage-corporel\\\/responsabilite-du-groupe-hospitalier-defaut-de-surveillance-dun-patient\",\"name\":\"D\u00e9faut de surveillance \u00e0 l'h\u00f4pital : quelle responsabilit\u00e9 ? - Avocat indemnisation de victimes\",\"isPartOf\":{\"@id\":\"https:\\\/\\\/proxima2023.okoumea.com\\\/fr\\\/#website\"},\"datePublished\":\"2019-06-03T14:08:08+00:00\",\"dateModified\":\"2024-12-27T17:42:25+00:00\",\"description\":\"D\u00e9couvrez les cons\u00e9quences d'une surveillance d\u00e9faillante \u00e0 l'h\u00f4pital et les droits des victimes de pr\u00e9judice m\u00e9dical.\",\"inLanguage\":\"fr-FR\",\"potentialAction\":[{\"@type\":\"ReadAction\",\"target\":[\"https:\\\/\\\/guillermou-avocats.fr\\\/fr\\\/dommage-corporel\\\/responsabilite-du-groupe-hospitalier-defaut-de-surveillance-dun-patient\"]}]},{\"@type\":\"WebSite\",\"@id\":\"https:\\\/\\\/proxima2023.okoumea.com\\\/fr\\\/#website\",\"url\":\"https:\\\/\\\/proxima2023.okoumea.com\\\/fr\\\/\",\"name\":\"Proxima - Avocats indemnisation de victimes\",\"description\":\"Chaque jour est un nouveau cap \u00e0 franchir ensemble\",\"publisher\":{\"@id\":\"https:\\\/\\\/proxima2023.okoumea.com\\\/fr\\\/#organization\"},\"potentialAction\":[{\"@type\":\"SearchAction\",\"target\":{\"@type\":\"EntryPoint\",\"urlTemplate\":\"https:\\\/\\\/proxima2023.okoumea.com\\\/fr\\\/?s={search_term_string}\"},\"query-input\":{\"@type\":\"PropertyValueSpecification\",\"valueRequired\":true,\"valueName\":\"search_term_string\"}}],\"inLanguage\":\"fr-FR\"},{\"@type\":\"Organization\",\"@id\":\"https:\\\/\\\/proxima2023.okoumea.com\\\/fr\\\/#organization\",\"name\":\"CABINET PROXIMA GUILLERMOU AVOCATS\",\"url\":\"https:\\\/\\\/proxima2023.okoumea.com\\\/fr\\\/\",\"logo\":{\"@type\":\"ImageObject\",\"inLanguage\":\"fr-FR\",\"@id\":\"https:\\\/\\\/proxima2023.okoumea.com\\\/fr\\\/#\\\/schema\\\/logo\\\/image\\\/\",\"url\":\"https:\\\/\\\/guillermou-avocats.fr\\\/wp-content\\\/uploads\\\/2024\\\/08\\\/2Fichier-12ProximaLogox1.png\",\"contentUrl\":\"https:\\\/\\\/guillermou-avocats.fr\\\/wp-content\\\/uploads\\\/2024\\\/08\\\/2Fichier-12ProximaLogox1.png\",\"width\":836,\"height\":825,\"caption\":\"CABINET PROXIMA GUILLERMOU AVOCATS\"},\"image\":{\"@id\":\"https:\\\/\\\/proxima2023.okoumea.com\\\/fr\\\/#\\\/schema\\\/logo\\\/image\\\/\"},\"sameAs\":[\"https:\\\/\\\/www.facebook.com\\\/emericguillermou\\\/\",\"https:\\\/\\\/x.com\\\/eguillermou\",\"https:\\\/\\\/fr.linkedin.com\\\/in\\\/emeric-guillermou-6a4b9bb6\",\"https:\\\/\\\/www.youtube.com\\\/@emericguillermou9412\"]},{\"@type\":\"Person\",\"@id\":\"https:\\\/\\\/proxima2023.okoumea.com\\\/fr\\\/#\\\/schema\\\/person\\\/76485fc47f1ebece06bb555d9824cae0\",\"name\":\"Proxima\",\"image\":{\"@type\":\"ImageObject\",\"inLanguage\":\"fr-FR\",\"@id\":\"https:\\\/\\\/secure.gravatar.com\\\/avatar\\\/1a9a201a1fcd5f2ecbfa35b383607d569af4cffda10e358211dbcb32e8d758cc?s=96&d=mm&r=g\",\"url\":\"https:\\\/\\\/secure.gravatar.com\\\/avatar\\\/1a9a201a1fcd5f2ecbfa35b383607d569af4cffda10e358211dbcb32e8d758cc?s=96&d=mm&r=g\",\"contentUrl\":\"https:\\\/\\\/secure.gravatar.com\\\/avatar\\\/1a9a201a1fcd5f2ecbfa35b383607d569af4cffda10e358211dbcb32e8d758cc?s=96&d=mm&r=g\",\"caption\":\"Proxima\"},\"description\":\"Avocat Indemnisation de victimes Emeric GUILLERMOU\",\"url\":\"https:\\\/\\\/guillermou-avocats.fr\\\/fr\\\/author\\\/proxima\"}]}<\/script>\n<!-- \/ Yoast SEO Premium plugin. -->","yoast_head_json":{"title":"D\u00e9faut de surveillance \u00e0 l'h\u00f4pital : quelle responsabilit\u00e9 ? - Avocat indemnisation de victimes","description":"D\u00e9couvrez les cons\u00e9quences d'une surveillance d\u00e9faillante \u00e0 l'h\u00f4pital et les droits des victimes de pr\u00e9judice m\u00e9dical.","robots":{"index":"index","follow":"follow","max-snippet":"max-snippet:-1","max-image-preview":"max-image-preview:large","max-video-preview":"max-video-preview:-1"},"canonical":"https:\/\/guillermou-avocats.fr\/fr\/dommage-corporel\/responsabilite-du-groupe-hospitalier-defaut-de-surveillance-dun-patient","og_locale":"fr_FR","og_type":"article","og_title":"D\u00e9faut de surveillance \u00e0 l'h\u00f4pital : quelle responsabilit\u00e9 ? - Avocat indemnisation de victimes","og_description":"D\u00e9couvrez les cons\u00e9quences d'une surveillance d\u00e9faillante \u00e0 l'h\u00f4pital et les droits des victimes de pr\u00e9judice m\u00e9dical.","og_url":"https:\/\/guillermou-avocats.fr\/fr\/dommage-corporel\/responsabilite-du-groupe-hospitalier-defaut-de-surveillance-dun-patient","og_site_name":"Avocat indemnisation de victimes","article_publisher":"https:\/\/www.facebook.com\/emericguillermou\/","article_published_time":"2019-06-03T14:08:08+00:00","article_modified_time":"2024-12-27T17:42:25+00:00","author":"Proxima","twitter_card":"summary_large_image","twitter_creator":"@eguillermou","twitter_site":"@eguillermou","twitter_misc":{"\u00c9crit par":"Proxima","Dur\u00e9e de lecture estim\u00e9e":"4 minutes"},"schema":{"@context":"https:\/\/schema.org","@graph":[{"@type":"Article","@id":"https:\/\/guillermou-avocats.fr\/fr\/dommage-corporel\/responsabilite-du-groupe-hospitalier-defaut-de-surveillance-dun-patient#article","isPartOf":{"@id":"https:\/\/guillermou-avocats.fr\/fr\/dommage-corporel\/responsabilite-du-groupe-hospitalier-defaut-de-surveillance-dun-patient"},"author":{"name":"Proxima","@id":"https:\/\/proxima2023.okoumea.com\/fr\/#\/schema\/person\/76485fc47f1ebece06bb555d9824cae0"},"headline":"Responsabilit\u00e9 du groupe hospitalier: d\u00e9faut de surveillance d&rsquo;un patient","datePublished":"2019-06-03T14:08:08+00:00","dateModified":"2024-12-27T17:42:25+00:00","mainEntityOfPage":{"@id":"https:\/\/guillermou-avocats.fr\/fr\/dommage-corporel\/responsabilite-du-groupe-hospitalier-defaut-de-surveillance-dun-patient"},"wordCount":1006,"commentCount":0,"publisher":{"@id":"https:\/\/proxima2023.okoumea.com\/fr\/#organization"},"articleSection":["Dommage corporel","Droit","Handicap","Indemnisation","Pr\u00e9judice","Responsabilit\u00e9","Responsabilit\u00e9 m\u00e9dicale","Traumatisme cr\u00e2nien","victime"],"inLanguage":"fr-FR","potentialAction":[{"@type":"CommentAction","name":"Comment","target":["https:\/\/guillermou-avocats.fr\/fr\/dommage-corporel\/responsabilite-du-groupe-hospitalier-defaut-de-surveillance-dun-patient#respond"]}]},{"@type":"WebPage","@id":"https:\/\/guillermou-avocats.fr\/fr\/dommage-corporel\/responsabilite-du-groupe-hospitalier-defaut-de-surveillance-dun-patient","url":"https:\/\/guillermou-avocats.fr\/fr\/dommage-corporel\/responsabilite-du-groupe-hospitalier-defaut-de-surveillance-dun-patient","name":"D\u00e9faut de surveillance \u00e0 l'h\u00f4pital : quelle responsabilit\u00e9 ? - Avocat indemnisation de victimes","isPartOf":{"@id":"https:\/\/proxima2023.okoumea.com\/fr\/#website"},"datePublished":"2019-06-03T14:08:08+00:00","dateModified":"2024-12-27T17:42:25+00:00","description":"D\u00e9couvrez les cons\u00e9quences d'une surveillance d\u00e9faillante \u00e0 l'h\u00f4pital et les droits des victimes de pr\u00e9judice m\u00e9dical.","inLanguage":"fr-FR","potentialAction":[{"@type":"ReadAction","target":["https:\/\/guillermou-avocats.fr\/fr\/dommage-corporel\/responsabilite-du-groupe-hospitalier-defaut-de-surveillance-dun-patient"]}]},{"@type":"WebSite","@id":"https:\/\/proxima2023.okoumea.com\/fr\/#website","url":"https:\/\/proxima2023.okoumea.com\/fr\/","name":"Proxima - Avocats indemnisation de victimes","description":"Chaque jour est un nouveau cap \u00e0 franchir ensemble","publisher":{"@id":"https:\/\/proxima2023.okoumea.com\/fr\/#organization"},"potentialAction":[{"@type":"SearchAction","target":{"@type":"EntryPoint","urlTemplate":"https:\/\/proxima2023.okoumea.com\/fr\/?s={search_term_string}"},"query-input":{"@type":"PropertyValueSpecification","valueRequired":true,"valueName":"search_term_string"}}],"inLanguage":"fr-FR"},{"@type":"Organization","@id":"https:\/\/proxima2023.okoumea.com\/fr\/#organization","name":"CABINET PROXIMA GUILLERMOU AVOCATS","url":"https:\/\/proxima2023.okoumea.com\/fr\/","logo":{"@type":"ImageObject","inLanguage":"fr-FR","@id":"https:\/\/proxima2023.okoumea.com\/fr\/#\/schema\/logo\/image\/","url":"https:\/\/guillermou-avocats.fr\/wp-content\/uploads\/2024\/08\/2Fichier-12ProximaLogox1.png","contentUrl":"https:\/\/guillermou-avocats.fr\/wp-content\/uploads\/2024\/08\/2Fichier-12ProximaLogox1.png","width":836,"height":825,"caption":"CABINET PROXIMA GUILLERMOU AVOCATS"},"image":{"@id":"https:\/\/proxima2023.okoumea.com\/fr\/#\/schema\/logo\/image\/"},"sameAs":["https:\/\/www.facebook.com\/emericguillermou\/","https:\/\/x.com\/eguillermou","https:\/\/fr.linkedin.com\/in\/emeric-guillermou-6a4b9bb6","https:\/\/www.youtube.com\/@emericguillermou9412"]},{"@type":"Person","@id":"https:\/\/proxima2023.okoumea.com\/fr\/#\/schema\/person\/76485fc47f1ebece06bb555d9824cae0","name":"Proxima","image":{"@type":"ImageObject","inLanguage":"fr-FR","@id":"https:\/\/secure.gravatar.com\/avatar\/1a9a201a1fcd5f2ecbfa35b383607d569af4cffda10e358211dbcb32e8d758cc?s=96&d=mm&r=g","url":"https:\/\/secure.gravatar.com\/avatar\/1a9a201a1fcd5f2ecbfa35b383607d569af4cffda10e358211dbcb32e8d758cc?s=96&d=mm&r=g","contentUrl":"https:\/\/secure.gravatar.com\/avatar\/1a9a201a1fcd5f2ecbfa35b383607d569af4cffda10e358211dbcb32e8d758cc?s=96&d=mm&r=g","caption":"Proxima"},"description":"Avocat Indemnisation de victimes Emeric GUILLERMOU","url":"https:\/\/guillermou-avocats.fr\/fr\/author\/proxima"}]}},"_links":{"self":[{"href":"https:\/\/guillermou-avocats.fr\/fr\/wp-json\/wp\/v2\/posts\/6237","targetHints":{"allow":["GET"]}}],"collection":[{"href":"https:\/\/guillermou-avocats.fr\/fr\/wp-json\/wp\/v2\/posts"}],"about":[{"href":"https:\/\/guillermou-avocats.fr\/fr\/wp-json\/wp\/v2\/types\/post"}],"author":[{"embeddable":true,"href":"https:\/\/guillermou-avocats.fr\/fr\/wp-json\/wp\/v2\/users\/2"}],"replies":[{"embeddable":true,"href":"https:\/\/guillermou-avocats.fr\/fr\/wp-json\/wp\/v2\/comments?post=6237"}],"version-history":[{"count":7,"href":"https:\/\/guillermou-avocats.fr\/fr\/wp-json\/wp\/v2\/posts\/6237\/revisions"}],"predecessor-version":[{"id":6245,"href":"https:\/\/guillermou-avocats.fr\/fr\/wp-json\/wp\/v2\/posts\/6237\/revisions\/6245"}],"wp:attachment":[{"href":"https:\/\/guillermou-avocats.fr\/fr\/wp-json\/wp\/v2\/media?parent=6237"}],"wp:term":[{"taxonomy":"category","embeddable":true,"href":"https:\/\/guillermou-avocats.fr\/fr\/wp-json\/wp\/v2\/categories?post=6237"},{"taxonomy":"post_tag","embeddable":true,"href":"https:\/\/guillermou-avocats.fr\/fr\/wp-json\/wp\/v2\/tags?post=6237"}],"curies":[{"name":"wp","href":"https:\/\/api.w.org\/{rel}","templated":true}]}}