{"id":6019,"date":"2019-01-22T15:59:17","date_gmt":"2019-01-22T14:59:17","guid":{"rendered":"https:\/\/guillermou-avocats.fr\/?p=6019"},"modified":"2024-12-30T20:29:43","modified_gmt":"2024-12-30T19:29:43","slug":"deductibilite-de-la-prestation-de-compensation-du-handicap-de-lindemnisation-pour-lassistance-dune-tierce-personne","status":"publish","type":"post","link":"https:\/\/guillermou-avocats.fr\/fr\/jurisprudences\/deductibilite-de-la-prestation-de-compensation-du-handicap-de-lindemnisation-pour-lassistance-dune-tierce-personne","title":{"rendered":"D\u00e9ductibilit\u00e9 de la Prestation de compensation du Handicap (PCH) de l\u2019indemnisation pour l\u2019assistance d\u2019une tierce personne"},"content":{"rendered":"<div class=\"fusion-fullwidth fullwidth-box nonhundred-percent-fullwidth non-hundred-percent-height-scrolling\"  style='background-color: rgba(255,255,255,0);background-position: center center;background-repeat: no-repeat;padding-top:0px;padding-right:0px;padding-bottom:0px;padding-left:0px;'><div class=\"fusion-builder-row fusion-row \"><div  class=\"fusion-layout-column fusion_builder_column fusion_builder_column_1_1  fusion-one-full fusion-column-first fusion-column-last 1_1\"  style='margin-top:0px;margin-bottom:20px;'>\n\t\t\t\t\t<div class=\"fusion-column-wrapper\" style=\"padding: 0px 0px 0px 0px;background-position:left top;background-repeat:no-repeat;-webkit-background-size:cover;-moz-background-size:cover;-o-background-size:cover;background-size:cover;\"  data-bg-url=\"\">\n\t\t\t\t\t\t<div class=\"fusion-text\"><h2 style=\"text-align: justify;\">Fonds de garantie<\/h2>\n<p style=\"text-align: justify;\">Une femme est <a href=\"https:\/\/guillermou-avocats.fr\/droits-victime\">victime<\/a> d\u2019un <a href=\"https:\/\/guillermou-avocats.fr\/indemnisation-prejudice\/id-1-accident-route-indemnisation\">accident de la circulation<\/a> au Maroc\u00a0 et saisit la <a href=\"https:\/\/guillermou-avocats.fr\/lexique-juridique\/id-183-la-commission-d-indemnisation-des-victimes-d-infractions-civi\">Commission d\u2019indemnisation des victimes d\u2019infraction (CIVI)<\/a> \u00e0 fin d\u2019obtenir l\u2019<a href=\"https:\/\/guillermou-avocats.fr\/indemnisation-prejudice\"><strong>indemnisation de ses pr\u00e9judices.<\/strong><\/a><\/p>\n<p style=\"text-align: justify;\">Par arr\u00eat du 16 mars 2017, la Cour d\u2019appel de Douai retient, pour \u00e9valuer les sommes allou\u00e9es \u00e0 la victime au titre de l&rsquo;indemnisation de l&rsquo;<a href=\"https:\/\/guillermou-avocats.fr\/lexique-juridique\/assistance-par-tierce-personne\">assistance d&rsquo;une tierce personne<\/a> permanente, qu\u2019il n\u2019y a pas \u00a0lieu de proc\u00e9der \u00e0 la d\u00e9duction des sommes qu\u2019elle a re\u00e7ues au titre de la <a href=\"https:\/\/guillermou-avocats.fr\/lexique-juridique\/id-142-prestation-de-compensation-du-handicap-pch\">prestation de compensation du handicap<\/a> apr\u00e8s le 31 ao\u00fbt 2012,<\/p>\n<p style=\"text-align: justify;\">Le <a href=\"https:\/\/www.fondsdegarantie.fr\/\">Fonds de garantie<\/a> des victimes des actes de terrorisme (FGTI), condamn\u00e9 \u00e0 verser la somme de 124\u00a0452, 88 \u20ac\u00a0 au titre de l&rsquo;indemnisation du poste d\u2019assistance tierce personne permanente, se pourvoit\u00a0en cassation pour contester cette d\u00e9cision.<\/p>\n<p style=\"text-align: justify;\">Selon le fonds de garantie: \u00ab\u00a0en se bornant, pour fixer le montant de l\u2019indemnit\u00e9 allou\u00e9e au titre de l\u2019assistance permanente par une tierce personne, \u00e0 d\u00e9duire les sommes vers\u00e9es \u00e0 Mme\u00a0X&#8230; au titre de la prestation de compensation du handicap jusqu\u2019au 31 ao\u00fbt 2012 seulement, faute de savoir si Mme\u00a0X&#8230; avait continu\u00e9 \u00e0 percevoir la prestation de compensation du handicap apr\u00e8s cette date, date d\u2019\u00e9ch\u00e9ance de la prestation qui lui avait \u00e9t\u00e9 initialement attribu\u00e9e, sans rechercher si le handicap de l\u2019int\u00e9ress\u00e9e ne conduisait pas au maintien du versement de la prestation au-del\u00e0 du 31 ao\u00fbt 2012, la cour d\u2019appel a priv\u00e9 sa d\u00e9cision de base l\u00e9gale au regard de l\u2019article 706-9 du code de proc\u00e9dure p\u00e9nale\u00a0\u00bb.<\/p>\n<h3>FGTI: la\u00a0 PCH\u00a0ne peut \u00eatre d\u00e9duite de l&rsquo;indemnisation du poste d&rsquo;assistance d&rsquo;une tierce personne apr\u00e8s le 31 ao\u00fbt 2012 d\u00e8s lors que rien ne permet d&rsquo;\u00e9tablir\u00a0 que la victime a continu\u00e9 \u00e0 la percevoir apr\u00e8s cette date.<\/h3>\n<p style=\"text-align: justify;\">Par <a href=\"https:\/\/www.courdecassation.fr\/jurisprudence_2\/deuxieme_chambre_civile_570\/50_17_41124.html\">arr\u00eat du 17 janvier 2019 n\u00b0 17-24.083<\/a> la Haute juridiction rejette le pourvoi\u00a0:<\/p>\n<p style=\"text-align: justify;\"><em>\u00ab\u00a0Mais attendu qu\u2019ayant d\u2019une part rappel\u00e9 que la <strong>prestation de compensation du handicap\u00a0n\u2019a aucun caract\u00e8re obligatoire pour la victime qui n\u2019est pas tenue d\u2019en demander le renouvellement<\/strong> et que l\u2019article 706-10 du code de proc\u00e9dure p\u00e9nale conf\u00e8re au FGTI un droit de remboursement total ou partiel de l\u2019indemnit\u00e9 allou\u00e9e lorsque la victime, post\u00e9rieurement au paiement de l\u2019indemnit\u00e9, obtient du chef du m\u00eame pr\u00e9judice, une des prestations ou indemnit\u00e9s vis\u00e9es \u00e0 l\u2019article 706-9 du code de proc\u00e9dure p\u00e9nale, et d\u2019autre part relev\u00e9 que <strong>Mme\u00a0X&#8230; d\u00e9montrait avoir per\u00e7u la prestation de compensation du handicap du 1er septembre 2009 au 31 ao\u00fbt 2012 mais que rien ne permettait de retenir qu\u2019elle avait continu\u00e9 \u00e0 percevoir cette prestation au-del\u00e0 de cette date, la cour d\u2019appel a d\u00e9cid\u00e9 \u00e0 bon droit que celle-ci ne pouvait \u00eatre d\u00e9duite au-del\u00e0 du 31 ao\u00fbt 2012 de l\u2019indemnisation due au titre de l\u2019assistance par une tierce personne<\/strong>\u00a0;<\/em><\/p>\n<p style=\"text-align: justify;\"><em>D\u2019o\u00f9 il suit que le moyen n\u2019est pas fond\u00e9\u00a0;<\/em><\/p>\n<p style=\"text-align: justify;\"><em>Et attendu qu\u2019il n\u2019y a pas lieu de statuer par une d\u00e9cision sp\u00e9cialement motiv\u00e9e sur le second moyen annex\u00e9 qui n\u2019est manifestement pas de nature \u00e0 entra\u00eener la cassation\u00a0;<\/em><\/p>\n<p style=\"text-align: justify;\"><em>Par ces motifs\u00a0:<\/em><\/p>\n<p style=\"text-align: justify;\"><em><strong>REJETTE<\/strong> le pourvoi\u00a0\u00bb<\/em><\/p>\n<p>Source: L\u00e9gifrance<\/p>\n<p>Article en lien:<\/p>\n<div class=\"video-shortcode\">\n<blockquote class=\"wp-embedded-content\" data-secret=\"5woa9C4nZt\">\n<p><a href=\"https:\/\/guillermou-avocats.fr\/fr\/actualites\/id-93-prestation-de-compensation-du-handicap-et-indemnisation-par-le-fonds-d-indemnisation-des-victimes-d-actes-de-terrorisme-et-d-autres-infractions-fgti\">Prestation de compensation du handicap et indemnisation par le Fonds d\u2019indemnisation des victimes d\u2019actes de terrorisme et d\u2019autres infractions (FGTI).<\/a><\/p>\n<\/blockquote>\n<p><iframe loading=\"lazy\" class=\"wp-embedded-content\" sandbox=\"allow-scripts\" security=\"restricted\" style=\"position: absolute; visibility: hidden;\" title=\"\u00ab\u00a0Prestation de compensation du handicap et indemnisation par le Fonds d\u2019indemnisation des victimes d\u2019actes de terrorisme et d\u2019autres infractions (FGTI).\u00a0\u00bb &#8212; Avocat indemnisation de victimes\" src=\"https:\/\/guillermou-avocats.fr\/fr\/actualites\/id-93-prestation-de-compensation-du-handicap-et-indemnisation-par-le-fonds-d-indemnisation-des-victimes-d-actes-de-terrorisme-et-d-autres-infractions-fgti\/embed#?secret=YhTz5efet2#?secret=5woa9C4nZt\" data-secret=\"5woa9C4nZt\" width=\"500\" height=\"282\" frameborder=\"0\" marginwidth=\"0\" marginheight=\"0\" scrolling=\"no\"><\/iframe><\/div>\n<\/div><div class=\"fusion-clearfix\"><\/div>\n\n\t\t\t\t\t<\/div>\n\t\t\t\t<\/div><\/div><\/div>\n","protected":false},"excerpt":{"rendered":"","protected":false},"author":2,"featured_media":0,"comment_status":"open","ping_status":"open","sticky":false,"template":"","format":"standard","meta":{"footnotes":""},"categories":[33,26,76,27,25,30,29,115],"tags":[],"class_list":["post-6019","post","type-post","status-publish","format-standard","hentry","category-accident-de-la-circulation","category-dommage-corporel","category-droit","category-indemnisation","category-jurisprudences","category-prejudice","category-prestation-de-compensation-du-handicap","category-victime"],"yoast_head":"<!-- This site is optimized with the Yoast SEO Premium plugin v23.4 (Yoast SEO v27.4) - https:\/\/yoast.com\/product\/yoast-seo-premium-wordpress\/ -->\n<title>PCH et indemnisation : quelles sont les r\u00e8gles de d\u00e9ductibilit\u00e9 ? - Avocat indemnisation de victimes<\/title>\n<meta name=\"description\" content=\"D\u00e9couvrez si la PCH est d\u00e9ductible lors d&#039;une indemnisation. Analyse d&#039;une affaire d&#039;accident de la circulation et de pr\u00e9judices indemnis\u00e9s.\" \/>\n<meta name=\"robots\" content=\"index, follow, max-snippet:-1, max-image-preview:large, max-video-preview:-1\" \/>\n<link rel=\"canonical\" href=\"https:\/\/guillermou-avocats.fr\/fr\/jurisprudences\/deductibilite-de-la-prestation-de-compensation-du-handicap-de-lindemnisation-pour-lassistance-dune-tierce-personne\" \/>\n<meta property=\"og:locale\" content=\"fr_FR\" \/>\n<meta property=\"og:type\" content=\"article\" \/>\n<meta property=\"og:title\" content=\"PCH et indemnisation : quelles sont les r\u00e8gles de d\u00e9ductibilit\u00e9 ? - Avocat indemnisation de victimes\" \/>\n<meta property=\"og:description\" content=\"D\u00e9couvrez si la PCH est d\u00e9ductible lors d&#039;une indemnisation. Analyse d&#039;une affaire d&#039;accident de la circulation et de pr\u00e9judices indemnis\u00e9s.\" \/>\n<meta property=\"og:url\" content=\"https:\/\/guillermou-avocats.fr\/fr\/jurisprudences\/deductibilite-de-la-prestation-de-compensation-du-handicap-de-lindemnisation-pour-lassistance-dune-tierce-personne\" \/>\n<meta property=\"og:site_name\" content=\"Avocat indemnisation de victimes\" \/>\n<meta property=\"article:publisher\" content=\"https:\/\/www.facebook.com\/emericguillermou\/\" \/>\n<meta property=\"article:published_time\" content=\"2019-01-22T14:59:17+00:00\" \/>\n<meta property=\"article:modified_time\" content=\"2024-12-30T19:29:43+00:00\" \/>\n<meta name=\"author\" content=\"Proxima\" \/>\n<meta name=\"twitter:card\" content=\"summary_large_image\" \/>\n<meta name=\"twitter:creator\" content=\"@eguillermou\" \/>\n<meta name=\"twitter:site\" content=\"@eguillermou\" \/>\n<meta name=\"twitter:label1\" content=\"\u00c9crit par\" \/>\n\t<meta name=\"twitter:data1\" content=\"Proxima\" \/>\n\t<meta name=\"twitter:label2\" content=\"Dur\u00e9e de lecture estim\u00e9e\" \/>\n\t<meta name=\"twitter:data2\" content=\"3 minutes\" \/>\n<script type=\"application\/ld+json\" class=\"yoast-schema-graph\">{\"@context\":\"https:\\\/\\\/schema.org\",\"@graph\":[{\"@type\":\"Article\",\"@id\":\"https:\\\/\\\/guillermou-avocats.fr\\\/fr\\\/jurisprudences\\\/deductibilite-de-la-prestation-de-compensation-du-handicap-de-lindemnisation-pour-lassistance-dune-tierce-personne#article\",\"isPartOf\":{\"@id\":\"https:\\\/\\\/guillermou-avocats.fr\\\/fr\\\/jurisprudences\\\/deductibilite-de-la-prestation-de-compensation-du-handicap-de-lindemnisation-pour-lassistance-dune-tierce-personne\"},\"author\":{\"name\":\"Proxima\",\"@id\":\"https:\\\/\\\/proxima2023.okoumea.com\\\/fr\\\/#\\\/schema\\\/person\\\/76485fc47f1ebece06bb555d9824cae0\"},\"headline\":\"D\u00e9ductibilit\u00e9 de la Prestation de compensation du Handicap (PCH) de l\u2019indemnisation pour l\u2019assistance d\u2019une tierce personne\",\"datePublished\":\"2019-01-22T14:59:17+00:00\",\"dateModified\":\"2024-12-30T19:29:43+00:00\",\"mainEntityOfPage\":{\"@id\":\"https:\\\/\\\/guillermou-avocats.fr\\\/fr\\\/jurisprudences\\\/deductibilite-de-la-prestation-de-compensation-du-handicap-de-lindemnisation-pour-lassistance-dune-tierce-personne\"},\"wordCount\":794,\"commentCount\":0,\"publisher\":{\"@id\":\"https:\\\/\\\/proxima2023.okoumea.com\\\/fr\\\/#organization\"},\"articleSection\":[\"Accident de la circulation\",\"Dommage corporel\",\"Droit\",\"Indemnisation\",\"Jurisprudences\",\"Pr\u00e9judice\",\"Prestation de compensation du handicap\",\"victime\"],\"inLanguage\":\"fr-FR\",\"potentialAction\":[{\"@type\":\"CommentAction\",\"name\":\"Comment\",\"target\":[\"https:\\\/\\\/guillermou-avocats.fr\\\/fr\\\/jurisprudences\\\/deductibilite-de-la-prestation-de-compensation-du-handicap-de-lindemnisation-pour-lassistance-dune-tierce-personne#respond\"]}]},{\"@type\":\"WebPage\",\"@id\":\"https:\\\/\\\/guillermou-avocats.fr\\\/fr\\\/jurisprudences\\\/deductibilite-de-la-prestation-de-compensation-du-handicap-de-lindemnisation-pour-lassistance-dune-tierce-personne\",\"url\":\"https:\\\/\\\/guillermou-avocats.fr\\\/fr\\\/jurisprudences\\\/deductibilite-de-la-prestation-de-compensation-du-handicap-de-lindemnisation-pour-lassistance-dune-tierce-personne\",\"name\":\"PCH et indemnisation : quelles sont les r\u00e8gles de d\u00e9ductibilit\u00e9 ? - Avocat indemnisation de victimes\",\"isPartOf\":{\"@id\":\"https:\\\/\\\/proxima2023.okoumea.com\\\/fr\\\/#website\"},\"datePublished\":\"2019-01-22T14:59:17+00:00\",\"dateModified\":\"2024-12-30T19:29:43+00:00\",\"description\":\"D\u00e9couvrez si la PCH est d\u00e9ductible lors d'une indemnisation. Analyse d'une affaire d'accident de la circulation et de pr\u00e9judices indemnis\u00e9s.\",\"inLanguage\":\"fr-FR\",\"potentialAction\":[{\"@type\":\"ReadAction\",\"target\":[\"https:\\\/\\\/guillermou-avocats.fr\\\/fr\\\/jurisprudences\\\/deductibilite-de-la-prestation-de-compensation-du-handicap-de-lindemnisation-pour-lassistance-dune-tierce-personne\"]}]},{\"@type\":\"WebSite\",\"@id\":\"https:\\\/\\\/proxima2023.okoumea.com\\\/fr\\\/#website\",\"url\":\"https:\\\/\\\/proxima2023.okoumea.com\\\/fr\\\/\",\"name\":\"Proxima - Avocats indemnisation de victimes\",\"description\":\"Chaque jour est un nouveau cap \u00e0 franchir ensemble\",\"publisher\":{\"@id\":\"https:\\\/\\\/proxima2023.okoumea.com\\\/fr\\\/#organization\"},\"potentialAction\":[{\"@type\":\"SearchAction\",\"target\":{\"@type\":\"EntryPoint\",\"urlTemplate\":\"https:\\\/\\\/proxima2023.okoumea.com\\\/fr\\\/?s={search_term_string}\"},\"query-input\":{\"@type\":\"PropertyValueSpecification\",\"valueRequired\":true,\"valueName\":\"search_term_string\"}}],\"inLanguage\":\"fr-FR\"},{\"@type\":\"Organization\",\"@id\":\"https:\\\/\\\/proxima2023.okoumea.com\\\/fr\\\/#organization\",\"name\":\"CABINET PROXIMA GUILLERMOU AVOCATS\",\"url\":\"https:\\\/\\\/proxima2023.okoumea.com\\\/fr\\\/\",\"logo\":{\"@type\":\"ImageObject\",\"inLanguage\":\"fr-FR\",\"@id\":\"https:\\\/\\\/proxima2023.okoumea.com\\\/fr\\\/#\\\/schema\\\/logo\\\/image\\\/\",\"url\":\"https:\\\/\\\/guillermou-avocats.fr\\\/wp-content\\\/uploads\\\/2024\\\/08\\\/2Fichier-12ProximaLogox1.png\",\"contentUrl\":\"https:\\\/\\\/guillermou-avocats.fr\\\/wp-content\\\/uploads\\\/2024\\\/08\\\/2Fichier-12ProximaLogox1.png\",\"width\":836,\"height\":825,\"caption\":\"CABINET PROXIMA GUILLERMOU AVOCATS\"},\"image\":{\"@id\":\"https:\\\/\\\/proxima2023.okoumea.com\\\/fr\\\/#\\\/schema\\\/logo\\\/image\\\/\"},\"sameAs\":[\"https:\\\/\\\/www.facebook.com\\\/emericguillermou\\\/\",\"https:\\\/\\\/x.com\\\/eguillermou\",\"https:\\\/\\\/fr.linkedin.com\\\/in\\\/emeric-guillermou-6a4b9bb6\",\"https:\\\/\\\/www.youtube.com\\\/@emericguillermou9412\"]},{\"@type\":\"Person\",\"@id\":\"https:\\\/\\\/proxima2023.okoumea.com\\\/fr\\\/#\\\/schema\\\/person\\\/76485fc47f1ebece06bb555d9824cae0\",\"name\":\"Proxima\",\"image\":{\"@type\":\"ImageObject\",\"inLanguage\":\"fr-FR\",\"@id\":\"https:\\\/\\\/secure.gravatar.com\\\/avatar\\\/1a9a201a1fcd5f2ecbfa35b383607d569af4cffda10e358211dbcb32e8d758cc?s=96&d=mm&r=g\",\"url\":\"https:\\\/\\\/secure.gravatar.com\\\/avatar\\\/1a9a201a1fcd5f2ecbfa35b383607d569af4cffda10e358211dbcb32e8d758cc?s=96&d=mm&r=g\",\"contentUrl\":\"https:\\\/\\\/secure.gravatar.com\\\/avatar\\\/1a9a201a1fcd5f2ecbfa35b383607d569af4cffda10e358211dbcb32e8d758cc?s=96&d=mm&r=g\",\"caption\":\"Proxima\"},\"description\":\"Avocat Indemnisation de victimes Emeric GUILLERMOU\",\"url\":\"https:\\\/\\\/guillermou-avocats.fr\\\/fr\\\/author\\\/proxima\"}]}<\/script>\n<!-- \/ Yoast SEO Premium plugin. -->","yoast_head_json":{"title":"PCH et indemnisation : quelles sont les r\u00e8gles de d\u00e9ductibilit\u00e9 ? - Avocat indemnisation de victimes","description":"D\u00e9couvrez si la PCH est d\u00e9ductible lors d'une indemnisation. Analyse d'une affaire d'accident de la circulation et de pr\u00e9judices indemnis\u00e9s.","robots":{"index":"index","follow":"follow","max-snippet":"max-snippet:-1","max-image-preview":"max-image-preview:large","max-video-preview":"max-video-preview:-1"},"canonical":"https:\/\/guillermou-avocats.fr\/fr\/jurisprudences\/deductibilite-de-la-prestation-de-compensation-du-handicap-de-lindemnisation-pour-lassistance-dune-tierce-personne","og_locale":"fr_FR","og_type":"article","og_title":"PCH et indemnisation : quelles sont les r\u00e8gles de d\u00e9ductibilit\u00e9 ? - Avocat indemnisation de victimes","og_description":"D\u00e9couvrez si la PCH est d\u00e9ductible lors d'une indemnisation. Analyse d'une affaire d'accident de la circulation et de pr\u00e9judices indemnis\u00e9s.","og_url":"https:\/\/guillermou-avocats.fr\/fr\/jurisprudences\/deductibilite-de-la-prestation-de-compensation-du-handicap-de-lindemnisation-pour-lassistance-dune-tierce-personne","og_site_name":"Avocat indemnisation de victimes","article_publisher":"https:\/\/www.facebook.com\/emericguillermou\/","article_published_time":"2019-01-22T14:59:17+00:00","article_modified_time":"2024-12-30T19:29:43+00:00","author":"Proxima","twitter_card":"summary_large_image","twitter_creator":"@eguillermou","twitter_site":"@eguillermou","twitter_misc":{"\u00c9crit par":"Proxima","Dur\u00e9e de lecture estim\u00e9e":"3 minutes"},"schema":{"@context":"https:\/\/schema.org","@graph":[{"@type":"Article","@id":"https:\/\/guillermou-avocats.fr\/fr\/jurisprudences\/deductibilite-de-la-prestation-de-compensation-du-handicap-de-lindemnisation-pour-lassistance-dune-tierce-personne#article","isPartOf":{"@id":"https:\/\/guillermou-avocats.fr\/fr\/jurisprudences\/deductibilite-de-la-prestation-de-compensation-du-handicap-de-lindemnisation-pour-lassistance-dune-tierce-personne"},"author":{"name":"Proxima","@id":"https:\/\/proxima2023.okoumea.com\/fr\/#\/schema\/person\/76485fc47f1ebece06bb555d9824cae0"},"headline":"D\u00e9ductibilit\u00e9 de la Prestation de compensation du Handicap (PCH) de l\u2019indemnisation pour l\u2019assistance d\u2019une tierce personne","datePublished":"2019-01-22T14:59:17+00:00","dateModified":"2024-12-30T19:29:43+00:00","mainEntityOfPage":{"@id":"https:\/\/guillermou-avocats.fr\/fr\/jurisprudences\/deductibilite-de-la-prestation-de-compensation-du-handicap-de-lindemnisation-pour-lassistance-dune-tierce-personne"},"wordCount":794,"commentCount":0,"publisher":{"@id":"https:\/\/proxima2023.okoumea.com\/fr\/#organization"},"articleSection":["Accident de la circulation","Dommage corporel","Droit","Indemnisation","Jurisprudences","Pr\u00e9judice","Prestation de compensation du handicap","victime"],"inLanguage":"fr-FR","potentialAction":[{"@type":"CommentAction","name":"Comment","target":["https:\/\/guillermou-avocats.fr\/fr\/jurisprudences\/deductibilite-de-la-prestation-de-compensation-du-handicap-de-lindemnisation-pour-lassistance-dune-tierce-personne#respond"]}]},{"@type":"WebPage","@id":"https:\/\/guillermou-avocats.fr\/fr\/jurisprudences\/deductibilite-de-la-prestation-de-compensation-du-handicap-de-lindemnisation-pour-lassistance-dune-tierce-personne","url":"https:\/\/guillermou-avocats.fr\/fr\/jurisprudences\/deductibilite-de-la-prestation-de-compensation-du-handicap-de-lindemnisation-pour-lassistance-dune-tierce-personne","name":"PCH et indemnisation : quelles sont les r\u00e8gles de d\u00e9ductibilit\u00e9 ? - Avocat indemnisation de victimes","isPartOf":{"@id":"https:\/\/proxima2023.okoumea.com\/fr\/#website"},"datePublished":"2019-01-22T14:59:17+00:00","dateModified":"2024-12-30T19:29:43+00:00","description":"D\u00e9couvrez si la PCH est d\u00e9ductible lors d'une indemnisation. Analyse d'une affaire d'accident de la circulation et de pr\u00e9judices indemnis\u00e9s.","inLanguage":"fr-FR","potentialAction":[{"@type":"ReadAction","target":["https:\/\/guillermou-avocats.fr\/fr\/jurisprudences\/deductibilite-de-la-prestation-de-compensation-du-handicap-de-lindemnisation-pour-lassistance-dune-tierce-personne"]}]},{"@type":"WebSite","@id":"https:\/\/proxima2023.okoumea.com\/fr\/#website","url":"https:\/\/proxima2023.okoumea.com\/fr\/","name":"Proxima - Avocats indemnisation de victimes","description":"Chaque jour est un nouveau cap \u00e0 franchir ensemble","publisher":{"@id":"https:\/\/proxima2023.okoumea.com\/fr\/#organization"},"potentialAction":[{"@type":"SearchAction","target":{"@type":"EntryPoint","urlTemplate":"https:\/\/proxima2023.okoumea.com\/fr\/?s={search_term_string}"},"query-input":{"@type":"PropertyValueSpecification","valueRequired":true,"valueName":"search_term_string"}}],"inLanguage":"fr-FR"},{"@type":"Organization","@id":"https:\/\/proxima2023.okoumea.com\/fr\/#organization","name":"CABINET PROXIMA GUILLERMOU AVOCATS","url":"https:\/\/proxima2023.okoumea.com\/fr\/","logo":{"@type":"ImageObject","inLanguage":"fr-FR","@id":"https:\/\/proxima2023.okoumea.com\/fr\/#\/schema\/logo\/image\/","url":"https:\/\/guillermou-avocats.fr\/wp-content\/uploads\/2024\/08\/2Fichier-12ProximaLogox1.png","contentUrl":"https:\/\/guillermou-avocats.fr\/wp-content\/uploads\/2024\/08\/2Fichier-12ProximaLogox1.png","width":836,"height":825,"caption":"CABINET PROXIMA GUILLERMOU AVOCATS"},"image":{"@id":"https:\/\/proxima2023.okoumea.com\/fr\/#\/schema\/logo\/image\/"},"sameAs":["https:\/\/www.facebook.com\/emericguillermou\/","https:\/\/x.com\/eguillermou","https:\/\/fr.linkedin.com\/in\/emeric-guillermou-6a4b9bb6","https:\/\/www.youtube.com\/@emericguillermou9412"]},{"@type":"Person","@id":"https:\/\/proxima2023.okoumea.com\/fr\/#\/schema\/person\/76485fc47f1ebece06bb555d9824cae0","name":"Proxima","image":{"@type":"ImageObject","inLanguage":"fr-FR","@id":"https:\/\/secure.gravatar.com\/avatar\/1a9a201a1fcd5f2ecbfa35b383607d569af4cffda10e358211dbcb32e8d758cc?s=96&d=mm&r=g","url":"https:\/\/secure.gravatar.com\/avatar\/1a9a201a1fcd5f2ecbfa35b383607d569af4cffda10e358211dbcb32e8d758cc?s=96&d=mm&r=g","contentUrl":"https:\/\/secure.gravatar.com\/avatar\/1a9a201a1fcd5f2ecbfa35b383607d569af4cffda10e358211dbcb32e8d758cc?s=96&d=mm&r=g","caption":"Proxima"},"description":"Avocat Indemnisation de victimes Emeric GUILLERMOU","url":"https:\/\/guillermou-avocats.fr\/fr\/author\/proxima"}]}},"_links":{"self":[{"href":"https:\/\/guillermou-avocats.fr\/fr\/wp-json\/wp\/v2\/posts\/6019","targetHints":{"allow":["GET"]}}],"collection":[{"href":"https:\/\/guillermou-avocats.fr\/fr\/wp-json\/wp\/v2\/posts"}],"about":[{"href":"https:\/\/guillermou-avocats.fr\/fr\/wp-json\/wp\/v2\/types\/post"}],"author":[{"embeddable":true,"href":"https:\/\/guillermou-avocats.fr\/fr\/wp-json\/wp\/v2\/users\/2"}],"replies":[{"embeddable":true,"href":"https:\/\/guillermou-avocats.fr\/fr\/wp-json\/wp\/v2\/comments?post=6019"}],"version-history":[{"count":12,"href":"https:\/\/guillermou-avocats.fr\/fr\/wp-json\/wp\/v2\/posts\/6019\/revisions"}],"predecessor-version":[{"id":6035,"href":"https:\/\/guillermou-avocats.fr\/fr\/wp-json\/wp\/v2\/posts\/6019\/revisions\/6035"}],"wp:attachment":[{"href":"https:\/\/guillermou-avocats.fr\/fr\/wp-json\/wp\/v2\/media?parent=6019"}],"wp:term":[{"taxonomy":"category","embeddable":true,"href":"https:\/\/guillermou-avocats.fr\/fr\/wp-json\/wp\/v2\/categories?post=6019"},{"taxonomy":"post_tag","embeddable":true,"href":"https:\/\/guillermou-avocats.fr\/fr\/wp-json\/wp\/v2\/tags?post=6019"}],"curies":[{"name":"wp","href":"https:\/\/api.w.org\/{rel}","templated":true}]}}