{"id":6000,"date":"2019-01-09T09:30:44","date_gmt":"2019-01-09T08:30:44","guid":{"rendered":"https:\/\/guillermou-avocats.fr\/?p=6000"},"modified":"2024-12-30T20:31:48","modified_gmt":"2024-12-30T19:31:48","slug":"proxima-vous-souhaite-une-tres-bonne-annee-2019","status":"publish","type":"post","link":"https:\/\/guillermou-avocats.fr\/fr\/dommage-corporel\/proxima-vous-souhaite-une-tres-bonne-annee-2019","title":{"rendered":"Toute l&rsquo;\u00e9quipe de la SELARL PROXIMA vous pr\u00e9sente ses Meilleurs V\u0153ux 2019!"},"content":{"rendered":"<div class=\"fusion-fullwidth fullwidth-box nonhundred-percent-fullwidth non-hundred-percent-height-scrolling\"  style='background-color: rgba(255,255,255,0);background-position: center center;background-repeat: no-repeat;padding-top:0px;padding-right:0px;padding-bottom:0px;padding-left:0px;'><div class=\"fusion-builder-row fusion-row \"><div  class=\"fusion-layout-column fusion_builder_column fusion_builder_column_1_1  fusion-one-full fusion-column-first fusion-column-last 1_1\"  style='margin-top:0px;margin-bottom:0px;'>\n\t\t\t\t\t<div class=\"fusion-column-wrapper\" style=\"padding: 0px 0px 0px 0px;background-position:left top;background-repeat:no-repeat;-webkit-background-size:cover;-moz-background-size:cover;-o-background-size:cover;background-size:cover;\"  data-bg-url=\"\">\n\t\t\t\t\t\t<div class=\"fusion-text\"><figure class=\"wp-block-embed-youtube wp-block-embed is-type-video is-provider-youtube wp-embed-aspect-16-9 wp-has-aspect-ratio\">\n<div class=\"wp-block-embed__wrapper\">\n<div class=\"video-shortcode\"><iframe loading=\"lazy\" title=\"Toute l&#039;\u00e9quipe de la SELARL PROXIMA vous pr\u00e9sente ses Meilleurs V\u0153ux 2019!\" width=\"500\" height=\"281\" src=\"https:\/\/www.youtube.com\/embed\/BFZD7AYlZ6w?feature=oembed\" frameborder=\"0\" allow=\"accelerometer; autoplay; clipboard-write; encrypted-media; gyroscope; picture-in-picture; web-share\" referrerpolicy=\"strict-origin-when-cross-origin\" allowfullscreen><\/iframe><\/div>\n<\/div>\n<\/figure>\n<\/div><div class=\"fusion-clearfix\"><\/div>\n\n\t\t\t\t\t<\/div>\n\t\t\t\t<\/div><\/div><\/div>","protected":false},"excerpt":{"rendered":"","protected":false},"author":2,"featured_media":0,"comment_status":"open","ping_status":"open","sticky":false,"template":"","format":"standard","meta":{"footnotes":""},"categories":[93,26,39,27],"tags":[],"class_list":["post-6000","post","type-post","status-publish","format-standard","hentry","category-actualites","category-dommage-corporel","category-handicap","category-indemnisation"],"yoast_head":"<!-- This site is optimized with the Yoast SEO Premium plugin v23.4 (Yoast SEO v27.4) - https:\/\/yoast.com\/product\/yoast-seo-premium-wordpress\/ -->\n<title>Meilleurs voeux pour 2019 de la part de la Selarl Proxima - Avocat indemnisation de victimes<\/title>\n<meta name=\"description\" content=\"Profitez des v\u0153ux 2019 de la SELARL PROXIMA pour commencer l&#039;ann\u00e9e en beaut\u00e9. Regardez cette vid\u00e9o inspirante.\" \/>\n<meta name=\"robots\" content=\"index, follow, max-snippet:-1, max-image-preview:large, max-video-preview:-1\" \/>\n<link rel=\"canonical\" href=\"https:\/\/guillermou-avocats.fr\/fr\/dommage-corporel\/proxima-vous-souhaite-une-tres-bonne-annee-2019\" \/>\n<meta property=\"og:locale\" content=\"fr_FR\" \/>\n<meta property=\"og:type\" content=\"article\" \/>\n<meta property=\"og:title\" content=\"Meilleurs voeux pour 2019 de la part de la Selarl Proxima - Avocat indemnisation de victimes\" \/>\n<meta property=\"og:description\" content=\"Profitez des v\u0153ux 2019 de la SELARL PROXIMA pour commencer l&#039;ann\u00e9e en beaut\u00e9. Regardez cette vid\u00e9o inspirante.\" \/>\n<meta property=\"og:url\" content=\"https:\/\/guillermou-avocats.fr\/fr\/dommage-corporel\/proxima-vous-souhaite-une-tres-bonne-annee-2019\" \/>\n<meta property=\"og:site_name\" content=\"Avocat indemnisation de victimes\" \/>\n<meta property=\"article:publisher\" content=\"https:\/\/www.facebook.com\/emericguillermou\/\" \/>\n<meta property=\"article:published_time\" content=\"2019-01-09T08:30:44+00:00\" \/>\n<meta property=\"article:modified_time\" content=\"2024-12-30T19:31:48+00:00\" \/>\n<meta name=\"author\" content=\"Proxima\" \/>\n<meta name=\"twitter:card\" content=\"summary_large_image\" \/>\n<meta name=\"twitter:creator\" content=\"@eguillermou\" \/>\n<meta name=\"twitter:site\" content=\"@eguillermou\" \/>\n<meta name=\"twitter:label1\" content=\"\u00c9crit par\" \/>\n\t<meta name=\"twitter:data1\" content=\"Proxima\" \/>\n\t<meta name=\"twitter:label2\" content=\"Dur\u00e9e de lecture estim\u00e9e\" \/>\n\t<meta name=\"twitter:data2\" content=\"1 minute\" \/>\n<script type=\"application\/ld+json\" class=\"yoast-schema-graph\">{\"@context\":\"https:\\\/\\\/schema.org\",\"@graph\":[{\"@type\":\"Article\",\"@id\":\"https:\\\/\\\/guillermou-avocats.fr\\\/fr\\\/dommage-corporel\\\/proxima-vous-souhaite-une-tres-bonne-annee-2019#article\",\"isPartOf\":{\"@id\":\"https:\\\/\\\/guillermou-avocats.fr\\\/fr\\\/dommage-corporel\\\/proxima-vous-souhaite-une-tres-bonne-annee-2019\"},\"author\":{\"name\":\"Proxima\",\"@id\":\"https:\\\/\\\/proxima2023.okoumea.com\\\/fr\\\/#\\\/schema\\\/person\\\/76485fc47f1ebece06bb555d9824cae0\"},\"headline\":\"Toute l&rsquo;\u00e9quipe de la SELARL PROXIMA vous pr\u00e9sente ses Meilleurs V\u0153ux 2019!\",\"datePublished\":\"2019-01-09T08:30:44+00:00\",\"dateModified\":\"2024-12-30T19:31:48+00:00\",\"mainEntityOfPage\":{\"@id\":\"https:\\\/\\\/guillermou-avocats.fr\\\/fr\\\/dommage-corporel\\\/proxima-vous-souhaite-une-tres-bonne-annee-2019\"},\"wordCount\":179,\"commentCount\":0,\"publisher\":{\"@id\":\"https:\\\/\\\/proxima2023.okoumea.com\\\/fr\\\/#organization\"},\"articleSection\":[\"actualit\u00e9s\",\"Dommage corporel\",\"Handicap\",\"Indemnisation\"],\"inLanguage\":\"fr-FR\",\"potentialAction\":[{\"@type\":\"CommentAction\",\"name\":\"Comment\",\"target\":[\"https:\\\/\\\/guillermou-avocats.fr\\\/fr\\\/dommage-corporel\\\/proxima-vous-souhaite-une-tres-bonne-annee-2019#respond\"]}]},{\"@type\":\"WebPage\",\"@id\":\"https:\\\/\\\/guillermou-avocats.fr\\\/fr\\\/dommage-corporel\\\/proxima-vous-souhaite-une-tres-bonne-annee-2019\",\"url\":\"https:\\\/\\\/guillermou-avocats.fr\\\/fr\\\/dommage-corporel\\\/proxima-vous-souhaite-une-tres-bonne-annee-2019\",\"name\":\"Meilleurs voeux pour 2019 de la part de la Selarl Proxima - Avocat indemnisation de victimes\",\"isPartOf\":{\"@id\":\"https:\\\/\\\/proxima2023.okoumea.com\\\/fr\\\/#website\"},\"datePublished\":\"2019-01-09T08:30:44+00:00\",\"dateModified\":\"2024-12-30T19:31:48+00:00\",\"description\":\"Profitez des v\u0153ux 2019 de la SELARL PROXIMA pour commencer l'ann\u00e9e en beaut\u00e9. Regardez cette vid\u00e9o inspirante.\",\"inLanguage\":\"fr-FR\",\"potentialAction\":[{\"@type\":\"ReadAction\",\"target\":[\"https:\\\/\\\/guillermou-avocats.fr\\\/fr\\\/dommage-corporel\\\/proxima-vous-souhaite-une-tres-bonne-annee-2019\"]}]},{\"@type\":\"WebSite\",\"@id\":\"https:\\\/\\\/proxima2023.okoumea.com\\\/fr\\\/#website\",\"url\":\"https:\\\/\\\/proxima2023.okoumea.com\\\/fr\\\/\",\"name\":\"Proxima - Avocats indemnisation de victimes\",\"description\":\"Chaque jour est un nouveau cap \u00e0 franchir ensemble\",\"publisher\":{\"@id\":\"https:\\\/\\\/proxima2023.okoumea.com\\\/fr\\\/#organization\"},\"potentialAction\":[{\"@type\":\"SearchAction\",\"target\":{\"@type\":\"EntryPoint\",\"urlTemplate\":\"https:\\\/\\\/proxima2023.okoumea.com\\\/fr\\\/?s={search_term_string}\"},\"query-input\":{\"@type\":\"PropertyValueSpecification\",\"valueRequired\":true,\"valueName\":\"search_term_string\"}}],\"inLanguage\":\"fr-FR\"},{\"@type\":\"Organization\",\"@id\":\"https:\\\/\\\/proxima2023.okoumea.com\\\/fr\\\/#organization\",\"name\":\"CABINET PROXIMA GUILLERMOU AVOCATS\",\"url\":\"https:\\\/\\\/proxima2023.okoumea.com\\\/fr\\\/\",\"logo\":{\"@type\":\"ImageObject\",\"inLanguage\":\"fr-FR\",\"@id\":\"https:\\\/\\\/proxima2023.okoumea.com\\\/fr\\\/#\\\/schema\\\/logo\\\/image\\\/\",\"url\":\"https:\\\/\\\/guillermou-avocats.fr\\\/wp-content\\\/uploads\\\/2024\\\/08\\\/2Fichier-12ProximaLogox1.png\",\"contentUrl\":\"https:\\\/\\\/guillermou-avocats.fr\\\/wp-content\\\/uploads\\\/2024\\\/08\\\/2Fichier-12ProximaLogox1.png\",\"width\":836,\"height\":825,\"caption\":\"CABINET PROXIMA GUILLERMOU AVOCATS\"},\"image\":{\"@id\":\"https:\\\/\\\/proxima2023.okoumea.com\\\/fr\\\/#\\\/schema\\\/logo\\\/image\\\/\"},\"sameAs\":[\"https:\\\/\\\/www.facebook.com\\\/emericguillermou\\\/\",\"https:\\\/\\\/x.com\\\/eguillermou\",\"https:\\\/\\\/fr.linkedin.com\\\/in\\\/emeric-guillermou-6a4b9bb6\",\"https:\\\/\\\/www.youtube.com\\\/@emericguillermou9412\"]},{\"@type\":\"Person\",\"@id\":\"https:\\\/\\\/proxima2023.okoumea.com\\\/fr\\\/#\\\/schema\\\/person\\\/76485fc47f1ebece06bb555d9824cae0\",\"name\":\"Proxima\",\"image\":{\"@type\":\"ImageObject\",\"inLanguage\":\"fr-FR\",\"@id\":\"https:\\\/\\\/secure.gravatar.com\\\/avatar\\\/1a9a201a1fcd5f2ecbfa35b383607d569af4cffda10e358211dbcb32e8d758cc?s=96&d=mm&r=g\",\"url\":\"https:\\\/\\\/secure.gravatar.com\\\/avatar\\\/1a9a201a1fcd5f2ecbfa35b383607d569af4cffda10e358211dbcb32e8d758cc?s=96&d=mm&r=g\",\"contentUrl\":\"https:\\\/\\\/secure.gravatar.com\\\/avatar\\\/1a9a201a1fcd5f2ecbfa35b383607d569af4cffda10e358211dbcb32e8d758cc?s=96&d=mm&r=g\",\"caption\":\"Proxima\"},\"description\":\"Avocat Indemnisation de victimes Emeric GUILLERMOU\",\"url\":\"https:\\\/\\\/guillermou-avocats.fr\\\/fr\\\/author\\\/proxima\"}]}<\/script>\n<!-- \/ Yoast SEO Premium plugin. -->","yoast_head_json":{"title":"Meilleurs voeux pour 2019 de la part de la Selarl Proxima - Avocat indemnisation de victimes","description":"Profitez des v\u0153ux 2019 de la SELARL PROXIMA pour commencer l'ann\u00e9e en beaut\u00e9. Regardez cette vid\u00e9o inspirante.","robots":{"index":"index","follow":"follow","max-snippet":"max-snippet:-1","max-image-preview":"max-image-preview:large","max-video-preview":"max-video-preview:-1"},"canonical":"https:\/\/guillermou-avocats.fr\/fr\/dommage-corporel\/proxima-vous-souhaite-une-tres-bonne-annee-2019","og_locale":"fr_FR","og_type":"article","og_title":"Meilleurs voeux pour 2019 de la part de la Selarl Proxima - Avocat indemnisation de victimes","og_description":"Profitez des v\u0153ux 2019 de la SELARL PROXIMA pour commencer l'ann\u00e9e en beaut\u00e9. Regardez cette vid\u00e9o inspirante.","og_url":"https:\/\/guillermou-avocats.fr\/fr\/dommage-corporel\/proxima-vous-souhaite-une-tres-bonne-annee-2019","og_site_name":"Avocat indemnisation de victimes","article_publisher":"https:\/\/www.facebook.com\/emericguillermou\/","article_published_time":"2019-01-09T08:30:44+00:00","article_modified_time":"2024-12-30T19:31:48+00:00","author":"Proxima","twitter_card":"summary_large_image","twitter_creator":"@eguillermou","twitter_site":"@eguillermou","twitter_misc":{"\u00c9crit par":"Proxima","Dur\u00e9e de lecture estim\u00e9e":"1 minute"},"schema":{"@context":"https:\/\/schema.org","@graph":[{"@type":"Article","@id":"https:\/\/guillermou-avocats.fr\/fr\/dommage-corporel\/proxima-vous-souhaite-une-tres-bonne-annee-2019#article","isPartOf":{"@id":"https:\/\/guillermou-avocats.fr\/fr\/dommage-corporel\/proxima-vous-souhaite-une-tres-bonne-annee-2019"},"author":{"name":"Proxima","@id":"https:\/\/proxima2023.okoumea.com\/fr\/#\/schema\/person\/76485fc47f1ebece06bb555d9824cae0"},"headline":"Toute l&rsquo;\u00e9quipe de la SELARL PROXIMA vous pr\u00e9sente ses Meilleurs V\u0153ux 2019!","datePublished":"2019-01-09T08:30:44+00:00","dateModified":"2024-12-30T19:31:48+00:00","mainEntityOfPage":{"@id":"https:\/\/guillermou-avocats.fr\/fr\/dommage-corporel\/proxima-vous-souhaite-une-tres-bonne-annee-2019"},"wordCount":179,"commentCount":0,"publisher":{"@id":"https:\/\/proxima2023.okoumea.com\/fr\/#organization"},"articleSection":["actualit\u00e9s","Dommage corporel","Handicap","Indemnisation"],"inLanguage":"fr-FR","potentialAction":[{"@type":"CommentAction","name":"Comment","target":["https:\/\/guillermou-avocats.fr\/fr\/dommage-corporel\/proxima-vous-souhaite-une-tres-bonne-annee-2019#respond"]}]},{"@type":"WebPage","@id":"https:\/\/guillermou-avocats.fr\/fr\/dommage-corporel\/proxima-vous-souhaite-une-tres-bonne-annee-2019","url":"https:\/\/guillermou-avocats.fr\/fr\/dommage-corporel\/proxima-vous-souhaite-une-tres-bonne-annee-2019","name":"Meilleurs voeux pour 2019 de la part de la Selarl Proxima - Avocat indemnisation de victimes","isPartOf":{"@id":"https:\/\/proxima2023.okoumea.com\/fr\/#website"},"datePublished":"2019-01-09T08:30:44+00:00","dateModified":"2024-12-30T19:31:48+00:00","description":"Profitez des v\u0153ux 2019 de la SELARL PROXIMA pour commencer l'ann\u00e9e en beaut\u00e9. Regardez cette vid\u00e9o inspirante.","inLanguage":"fr-FR","potentialAction":[{"@type":"ReadAction","target":["https:\/\/guillermou-avocats.fr\/fr\/dommage-corporel\/proxima-vous-souhaite-une-tres-bonne-annee-2019"]}]},{"@type":"WebSite","@id":"https:\/\/proxima2023.okoumea.com\/fr\/#website","url":"https:\/\/proxima2023.okoumea.com\/fr\/","name":"Proxima - Avocats indemnisation de victimes","description":"Chaque jour est un nouveau cap \u00e0 franchir ensemble","publisher":{"@id":"https:\/\/proxima2023.okoumea.com\/fr\/#organization"},"potentialAction":[{"@type":"SearchAction","target":{"@type":"EntryPoint","urlTemplate":"https:\/\/proxima2023.okoumea.com\/fr\/?s={search_term_string}"},"query-input":{"@type":"PropertyValueSpecification","valueRequired":true,"valueName":"search_term_string"}}],"inLanguage":"fr-FR"},{"@type":"Organization","@id":"https:\/\/proxima2023.okoumea.com\/fr\/#organization","name":"CABINET PROXIMA GUILLERMOU AVOCATS","url":"https:\/\/proxima2023.okoumea.com\/fr\/","logo":{"@type":"ImageObject","inLanguage":"fr-FR","@id":"https:\/\/proxima2023.okoumea.com\/fr\/#\/schema\/logo\/image\/","url":"https:\/\/guillermou-avocats.fr\/wp-content\/uploads\/2024\/08\/2Fichier-12ProximaLogox1.png","contentUrl":"https:\/\/guillermou-avocats.fr\/wp-content\/uploads\/2024\/08\/2Fichier-12ProximaLogox1.png","width":836,"height":825,"caption":"CABINET PROXIMA GUILLERMOU AVOCATS"},"image":{"@id":"https:\/\/proxima2023.okoumea.com\/fr\/#\/schema\/logo\/image\/"},"sameAs":["https:\/\/www.facebook.com\/emericguillermou\/","https:\/\/x.com\/eguillermou","https:\/\/fr.linkedin.com\/in\/emeric-guillermou-6a4b9bb6","https:\/\/www.youtube.com\/@emericguillermou9412"]},{"@type":"Person","@id":"https:\/\/proxima2023.okoumea.com\/fr\/#\/schema\/person\/76485fc47f1ebece06bb555d9824cae0","name":"Proxima","image":{"@type":"ImageObject","inLanguage":"fr-FR","@id":"https:\/\/secure.gravatar.com\/avatar\/1a9a201a1fcd5f2ecbfa35b383607d569af4cffda10e358211dbcb32e8d758cc?s=96&d=mm&r=g","url":"https:\/\/secure.gravatar.com\/avatar\/1a9a201a1fcd5f2ecbfa35b383607d569af4cffda10e358211dbcb32e8d758cc?s=96&d=mm&r=g","contentUrl":"https:\/\/secure.gravatar.com\/avatar\/1a9a201a1fcd5f2ecbfa35b383607d569af4cffda10e358211dbcb32e8d758cc?s=96&d=mm&r=g","caption":"Proxima"},"description":"Avocat Indemnisation de victimes Emeric GUILLERMOU","url":"https:\/\/guillermou-avocats.fr\/fr\/author\/proxima"}]}},"_links":{"self":[{"href":"https:\/\/guillermou-avocats.fr\/fr\/wp-json\/wp\/v2\/posts\/6000","targetHints":{"allow":["GET"]}}],"collection":[{"href":"https:\/\/guillermou-avocats.fr\/fr\/wp-json\/wp\/v2\/posts"}],"about":[{"href":"https:\/\/guillermou-avocats.fr\/fr\/wp-json\/wp\/v2\/types\/post"}],"author":[{"embeddable":true,"href":"https:\/\/guillermou-avocats.fr\/fr\/wp-json\/wp\/v2\/users\/2"}],"replies":[{"embeddable":true,"href":"https:\/\/guillermou-avocats.fr\/fr\/wp-json\/wp\/v2\/comments?post=6000"}],"version-history":[{"count":7,"href":"https:\/\/guillermou-avocats.fr\/fr\/wp-json\/wp\/v2\/posts\/6000\/revisions"}],"predecessor-version":[{"id":8995,"href":"https:\/\/guillermou-avocats.fr\/fr\/wp-json\/wp\/v2\/posts\/6000\/revisions\/8995"}],"wp:attachment":[{"href":"https:\/\/guillermou-avocats.fr\/fr\/wp-json\/wp\/v2\/media?parent=6000"}],"wp:term":[{"taxonomy":"category","embeddable":true,"href":"https:\/\/guillermou-avocats.fr\/fr\/wp-json\/wp\/v2\/categories?post=6000"},{"taxonomy":"post_tag","embeddable":true,"href":"https:\/\/guillermou-avocats.fr\/fr\/wp-json\/wp\/v2\/tags?post=6000"}],"curies":[{"name":"wp","href":"https:\/\/api.w.org\/{rel}","templated":true}]}}