{"id":5960,"date":"2018-12-11T16:05:12","date_gmt":"2018-12-11T15:05:12","guid":{"rendered":"https:\/\/guillermou-avocats.fr\/?p=5960"},"modified":"2018-12-11T16:05:12","modified_gmt":"2018-12-11T15:05:12","slug":"garantie-des-accidents-de-la-vie-gav-le-fauteuil-roulant-et-la-prothese-ne-sont-pas-des-frais-medicaux-et-hospitaliers-exclus-par-la-garantie","status":"publish","type":"post","link":"https:\/\/guillermou-avocats.fr\/fr\/jurisprudences\/garantie-des-accidents-de-la-vie-gav-le-fauteuil-roulant-et-la-prothese-ne-sont-pas-des-frais-medicaux-et-hospitaliers-exclus-par-la-garantie","title":{"rendered":"Garantie des accidents de la vie (GAV) : le fauteuil roulant et la proth\u00e8se ne sont pas des \u00ab frais m\u00e9dicaux et hospitaliers \u00bb exclus par la garantie"},"content":{"rendered":"<p style=\"text-align: justify;\"><strong><em>Les frais d\u2019appareillage et de fauteuil roulant ne sont pas des \u00ab\u00a0frais m\u00e9dicaux et hospitaliers\u00a0\u00bb exclus de la GAV\u00a0: ces frais de sant\u00e9 doivent \u00eatre indemnis\u00e9s.<\/em><\/strong><\/p>\n<h2>Accidents de la vie<\/h2>\n<p style=\"text-align: justify;\">Le 21 septembre 2008, un homme est <a href=\"https:\/\/guillermou-avocats.fr\/droits-victime\">victime<\/a> d\u2019un grave <a href=\"https:\/\/guillermou-avocats.fr\/id-2-accident-vie-indemnisation-gav\">accident<\/a>. Sa compagnie d\u2019assurance est condamn\u00e9e, au titre d\u2019un contrat de <a href=\"https:\/\/guillermou-avocats.fr\/id-2-accident-vie-indemnisation-gav\">garantie des accidents de la vie<\/a> (GAV) souscrit avec la victime en 2006, \u00e0 lui verser 38\u00a0813 \u20ac au titre des <a href=\"https:\/\/guillermou-avocats.fr\/lexique-juridique\/id-211-depenses-de-sante-futures-dsf\">d\u00e9penses de sant\u00e9 futures<\/a>.<\/p>\n<p style=\"text-align: justify;\">Mais en appel, ce jugement est infirm\u00e9 au motif que le \u00ab\u00a0frais m\u00e9dicaux et hospitaliers\u00a0\u00bb ne sont pas pris en charge par la GAV,\u00a0\u00ab\u00a0 ce poste de pr\u00e9judice incluant contrairement \u00e0 ce qu\u2019ont retenu les 1ers juges , les frais relatifs au mat\u00e9riel dont la victime a besoin du fait de son <a href=\"https:\/\/guillermou-avocats.fr\/dommage-corporel\/le-handicap-moteur\">handicap<\/a>, en l\u2019esp\u00e8ce une proth\u00e8se et un fauteuil roulant\u00a0\u00bb.<\/p>\n<p style=\"text-align: justify;\">La victime se pourvoit en cassation.<\/p>\n<h3 style=\"text-align: justify;\">La cour d&rsquo;appel a d\u00e9natur\u00e9 les termes clairs et pr\u00e9cis de la police d&rsquo;assurance<\/h3>\n<p style=\"text-align: justify;\">Par <a href=\"https:\/\/www.legifrance.gouv.fr\/affichJuriJudi.do?oldAction=rechJuriJudi&amp;idTexte=JURITEXT000037676970&amp;fastReqId=510701444&amp;fastPos=1\">arr\u00eat du 22 novembre 2018 n\u00b0 17-27.254<\/a>, la 2<sup>\u00e8me<\/sup> chambre civile de la Cour de cassation casse et annule cette d\u00e9cision\u00a0:<\/p>\n<p style=\"text-align: justify;\">\u00ab<em>\u00a0Attendu que, pour d\u00e9bouter M. X&#8230; de sa demande au titre des d\u00e9penses de sant\u00e9 futures, l&rsquo;arr\u00eat \u00e9nonce qu&rsquo;aux termes des conditions g\u00e9n\u00e9rales de la police \u00ab garantie des accidents de la vie \u00bb souscrite par M. X&#8230;, <a href=\"https:\/\/guillermou-avocats.fr\/indemnisation-prejudice\">le pr\u00e9judice corporel<\/a> subi \u00e0 la suite d&rsquo;un \u00e9v\u00e9nement garanti est indemnis\u00e9 \u00ab selon les r\u00e8gles du droit commun \u00bb, cette \u00e9valuation tenant \u00ab compte de la situation particuli\u00e8re de chaque victime et de la jurisprudence des tribunaux en vigueur au moment du sinistre \u00bb ; qu&rsquo;il est pr\u00e9cis\u00e9 que les \u00ab frais m\u00e9dicaux et hospitaliers \u00bb ne sont pas pris en charge ; que ce poste de pr\u00e9judice incluait, contrairement \u00e0 ce qu&rsquo;ont retenu les premiers juges, les frais relatifs au mat\u00e9riel dont la victime a besoin du fait de son handicap, en l&rsquo;esp\u00e8ce proth\u00e8se et fauteuil roulant ;<\/em><\/p>\n<p><em><strong>Qu&rsquo;en statuant ainsi, alors que la clause litigieuse n&rsquo;excluait que les frais m\u00e9dicaux et hospitaliers, qui ne se confondent pas avec les frais de sant\u00e9 et n&rsquo;incluent pas les frais d&rsquo;appareillage et de fauteuil roulant, la cour d&rsquo;appel a d\u00e9natur\u00e9 les termes clairs et pr\u00e9cis de la police d&rsquo;assurance et viol\u00e9 le principe susvis\u00e9<\/strong> ;<\/em><\/p>\n<p><em>PAR CES MOTIFS, et sans qu&rsquo;il y ait lieu de statuer sur les autres branches du moyen <\/em><em>CASSE ET ANNULE(\u2026)\u00a0\u00bb<\/em><\/p>\n<h4>D\u00e9penses de sant\u00e9 futures<\/h4>\n<p style=\"text-align: justify;\"><strong>Les\u00a0\u00ab\u00a0 frais m\u00e9dicaux et hospitaliers\u00a0\u00bb, exclus de la garantie, ne se confondent pas avec les frais de sant\u00e9\u00a0: la proth\u00e8se et le fauteuil roulant doivent \u00eatre indemnis\u00e9s par la compagnie d&rsquo;assurance au titre du contrat d&rsquo;assurance souscrit en 2006.<br \/>\n<\/strong><\/p>\n<p>&nbsp;<\/p>\n<p>&nbsp;<\/p>\n<p>&nbsp;<\/p>\n","protected":false},"excerpt":{"rendered":"<p>Les frais d\u2019appareillage et de fauteuil roulant ne sont pas des \u00ab\u00a0frais m\u00e9dicaux et hospitaliers\u00a0\u00bb exclus de la GAV\u00a0: ces frais de sant\u00e9 doivent \u00eatre indemnis\u00e9s. Accidents de la vie Le 21 septembre 2008, un homme est victime d\u2019un grave accident. Sa compagnie d\u2019assurance est condamn\u00e9e, au titre d\u2019un contrat de garantie des accidents de [&hellip;]<\/p>\n","protected":false},"author":2,"featured_media":0,"comment_status":"open","ping_status":"open","sticky":false,"template":"","format":"standard","meta":{"footnotes":""},"categories":[88,26,120,39,27,25,30,115],"tags":[],"class_list":["post-5960","post","type-post","status-publish","format-standard","hentry","category-accidents-de-la-vie","category-dommage-corporel","category-gav","category-handicap","category-indemnisation","category-jurisprudences","category-prejudice","category-victime"],"yoast_head":"<!-- This site is optimized with the Yoast SEO Premium plugin v23.4 (Yoast SEO v27.4) - https:\/\/yoast.com\/product\/yoast-seo-premium-wordpress\/ -->\n<title>Garantie des accidents de la vie (GAV) : le fauteuil roulant et la proth\u00e8se ne sont pas des \u00ab frais m\u00e9dicaux et hospitaliers \u00bb exclus par la garantie - Avocat indemnisation de victimes<\/title>\n<meta name=\"robots\" content=\"index, follow, max-snippet:-1, max-image-preview:large, max-video-preview:-1\" \/>\n<link rel=\"canonical\" href=\"https:\/\/proxima2023.okoumea.com\/fr\/jurisprudences\/garantie-des-accidents-de-la-vie-gav-le-fauteuil-roulant-et-la-prothese-ne-sont-pas-des-frais-medicaux-et-hospitaliers-exclus-par-la-garantie\" \/>\n<meta property=\"og:locale\" content=\"fr_FR\" \/>\n<meta property=\"og:type\" content=\"article\" \/>\n<meta property=\"og:title\" content=\"Garantie des accidents de la vie (GAV) : le fauteuil roulant et la proth\u00e8se ne sont pas des \u00ab frais m\u00e9dicaux et hospitaliers \u00bb exclus par la garantie - Avocat indemnisation de victimes\" \/>\n<meta property=\"og:description\" content=\"Les frais d\u2019appareillage et de fauteuil roulant ne sont pas des \u00ab\u00a0frais m\u00e9dicaux et hospitaliers\u00a0\u00bb exclus de la GAV\u00a0: ces frais de sant\u00e9 doivent \u00eatre indemnis\u00e9s. Accidents de la vie Le 21 septembre 2008, un homme est victime d\u2019un grave accident. Sa compagnie d\u2019assurance est condamn\u00e9e, au titre d\u2019un contrat de garantie des accidents de [&hellip;]\" \/>\n<meta property=\"og:url\" content=\"https:\/\/proxima2023.okoumea.com\/fr\/jurisprudences\/garantie-des-accidents-de-la-vie-gav-le-fauteuil-roulant-et-la-prothese-ne-sont-pas-des-frais-medicaux-et-hospitaliers-exclus-par-la-garantie\" \/>\n<meta property=\"og:site_name\" content=\"Avocat indemnisation de victimes\" \/>\n<meta property=\"article:publisher\" content=\"https:\/\/www.facebook.com\/emericguillermou\/\" \/>\n<meta property=\"article:published_time\" content=\"2018-12-11T15:05:12+00:00\" \/>\n<meta name=\"author\" content=\"Proxima\" \/>\n<meta name=\"twitter:card\" content=\"summary_large_image\" \/>\n<meta name=\"twitter:creator\" content=\"@eguillermou\" \/>\n<meta name=\"twitter:site\" content=\"@eguillermou\" \/>\n<meta name=\"twitter:label1\" content=\"\u00c9crit par\" \/>\n\t<meta name=\"twitter:data1\" content=\"Proxima\" \/>\n\t<meta name=\"twitter:label2\" content=\"Dur\u00e9e de lecture estim\u00e9e\" \/>\n\t<meta name=\"twitter:data2\" content=\"2 minutes\" \/>\n<script type=\"application\/ld+json\" class=\"yoast-schema-graph\">{\"@context\":\"https:\\\/\\\/schema.org\",\"@graph\":[{\"@type\":\"Article\",\"@id\":\"https:\\\/\\\/proxima2023.okoumea.com\\\/fr\\\/jurisprudences\\\/garantie-des-accidents-de-la-vie-gav-le-fauteuil-roulant-et-la-prothese-ne-sont-pas-des-frais-medicaux-et-hospitaliers-exclus-par-la-garantie#article\",\"isPartOf\":{\"@id\":\"https:\\\/\\\/proxima2023.okoumea.com\\\/fr\\\/jurisprudences\\\/garantie-des-accidents-de-la-vie-gav-le-fauteuil-roulant-et-la-prothese-ne-sont-pas-des-frais-medicaux-et-hospitaliers-exclus-par-la-garantie\"},\"author\":{\"name\":\"Proxima\",\"@id\":\"https:\\\/\\\/proxima2023.okoumea.com\\\/fr\\\/#\\\/schema\\\/person\\\/76485fc47f1ebece06bb555d9824cae0\"},\"headline\":\"Garantie des accidents de la vie (GAV) : le fauteuil roulant et la proth\u00e8se ne sont pas des \u00ab frais m\u00e9dicaux et hospitaliers \u00bb exclus par la garantie\",\"datePublished\":\"2018-12-11T15:05:12+00:00\",\"mainEntityOfPage\":{\"@id\":\"https:\\\/\\\/proxima2023.okoumea.com\\\/fr\\\/jurisprudences\\\/garantie-des-accidents-de-la-vie-gav-le-fauteuil-roulant-et-la-prothese-ne-sont-pas-des-frais-medicaux-et-hospitaliers-exclus-par-la-garantie\"},\"wordCount\":498,\"commentCount\":0,\"publisher\":{\"@id\":\"https:\\\/\\\/proxima2023.okoumea.com\\\/fr\\\/#organization\"},\"articleSection\":[\"Accidents de la vie\",\"Dommage corporel\",\"gav\",\"Handicap\",\"Indemnisation\",\"Jurisprudences\",\"Pr\u00e9judice\",\"victime\"],\"inLanguage\":\"fr-FR\",\"potentialAction\":[{\"@type\":\"CommentAction\",\"name\":\"Comment\",\"target\":[\"https:\\\/\\\/proxima2023.okoumea.com\\\/fr\\\/jurisprudences\\\/garantie-des-accidents-de-la-vie-gav-le-fauteuil-roulant-et-la-prothese-ne-sont-pas-des-frais-medicaux-et-hospitaliers-exclus-par-la-garantie#respond\"]}]},{\"@type\":\"WebPage\",\"@id\":\"https:\\\/\\\/proxima2023.okoumea.com\\\/fr\\\/jurisprudences\\\/garantie-des-accidents-de-la-vie-gav-le-fauteuil-roulant-et-la-prothese-ne-sont-pas-des-frais-medicaux-et-hospitaliers-exclus-par-la-garantie\",\"url\":\"https:\\\/\\\/proxima2023.okoumea.com\\\/fr\\\/jurisprudences\\\/garantie-des-accidents-de-la-vie-gav-le-fauteuil-roulant-et-la-prothese-ne-sont-pas-des-frais-medicaux-et-hospitaliers-exclus-par-la-garantie\",\"name\":\"Garantie des accidents de la vie (GAV) : le fauteuil roulant et la proth\u00e8se ne sont pas des \u00ab frais m\u00e9dicaux et hospitaliers \u00bb exclus par la garantie - Avocat indemnisation de victimes\",\"isPartOf\":{\"@id\":\"https:\\\/\\\/proxima2023.okoumea.com\\\/fr\\\/#website\"},\"datePublished\":\"2018-12-11T15:05:12+00:00\",\"inLanguage\":\"fr-FR\",\"potentialAction\":[{\"@type\":\"ReadAction\",\"target\":[\"https:\\\/\\\/proxima2023.okoumea.com\\\/fr\\\/jurisprudences\\\/garantie-des-accidents-de-la-vie-gav-le-fauteuil-roulant-et-la-prothese-ne-sont-pas-des-frais-medicaux-et-hospitaliers-exclus-par-la-garantie\"]}]},{\"@type\":\"WebSite\",\"@id\":\"https:\\\/\\\/proxima2023.okoumea.com\\\/fr\\\/#website\",\"url\":\"https:\\\/\\\/proxima2023.okoumea.com\\\/fr\\\/\",\"name\":\"Proxima - Avocats indemnisation de victimes\",\"description\":\"Chaque jour est un nouveau cap \u00e0 franchir ensemble\",\"publisher\":{\"@id\":\"https:\\\/\\\/proxima2023.okoumea.com\\\/fr\\\/#organization\"},\"potentialAction\":[{\"@type\":\"SearchAction\",\"target\":{\"@type\":\"EntryPoint\",\"urlTemplate\":\"https:\\\/\\\/proxima2023.okoumea.com\\\/fr\\\/?s={search_term_string}\"},\"query-input\":{\"@type\":\"PropertyValueSpecification\",\"valueRequired\":true,\"valueName\":\"search_term_string\"}}],\"inLanguage\":\"fr-FR\"},{\"@type\":\"Organization\",\"@id\":\"https:\\\/\\\/proxima2023.okoumea.com\\\/fr\\\/#organization\",\"name\":\"CABINET PROXIMA GUILLERMOU AVOCATS\",\"url\":\"https:\\\/\\\/proxima2023.okoumea.com\\\/fr\\\/\",\"logo\":{\"@type\":\"ImageObject\",\"inLanguage\":\"fr-FR\",\"@id\":\"https:\\\/\\\/proxima2023.okoumea.com\\\/fr\\\/#\\\/schema\\\/logo\\\/image\\\/\",\"url\":\"https:\\\/\\\/guillermou-avocats.fr\\\/wp-content\\\/uploads\\\/2024\\\/08\\\/2Fichier-12ProximaLogox1.png\",\"contentUrl\":\"https:\\\/\\\/guillermou-avocats.fr\\\/wp-content\\\/uploads\\\/2024\\\/08\\\/2Fichier-12ProximaLogox1.png\",\"width\":836,\"height\":825,\"caption\":\"CABINET PROXIMA GUILLERMOU AVOCATS\"},\"image\":{\"@id\":\"https:\\\/\\\/proxima2023.okoumea.com\\\/fr\\\/#\\\/schema\\\/logo\\\/image\\\/\"},\"sameAs\":[\"https:\\\/\\\/www.facebook.com\\\/emericguillermou\\\/\",\"https:\\\/\\\/x.com\\\/eguillermou\",\"https:\\\/\\\/fr.linkedin.com\\\/in\\\/emeric-guillermou-6a4b9bb6\",\"https:\\\/\\\/www.youtube.com\\\/@emericguillermou9412\"]},{\"@type\":\"Person\",\"@id\":\"https:\\\/\\\/proxima2023.okoumea.com\\\/fr\\\/#\\\/schema\\\/person\\\/76485fc47f1ebece06bb555d9824cae0\",\"name\":\"Proxima\",\"image\":{\"@type\":\"ImageObject\",\"inLanguage\":\"fr-FR\",\"@id\":\"https:\\\/\\\/secure.gravatar.com\\\/avatar\\\/1a9a201a1fcd5f2ecbfa35b383607d569af4cffda10e358211dbcb32e8d758cc?s=96&d=mm&r=g\",\"url\":\"https:\\\/\\\/secure.gravatar.com\\\/avatar\\\/1a9a201a1fcd5f2ecbfa35b383607d569af4cffda10e358211dbcb32e8d758cc?s=96&d=mm&r=g\",\"contentUrl\":\"https:\\\/\\\/secure.gravatar.com\\\/avatar\\\/1a9a201a1fcd5f2ecbfa35b383607d569af4cffda10e358211dbcb32e8d758cc?s=96&d=mm&r=g\",\"caption\":\"Proxima\"},\"description\":\"Avocat Indemnisation de victimes Emeric GUILLERMOU\",\"url\":\"https:\\\/\\\/guillermou-avocats.fr\\\/fr\\\/author\\\/proxima\"}]}<\/script>\n<!-- \/ Yoast SEO Premium plugin. -->","yoast_head_json":{"title":"Garantie des accidents de la vie (GAV) : le fauteuil roulant et la proth\u00e8se ne sont pas des \u00ab frais m\u00e9dicaux et hospitaliers \u00bb exclus par la garantie - Avocat indemnisation de victimes","robots":{"index":"index","follow":"follow","max-snippet":"max-snippet:-1","max-image-preview":"max-image-preview:large","max-video-preview":"max-video-preview:-1"},"canonical":"https:\/\/proxima2023.okoumea.com\/fr\/jurisprudences\/garantie-des-accidents-de-la-vie-gav-le-fauteuil-roulant-et-la-prothese-ne-sont-pas-des-frais-medicaux-et-hospitaliers-exclus-par-la-garantie","og_locale":"fr_FR","og_type":"article","og_title":"Garantie des accidents de la vie (GAV) : le fauteuil roulant et la proth\u00e8se ne sont pas des \u00ab frais m\u00e9dicaux et hospitaliers \u00bb exclus par la garantie - Avocat indemnisation de victimes","og_description":"Les frais d\u2019appareillage et de fauteuil roulant ne sont pas des \u00ab\u00a0frais m\u00e9dicaux et hospitaliers\u00a0\u00bb exclus de la GAV\u00a0: ces frais de sant\u00e9 doivent \u00eatre indemnis\u00e9s. Accidents de la vie Le 21 septembre 2008, un homme est victime d\u2019un grave accident. Sa compagnie d\u2019assurance est condamn\u00e9e, au titre d\u2019un contrat de garantie des accidents de [&hellip;]","og_url":"https:\/\/proxima2023.okoumea.com\/fr\/jurisprudences\/garantie-des-accidents-de-la-vie-gav-le-fauteuil-roulant-et-la-prothese-ne-sont-pas-des-frais-medicaux-et-hospitaliers-exclus-par-la-garantie","og_site_name":"Avocat indemnisation de victimes","article_publisher":"https:\/\/www.facebook.com\/emericguillermou\/","article_published_time":"2018-12-11T15:05:12+00:00","author":"Proxima","twitter_card":"summary_large_image","twitter_creator":"@eguillermou","twitter_site":"@eguillermou","twitter_misc":{"\u00c9crit par":"Proxima","Dur\u00e9e de lecture estim\u00e9e":"2 minutes"},"schema":{"@context":"https:\/\/schema.org","@graph":[{"@type":"Article","@id":"https:\/\/proxima2023.okoumea.com\/fr\/jurisprudences\/garantie-des-accidents-de-la-vie-gav-le-fauteuil-roulant-et-la-prothese-ne-sont-pas-des-frais-medicaux-et-hospitaliers-exclus-par-la-garantie#article","isPartOf":{"@id":"https:\/\/proxima2023.okoumea.com\/fr\/jurisprudences\/garantie-des-accidents-de-la-vie-gav-le-fauteuil-roulant-et-la-prothese-ne-sont-pas-des-frais-medicaux-et-hospitaliers-exclus-par-la-garantie"},"author":{"name":"Proxima","@id":"https:\/\/proxima2023.okoumea.com\/fr\/#\/schema\/person\/76485fc47f1ebece06bb555d9824cae0"},"headline":"Garantie des accidents de la vie (GAV) : le fauteuil roulant et la proth\u00e8se ne sont pas des \u00ab frais m\u00e9dicaux et hospitaliers \u00bb exclus par la garantie","datePublished":"2018-12-11T15:05:12+00:00","mainEntityOfPage":{"@id":"https:\/\/proxima2023.okoumea.com\/fr\/jurisprudences\/garantie-des-accidents-de-la-vie-gav-le-fauteuil-roulant-et-la-prothese-ne-sont-pas-des-frais-medicaux-et-hospitaliers-exclus-par-la-garantie"},"wordCount":498,"commentCount":0,"publisher":{"@id":"https:\/\/proxima2023.okoumea.com\/fr\/#organization"},"articleSection":["Accidents de la vie","Dommage corporel","gav","Handicap","Indemnisation","Jurisprudences","Pr\u00e9judice","victime"],"inLanguage":"fr-FR","potentialAction":[{"@type":"CommentAction","name":"Comment","target":["https:\/\/proxima2023.okoumea.com\/fr\/jurisprudences\/garantie-des-accidents-de-la-vie-gav-le-fauteuil-roulant-et-la-prothese-ne-sont-pas-des-frais-medicaux-et-hospitaliers-exclus-par-la-garantie#respond"]}]},{"@type":"WebPage","@id":"https:\/\/proxima2023.okoumea.com\/fr\/jurisprudences\/garantie-des-accidents-de-la-vie-gav-le-fauteuil-roulant-et-la-prothese-ne-sont-pas-des-frais-medicaux-et-hospitaliers-exclus-par-la-garantie","url":"https:\/\/proxima2023.okoumea.com\/fr\/jurisprudences\/garantie-des-accidents-de-la-vie-gav-le-fauteuil-roulant-et-la-prothese-ne-sont-pas-des-frais-medicaux-et-hospitaliers-exclus-par-la-garantie","name":"Garantie des accidents de la vie (GAV) : le fauteuil roulant et la proth\u00e8se ne sont pas des \u00ab frais m\u00e9dicaux et hospitaliers \u00bb exclus par la garantie - Avocat indemnisation de victimes","isPartOf":{"@id":"https:\/\/proxima2023.okoumea.com\/fr\/#website"},"datePublished":"2018-12-11T15:05:12+00:00","inLanguage":"fr-FR","potentialAction":[{"@type":"ReadAction","target":["https:\/\/proxima2023.okoumea.com\/fr\/jurisprudences\/garantie-des-accidents-de-la-vie-gav-le-fauteuil-roulant-et-la-prothese-ne-sont-pas-des-frais-medicaux-et-hospitaliers-exclus-par-la-garantie"]}]},{"@type":"WebSite","@id":"https:\/\/proxima2023.okoumea.com\/fr\/#website","url":"https:\/\/proxima2023.okoumea.com\/fr\/","name":"Proxima - Avocats indemnisation de victimes","description":"Chaque jour est un nouveau cap \u00e0 franchir ensemble","publisher":{"@id":"https:\/\/proxima2023.okoumea.com\/fr\/#organization"},"potentialAction":[{"@type":"SearchAction","target":{"@type":"EntryPoint","urlTemplate":"https:\/\/proxima2023.okoumea.com\/fr\/?s={search_term_string}"},"query-input":{"@type":"PropertyValueSpecification","valueRequired":true,"valueName":"search_term_string"}}],"inLanguage":"fr-FR"},{"@type":"Organization","@id":"https:\/\/proxima2023.okoumea.com\/fr\/#organization","name":"CABINET PROXIMA GUILLERMOU AVOCATS","url":"https:\/\/proxima2023.okoumea.com\/fr\/","logo":{"@type":"ImageObject","inLanguage":"fr-FR","@id":"https:\/\/proxima2023.okoumea.com\/fr\/#\/schema\/logo\/image\/","url":"https:\/\/guillermou-avocats.fr\/wp-content\/uploads\/2024\/08\/2Fichier-12ProximaLogox1.png","contentUrl":"https:\/\/guillermou-avocats.fr\/wp-content\/uploads\/2024\/08\/2Fichier-12ProximaLogox1.png","width":836,"height":825,"caption":"CABINET PROXIMA GUILLERMOU AVOCATS"},"image":{"@id":"https:\/\/proxima2023.okoumea.com\/fr\/#\/schema\/logo\/image\/"},"sameAs":["https:\/\/www.facebook.com\/emericguillermou\/","https:\/\/x.com\/eguillermou","https:\/\/fr.linkedin.com\/in\/emeric-guillermou-6a4b9bb6","https:\/\/www.youtube.com\/@emericguillermou9412"]},{"@type":"Person","@id":"https:\/\/proxima2023.okoumea.com\/fr\/#\/schema\/person\/76485fc47f1ebece06bb555d9824cae0","name":"Proxima","image":{"@type":"ImageObject","inLanguage":"fr-FR","@id":"https:\/\/secure.gravatar.com\/avatar\/1a9a201a1fcd5f2ecbfa35b383607d569af4cffda10e358211dbcb32e8d758cc?s=96&d=mm&r=g","url":"https:\/\/secure.gravatar.com\/avatar\/1a9a201a1fcd5f2ecbfa35b383607d569af4cffda10e358211dbcb32e8d758cc?s=96&d=mm&r=g","contentUrl":"https:\/\/secure.gravatar.com\/avatar\/1a9a201a1fcd5f2ecbfa35b383607d569af4cffda10e358211dbcb32e8d758cc?s=96&d=mm&r=g","caption":"Proxima"},"description":"Avocat Indemnisation de victimes Emeric GUILLERMOU","url":"https:\/\/guillermou-avocats.fr\/fr\/author\/proxima"}]}},"_links":{"self":[{"href":"https:\/\/guillermou-avocats.fr\/fr\/wp-json\/wp\/v2\/posts\/5960","targetHints":{"allow":["GET"]}}],"collection":[{"href":"https:\/\/guillermou-avocats.fr\/fr\/wp-json\/wp\/v2\/posts"}],"about":[{"href":"https:\/\/guillermou-avocats.fr\/fr\/wp-json\/wp\/v2\/types\/post"}],"author":[{"embeddable":true,"href":"https:\/\/guillermou-avocats.fr\/fr\/wp-json\/wp\/v2\/users\/2"}],"replies":[{"embeddable":true,"href":"https:\/\/guillermou-avocats.fr\/fr\/wp-json\/wp\/v2\/comments?post=5960"}],"version-history":[{"count":8,"href":"https:\/\/guillermou-avocats.fr\/fr\/wp-json\/wp\/v2\/posts\/5960\/revisions"}],"predecessor-version":[{"id":5969,"href":"https:\/\/guillermou-avocats.fr\/fr\/wp-json\/wp\/v2\/posts\/5960\/revisions\/5969"}],"wp:attachment":[{"href":"https:\/\/guillermou-avocats.fr\/fr\/wp-json\/wp\/v2\/media?parent=5960"}],"wp:term":[{"taxonomy":"category","embeddable":true,"href":"https:\/\/guillermou-avocats.fr\/fr\/wp-json\/wp\/v2\/categories?post=5960"},{"taxonomy":"post_tag","embeddable":true,"href":"https:\/\/guillermou-avocats.fr\/fr\/wp-json\/wp\/v2\/tags?post=5960"}],"curies":[{"name":"wp","href":"https:\/\/api.w.org\/{rel}","templated":true}]}}