{"id":3851,"date":"2017-07-06T17:13:07","date_gmt":"2017-07-06T15:13:07","guid":{"rendered":"https:\/\/guillermou-avocats.fr\/portfolio-items\/la-perte-de-chance-deviter-le-dommage-constitue-un-prejudice-distinct-du-prejudice-moral-dimpreparation\/"},"modified":"2018-01-18T16:31:05","modified_gmt":"2018-01-18T15:31:05","slug":"id-134-la-perte-de-chance-d-eviter-le-dommage-constitue-un-prejudice-distinct-du-prejudice-moral-d-impreparation","status":"publish","type":"post","link":"https:\/\/guillermou-avocats.fr\/fr\/actualites\/id-134-la-perte-de-chance-d-eviter-le-dommage-constitue-un-prejudice-distinct-du-prejudice-moral-d-impreparation","title":{"rendered":"La perte de chance d\u2019\u00e9viter le dommage constitue un pr\u00e9judice distinct du pr\u00e9judice moral d\u2019impr\u00e9paration\u00a0"},"content":{"rendered":"<div class=\"fusion-fullwidth fullwidth-box nonhundred-percent-fullwidth non-hundred-percent-height-scrolling\"  style='background-color: rgba(255,255,255,0);background-position: center center;background-repeat: no-repeat;padding-top:0px;padding-right:0px;padding-bottom:0px;padding-left:0px;'><div class=\"fusion-builder-row fusion-row \"><div  class=\"fusion-layout-column fusion_builder_column fusion_builder_column_1_1  fusion-one-full fusion-column-first fusion-column-last bigFontSize 1_1\"  style='margin-top:0px;margin-bottom:0px;'>\n\t\t\t\t\t<div class=\"fusion-column-wrapper\" style=\"background-position:left top;background-repeat:no-repeat;-webkit-background-size:cover;-moz-background-size:cover;-o-background-size:cover;background-size:cover;\"  data-bg-url=\"\">\n\t\t\t\t\t\t<div class=\"fusion-text\"><p>La perte de chance d&rsquo;\u00e9viter le dommage est un pr\u00e9judice autonome du pr\u00e9judice moral d\u2019impr\u00e9paration qui doit \u00eatre indemnis\u00e9, m\u00eame si la patiente souffrait de maladies cong\u00e9nitales non diagnostiqu\u00e9es&#8230;<\/p>\n<p>2017-07-06<\/p>\n<h2>\u00a0<a href=\"http:\/\/guillermou-avocats.fr\/indemnisation-prejudice\/id-5-accident-medicaux-indemnisation\">Accident m\u00e9dical<\/a><\/h2>\n<p style=\"text-align: justify;\"><img loading=\"lazy\" decoding=\"async\" class=\"gauche\" style=\"float: left;\" src=\"upload\/varices.jpg\" alt=\"\" width=\"222\" height=\"295\" align=\"left\" \/>Le 5 janvier 2004, un m\u00e9decin g\u00e9n\u00e9raliste pratique un traitement par scl\u00e9roth\u00e9rapie (traitement cibl\u00e9 des varices par injections intraveineuses) sur une patiente \u00e2g\u00e9e de 45 ans car cette derni\u00e8re souffrait de varices depuis 1990.<\/p>\n<p style=\"text-align: justify;\">Le 6 janvier 2004, elle est victime d\u2019un accident vasculaire c\u00e9r\u00e9bral (AVC) dont elle conserve des s\u00e9quelles graves (invalidit\u00e9 \u00e0 80% et Incapacit\u00e9 Permanente Partielle de 65%). Elle ne peut plus exercer sa profession de chirurgien-dentiste.<\/p>\n<p style=\"text-align: justify;\">Apr\u00e8s deux expertises r\u00e9alis\u00e9es en 2006 et 2007 , \u00e0 la demande de la<a href=\"http:\/\/guillermou-avocats.fr\/lexique-juridique\/id-154-commission-de-conciliation-et-d-indemnisation-cci-\"> Commission R\u00e9gionale de Conciliation et d&rsquo;Indemnisation des accidents m\u00e9dicaux<\/a> et d\u2019un expert neurologue, un avis de la CRCI est rendu le 10 juillet 2007. Il \u00e9voque, \u00e0 l&rsquo;encontre du docteur, un d\u00e9faut d&rsquo;information tout en consid\u00e9rant qu&rsquo;il n&rsquo;est pas \u00e0 l&rsquo;origine d&rsquo;une perte de chance eu \u00e9gard au caract\u00e8re exceptionnel et impr\u00e9visible du risque qui n&rsquo;aurait pas fait renoncer <a href=\"http:\/\/guillermou-avocats.fr\/droits-victime\/\">la victime <\/a>aux soins r\u00e9alis\u00e9s ( la victime souffrait de 2 malformations\u00a0 cong\u00e9nitales non diagnostiqu\u00e9es).<\/p>\n<p style=\"text-align: justify;\">Suite \u00e0 cet avis, l&rsquo;Office National d\u2019Indemnisation des Accidents M\u00e9dicaux, des Affections Iatrog\u00e8nes et des Infections Nosocomiales (<a href=\"http:\/\/guillermou-avocats.fr\/lexique-juridique\/id-109-office-national-d-indemnisation-des-accidents-medicaux-des-affections-iatrogenes-et-des-infections-nosocomiales-oniam-\">ONIAM<\/a>) indemnise par protocoles la victime \u00e0 hauteur d&rsquo;un montant de 2 436 936.88 \u20ac.<\/p>\n<p style=\"text-align: justify;\">L\u2019ONIAM, subrog\u00e9e dans les droits de la victime en vertu de l\u2019article <a href=\"https:\/\/www.legifrance.gouv.fr\/affichCodeArticle.do?cidTexte=LEGITEXT000006072665&amp;idArticle=LEGIARTI000006686022&amp;dateTexte=&amp;categorieLien=cid\">L1142-17 du code de la sant\u00e9 publique\u00a0<\/a>, assigne le m\u00e9decin et son assureur afin d\u2019\u00eatre rembours\u00e9 de la somme vers\u00e9e.<\/p>\n<p style=\"text-align: justify;\">En 2014, le Tribunal de grande instance d\u00e9boute l\u2019ONIAM qui interjette appel de ce jugement.<\/p>\n<p style=\"text-align: justify;\">Par arr\u00eat du 25 mai 2016 n\u00b014\/02377, la Cour d\u2019appel de Riom d\u00e9boute \u00e0 nouveau l\u2019ONIAM de ces demandes :<\/p>\n<p style=\"text-align: justify;\"><em>\u00ab\u00a0pour rejeter les demandes de l\u2019ONIAM <strong>fond\u00e9es sur le d\u00e9faut d\u2019information<\/strong>, l\u2019arr\u00eat retient qu\u2019en l\u2019absence de caract\u00e8re d\u2019urgence du traitement par scl\u00e9roth\u00e9rapie, la perte de chance subie par Mme X&#8230; s\u2019analyse, \u00e0 la suite de la r\u00e9alisation du risque li\u00e9 \u00e0 la survenue d\u2019un accident vasculaire c\u00e9r\u00e9bral, <strong>en un pr\u00e9judice moral li\u00e9 au d\u00e9faut de pr\u00e9paration psychologique aux risques encourus et au ressentiment \u00e9prouv\u00e9 \u00e0 l\u2019id\u00e9e de ne pas avoir consenti \u00e0 une atteinte \u00e0 son int\u00e9grit\u00e9 corporelle<\/strong> et que ce pr\u00e9judice moral n\u2019a pas \u00e9t\u00e9 indemnis\u00e9 dans le cadre des protocoles d\u2019accord sign\u00e9s entre l\u2019ONIAM et Mme X&#8230; \u00ab\u00a0<\/em><\/p>\n<h3 style=\"text-align: justify;\">Perte de chance<\/h3>\n<p style=\"text-align: justify;\">Par arr\u00eat du <a href=\"https:\/\/www.legifrance.gouv.fr\/affichJuriJudi.do?idTexte=JURITEXT000035005493&amp;fastReqId=376883913&amp;fastPos=5&amp;oldAction=rechJuriJudi\">22 juin 2017 n\u00b016-21141<\/a>, La Haute juridiction casse la d\u00e9cision de la Cour d\u2019appel\u00a0:<\/p>\n<p style=\"text-align: justify;\"><em>\u00ab\u00a0Vu les articles L. 1111-2, L. 1142-1 et L. 1142-17 du code de la sant\u00e9 publique ;<\/em><\/p>\n<p style=\"text-align: justify;\"><em>(&#8230;)<\/em><\/p>\n<p style=\"text-align: justify;\"><em>Qu\u2019en statuant ainsi, alors que <strong>la perte de chance d\u2019\u00e9viter le dommage, cons\u00e9cutive \u00e0 la r\u00e9alisation d\u2019un risque dont le patient aurait d\u00fb \u00eatre inform\u00e9, constitue un pr\u00e9judice distinct du pr\u00e9judice moral r\u00e9sultant d\u2019un d\u00e9faut de pr\u00e9paration aux cons\u00e9quences de ce risque et consiste, d\u00e8s lors que son existence est retenue par les juges du fond, en une fraction des diff\u00e9rents chefs de pr\u00e9judice d\u00e9termin\u00e9e en mesurant la chance perdue<\/strong>, la cour d\u2019appel a viol\u00e9 les textes susvis\u00e9s ;<\/em><\/p>\n<p style=\"text-align: justify;\"><em>\u00a0PAR CES MOTIFS :<\/em><\/p>\n<p style=\"text-align: justify;\"><em>\u00a0CASSE ET ANNULE\u00a0\u00bb<\/em><\/p>\n<p style=\"text-align: justify;\"><strong>En vertu du principe de <a href=\"http:\/\/guillermou-avocats.fr\/indemnisation-prejudice\">la r\u00e9paration int\u00e9grale du pr\u00e9judice<\/a>, la victime doit \u00eatre indemnis\u00e9e de sa perte de chance d\u2019\u00e9viter le dommage cons\u00e9cutive \u00e0 la r\u00e9alisation d\u2019un risque\u00a0 dont elle aurait d\u00fb \u00eatre inform\u00e9e ainsi que du pr\u00e9judice moral r\u00e9sultant d\u2019un d\u00e9faut de pr\u00e9paration aux cons\u00e9quences de ce risque.<\/strong><\/p>\n<p style=\"text-align: justify;\">Image:\u00a0commons.wikimedia.org<\/p>\n<p style=\"text-align: justify;\">Auteur: Nini00<\/p>\n<\/div><div class=\"fusion-clearfix\"><\/div>\n\n\t\t\t\t\t<\/div>\n\t\t\t\t<\/div><\/div><\/div>\n","protected":false},"excerpt":{"rendered":"","protected":false},"author":2,"featured_media":0,"comment_status":"open","ping_status":"open","sticky":false,"template":"","format":"standard","meta":{"footnotes":""},"categories":[93],"tags":[],"class_list":["post-3851","post","type-post","status-publish","format-standard","hentry","category-actualites"],"yoast_head":"<!-- This site is optimized with the Yoast SEO Premium plugin v23.4 (Yoast SEO v27.4) - https:\/\/yoast.com\/product\/yoast-seo-premium-wordpress\/ -->\n<title>La perte de chance d\u2019\u00e9viter le dommage constitue un pr\u00e9judice distinct du pr\u00e9judice moral d\u2019impr\u00e9paration\u00a0 - Avocat indemnisation de victimes<\/title>\n<meta name=\"robots\" content=\"index, follow, max-snippet:-1, max-image-preview:large, max-video-preview:-1\" \/>\n<link rel=\"canonical\" href=\"https:\/\/proxima2023.okoumea.com\/fr\/actualites\/id-134-la-perte-de-chance-d-eviter-le-dommage-constitue-un-prejudice-distinct-du-prejudice-moral-d-impreparation\" \/>\n<meta property=\"og:locale\" content=\"fr_FR\" \/>\n<meta property=\"og:type\" content=\"article\" \/>\n<meta property=\"og:title\" content=\"La perte de chance d\u2019\u00e9viter le dommage constitue un pr\u00e9judice distinct du pr\u00e9judice moral d\u2019impr\u00e9paration\u00a0 - Avocat indemnisation de victimes\" \/>\n<meta property=\"og:url\" content=\"https:\/\/proxima2023.okoumea.com\/fr\/actualites\/id-134-la-perte-de-chance-d-eviter-le-dommage-constitue-un-prejudice-distinct-du-prejudice-moral-d-impreparation\" \/>\n<meta property=\"og:site_name\" content=\"Avocat indemnisation de victimes\" \/>\n<meta property=\"article:publisher\" content=\"https:\/\/www.facebook.com\/emericguillermou\/\" \/>\n<meta property=\"article:published_time\" content=\"2017-07-06T15:13:07+00:00\" \/>\n<meta property=\"article:modified_time\" content=\"2018-01-18T15:31:05+00:00\" \/>\n<meta name=\"author\" content=\"Proxima\" \/>\n<meta name=\"twitter:card\" content=\"summary_large_image\" \/>\n<meta name=\"twitter:creator\" content=\"@eguillermou\" \/>\n<meta name=\"twitter:site\" content=\"@eguillermou\" \/>\n<meta name=\"twitter:label1\" content=\"\u00c9crit par\" \/>\n\t<meta name=\"twitter:data1\" content=\"Proxima\" \/>\n\t<meta name=\"twitter:label2\" content=\"Dur\u00e9e de lecture estim\u00e9e\" \/>\n\t<meta name=\"twitter:data2\" content=\"4 minutes\" \/>\n<script type=\"application\/ld+json\" class=\"yoast-schema-graph\">{\"@context\":\"https:\\\/\\\/schema.org\",\"@graph\":[{\"@type\":\"Article\",\"@id\":\"https:\\\/\\\/proxima2023.okoumea.com\\\/fr\\\/actualites\\\/id-134-la-perte-de-chance-d-eviter-le-dommage-constitue-un-prejudice-distinct-du-prejudice-moral-d-impreparation#article\",\"isPartOf\":{\"@id\":\"https:\\\/\\\/proxima2023.okoumea.com\\\/fr\\\/actualites\\\/id-134-la-perte-de-chance-d-eviter-le-dommage-constitue-un-prejudice-distinct-du-prejudice-moral-d-impreparation\"},\"author\":{\"name\":\"Proxima\",\"@id\":\"https:\\\/\\\/proxima2023.okoumea.com\\\/fr\\\/#\\\/schema\\\/person\\\/76485fc47f1ebece06bb555d9824cae0\"},\"headline\":\"La perte de chance d\u2019\u00e9viter le dommage constitue un pr\u00e9judice distinct du pr\u00e9judice moral d\u2019impr\u00e9paration\u00a0\",\"datePublished\":\"2017-07-06T15:13:07+00:00\",\"dateModified\":\"2018-01-18T15:31:05+00:00\",\"mainEntityOfPage\":{\"@id\":\"https:\\\/\\\/proxima2023.okoumea.com\\\/fr\\\/actualites\\\/id-134-la-perte-de-chance-d-eviter-le-dommage-constitue-un-prejudice-distinct-du-prejudice-moral-d-impreparation\"},\"wordCount\":828,\"commentCount\":0,\"publisher\":{\"@id\":\"https:\\\/\\\/proxima2023.okoumea.com\\\/fr\\\/#organization\"},\"articleSection\":[\"actualit\u00e9s\"],\"inLanguage\":\"fr-FR\",\"potentialAction\":[{\"@type\":\"CommentAction\",\"name\":\"Comment\",\"target\":[\"https:\\\/\\\/proxima2023.okoumea.com\\\/fr\\\/actualites\\\/id-134-la-perte-de-chance-d-eviter-le-dommage-constitue-un-prejudice-distinct-du-prejudice-moral-d-impreparation#respond\"]}]},{\"@type\":\"WebPage\",\"@id\":\"https:\\\/\\\/proxima2023.okoumea.com\\\/fr\\\/actualites\\\/id-134-la-perte-de-chance-d-eviter-le-dommage-constitue-un-prejudice-distinct-du-prejudice-moral-d-impreparation\",\"url\":\"https:\\\/\\\/proxima2023.okoumea.com\\\/fr\\\/actualites\\\/id-134-la-perte-de-chance-d-eviter-le-dommage-constitue-un-prejudice-distinct-du-prejudice-moral-d-impreparation\",\"name\":\"La perte de chance d\u2019\u00e9viter le dommage constitue un pr\u00e9judice distinct du pr\u00e9judice moral d\u2019impr\u00e9paration\u00a0 - Avocat indemnisation de victimes\",\"isPartOf\":{\"@id\":\"https:\\\/\\\/proxima2023.okoumea.com\\\/fr\\\/#website\"},\"datePublished\":\"2017-07-06T15:13:07+00:00\",\"dateModified\":\"2018-01-18T15:31:05+00:00\",\"inLanguage\":\"fr-FR\",\"potentialAction\":[{\"@type\":\"ReadAction\",\"target\":[\"https:\\\/\\\/proxima2023.okoumea.com\\\/fr\\\/actualites\\\/id-134-la-perte-de-chance-d-eviter-le-dommage-constitue-un-prejudice-distinct-du-prejudice-moral-d-impreparation\"]}]},{\"@type\":\"WebSite\",\"@id\":\"https:\\\/\\\/proxima2023.okoumea.com\\\/fr\\\/#website\",\"url\":\"https:\\\/\\\/proxima2023.okoumea.com\\\/fr\\\/\",\"name\":\"Proxima - Avocats indemnisation de victimes\",\"description\":\"Chaque jour est un nouveau cap \u00e0 franchir ensemble\",\"publisher\":{\"@id\":\"https:\\\/\\\/proxima2023.okoumea.com\\\/fr\\\/#organization\"},\"potentialAction\":[{\"@type\":\"SearchAction\",\"target\":{\"@type\":\"EntryPoint\",\"urlTemplate\":\"https:\\\/\\\/proxima2023.okoumea.com\\\/fr\\\/?s={search_term_string}\"},\"query-input\":{\"@type\":\"PropertyValueSpecification\",\"valueRequired\":true,\"valueName\":\"search_term_string\"}}],\"inLanguage\":\"fr-FR\"},{\"@type\":\"Organization\",\"@id\":\"https:\\\/\\\/proxima2023.okoumea.com\\\/fr\\\/#organization\",\"name\":\"CABINET PROXIMA GUILLERMOU AVOCATS\",\"url\":\"https:\\\/\\\/proxima2023.okoumea.com\\\/fr\\\/\",\"logo\":{\"@type\":\"ImageObject\",\"inLanguage\":\"fr-FR\",\"@id\":\"https:\\\/\\\/proxima2023.okoumea.com\\\/fr\\\/#\\\/schema\\\/logo\\\/image\\\/\",\"url\":\"https:\\\/\\\/guillermou-avocats.fr\\\/wp-content\\\/uploads\\\/2024\\\/08\\\/2Fichier-12ProximaLogox1.png\",\"contentUrl\":\"https:\\\/\\\/guillermou-avocats.fr\\\/wp-content\\\/uploads\\\/2024\\\/08\\\/2Fichier-12ProximaLogox1.png\",\"width\":836,\"height\":825,\"caption\":\"CABINET PROXIMA GUILLERMOU AVOCATS\"},\"image\":{\"@id\":\"https:\\\/\\\/proxima2023.okoumea.com\\\/fr\\\/#\\\/schema\\\/logo\\\/image\\\/\"},\"sameAs\":[\"https:\\\/\\\/www.facebook.com\\\/emericguillermou\\\/\",\"https:\\\/\\\/x.com\\\/eguillermou\",\"https:\\\/\\\/fr.linkedin.com\\\/in\\\/emeric-guillermou-6a4b9bb6\",\"https:\\\/\\\/www.youtube.com\\\/@emericguillermou9412\"]},{\"@type\":\"Person\",\"@id\":\"https:\\\/\\\/proxima2023.okoumea.com\\\/fr\\\/#\\\/schema\\\/person\\\/76485fc47f1ebece06bb555d9824cae0\",\"name\":\"Proxima\",\"image\":{\"@type\":\"ImageObject\",\"inLanguage\":\"fr-FR\",\"@id\":\"https:\\\/\\\/secure.gravatar.com\\\/avatar\\\/1a9a201a1fcd5f2ecbfa35b383607d569af4cffda10e358211dbcb32e8d758cc?s=96&d=mm&r=g\",\"url\":\"https:\\\/\\\/secure.gravatar.com\\\/avatar\\\/1a9a201a1fcd5f2ecbfa35b383607d569af4cffda10e358211dbcb32e8d758cc?s=96&d=mm&r=g\",\"contentUrl\":\"https:\\\/\\\/secure.gravatar.com\\\/avatar\\\/1a9a201a1fcd5f2ecbfa35b383607d569af4cffda10e358211dbcb32e8d758cc?s=96&d=mm&r=g\",\"caption\":\"Proxima\"},\"description\":\"Avocat Indemnisation de victimes Emeric GUILLERMOU\",\"url\":\"https:\\\/\\\/guillermou-avocats.fr\\\/fr\\\/author\\\/proxima\"}]}<\/script>\n<!-- \/ Yoast SEO Premium plugin. -->","yoast_head_json":{"title":"La perte de chance d\u2019\u00e9viter le dommage constitue un pr\u00e9judice distinct du pr\u00e9judice moral d\u2019impr\u00e9paration\u00a0 - Avocat indemnisation de victimes","robots":{"index":"index","follow":"follow","max-snippet":"max-snippet:-1","max-image-preview":"max-image-preview:large","max-video-preview":"max-video-preview:-1"},"canonical":"https:\/\/proxima2023.okoumea.com\/fr\/actualites\/id-134-la-perte-de-chance-d-eviter-le-dommage-constitue-un-prejudice-distinct-du-prejudice-moral-d-impreparation","og_locale":"fr_FR","og_type":"article","og_title":"La perte de chance d\u2019\u00e9viter le dommage constitue un pr\u00e9judice distinct du pr\u00e9judice moral d\u2019impr\u00e9paration\u00a0 - Avocat indemnisation de victimes","og_url":"https:\/\/proxima2023.okoumea.com\/fr\/actualites\/id-134-la-perte-de-chance-d-eviter-le-dommage-constitue-un-prejudice-distinct-du-prejudice-moral-d-impreparation","og_site_name":"Avocat indemnisation de victimes","article_publisher":"https:\/\/www.facebook.com\/emericguillermou\/","article_published_time":"2017-07-06T15:13:07+00:00","article_modified_time":"2018-01-18T15:31:05+00:00","author":"Proxima","twitter_card":"summary_large_image","twitter_creator":"@eguillermou","twitter_site":"@eguillermou","twitter_misc":{"\u00c9crit par":"Proxima","Dur\u00e9e de lecture estim\u00e9e":"4 minutes"},"schema":{"@context":"https:\/\/schema.org","@graph":[{"@type":"Article","@id":"https:\/\/proxima2023.okoumea.com\/fr\/actualites\/id-134-la-perte-de-chance-d-eviter-le-dommage-constitue-un-prejudice-distinct-du-prejudice-moral-d-impreparation#article","isPartOf":{"@id":"https:\/\/proxima2023.okoumea.com\/fr\/actualites\/id-134-la-perte-de-chance-d-eviter-le-dommage-constitue-un-prejudice-distinct-du-prejudice-moral-d-impreparation"},"author":{"name":"Proxima","@id":"https:\/\/proxima2023.okoumea.com\/fr\/#\/schema\/person\/76485fc47f1ebece06bb555d9824cae0"},"headline":"La perte de chance d\u2019\u00e9viter le dommage constitue un pr\u00e9judice distinct du pr\u00e9judice moral d\u2019impr\u00e9paration\u00a0","datePublished":"2017-07-06T15:13:07+00:00","dateModified":"2018-01-18T15:31:05+00:00","mainEntityOfPage":{"@id":"https:\/\/proxima2023.okoumea.com\/fr\/actualites\/id-134-la-perte-de-chance-d-eviter-le-dommage-constitue-un-prejudice-distinct-du-prejudice-moral-d-impreparation"},"wordCount":828,"commentCount":0,"publisher":{"@id":"https:\/\/proxima2023.okoumea.com\/fr\/#organization"},"articleSection":["actualit\u00e9s"],"inLanguage":"fr-FR","potentialAction":[{"@type":"CommentAction","name":"Comment","target":["https:\/\/proxima2023.okoumea.com\/fr\/actualites\/id-134-la-perte-de-chance-d-eviter-le-dommage-constitue-un-prejudice-distinct-du-prejudice-moral-d-impreparation#respond"]}]},{"@type":"WebPage","@id":"https:\/\/proxima2023.okoumea.com\/fr\/actualites\/id-134-la-perte-de-chance-d-eviter-le-dommage-constitue-un-prejudice-distinct-du-prejudice-moral-d-impreparation","url":"https:\/\/proxima2023.okoumea.com\/fr\/actualites\/id-134-la-perte-de-chance-d-eviter-le-dommage-constitue-un-prejudice-distinct-du-prejudice-moral-d-impreparation","name":"La perte de chance d\u2019\u00e9viter le dommage constitue un pr\u00e9judice distinct du pr\u00e9judice moral d\u2019impr\u00e9paration\u00a0 - Avocat indemnisation de victimes","isPartOf":{"@id":"https:\/\/proxima2023.okoumea.com\/fr\/#website"},"datePublished":"2017-07-06T15:13:07+00:00","dateModified":"2018-01-18T15:31:05+00:00","inLanguage":"fr-FR","potentialAction":[{"@type":"ReadAction","target":["https:\/\/proxima2023.okoumea.com\/fr\/actualites\/id-134-la-perte-de-chance-d-eviter-le-dommage-constitue-un-prejudice-distinct-du-prejudice-moral-d-impreparation"]}]},{"@type":"WebSite","@id":"https:\/\/proxima2023.okoumea.com\/fr\/#website","url":"https:\/\/proxima2023.okoumea.com\/fr\/","name":"Proxima - Avocats indemnisation de victimes","description":"Chaque jour est un nouveau cap \u00e0 franchir ensemble","publisher":{"@id":"https:\/\/proxima2023.okoumea.com\/fr\/#organization"},"potentialAction":[{"@type":"SearchAction","target":{"@type":"EntryPoint","urlTemplate":"https:\/\/proxima2023.okoumea.com\/fr\/?s={search_term_string}"},"query-input":{"@type":"PropertyValueSpecification","valueRequired":true,"valueName":"search_term_string"}}],"inLanguage":"fr-FR"},{"@type":"Organization","@id":"https:\/\/proxima2023.okoumea.com\/fr\/#organization","name":"CABINET PROXIMA GUILLERMOU AVOCATS","url":"https:\/\/proxima2023.okoumea.com\/fr\/","logo":{"@type":"ImageObject","inLanguage":"fr-FR","@id":"https:\/\/proxima2023.okoumea.com\/fr\/#\/schema\/logo\/image\/","url":"https:\/\/guillermou-avocats.fr\/wp-content\/uploads\/2024\/08\/2Fichier-12ProximaLogox1.png","contentUrl":"https:\/\/guillermou-avocats.fr\/wp-content\/uploads\/2024\/08\/2Fichier-12ProximaLogox1.png","width":836,"height":825,"caption":"CABINET PROXIMA GUILLERMOU AVOCATS"},"image":{"@id":"https:\/\/proxima2023.okoumea.com\/fr\/#\/schema\/logo\/image\/"},"sameAs":["https:\/\/www.facebook.com\/emericguillermou\/","https:\/\/x.com\/eguillermou","https:\/\/fr.linkedin.com\/in\/emeric-guillermou-6a4b9bb6","https:\/\/www.youtube.com\/@emericguillermou9412"]},{"@type":"Person","@id":"https:\/\/proxima2023.okoumea.com\/fr\/#\/schema\/person\/76485fc47f1ebece06bb555d9824cae0","name":"Proxima","image":{"@type":"ImageObject","inLanguage":"fr-FR","@id":"https:\/\/secure.gravatar.com\/avatar\/1a9a201a1fcd5f2ecbfa35b383607d569af4cffda10e358211dbcb32e8d758cc?s=96&d=mm&r=g","url":"https:\/\/secure.gravatar.com\/avatar\/1a9a201a1fcd5f2ecbfa35b383607d569af4cffda10e358211dbcb32e8d758cc?s=96&d=mm&r=g","contentUrl":"https:\/\/secure.gravatar.com\/avatar\/1a9a201a1fcd5f2ecbfa35b383607d569af4cffda10e358211dbcb32e8d758cc?s=96&d=mm&r=g","caption":"Proxima"},"description":"Avocat Indemnisation de victimes Emeric GUILLERMOU","url":"https:\/\/guillermou-avocats.fr\/fr\/author\/proxima"}]}},"_links":{"self":[{"href":"https:\/\/guillermou-avocats.fr\/fr\/wp-json\/wp\/v2\/posts\/3851","targetHints":{"allow":["GET"]}}],"collection":[{"href":"https:\/\/guillermou-avocats.fr\/fr\/wp-json\/wp\/v2\/posts"}],"about":[{"href":"https:\/\/guillermou-avocats.fr\/fr\/wp-json\/wp\/v2\/types\/post"}],"author":[{"embeddable":true,"href":"https:\/\/guillermou-avocats.fr\/fr\/wp-json\/wp\/v2\/users\/2"}],"replies":[{"embeddable":true,"href":"https:\/\/guillermou-avocats.fr\/fr\/wp-json\/wp\/v2\/comments?post=3851"}],"version-history":[{"count":8,"href":"https:\/\/guillermou-avocats.fr\/fr\/wp-json\/wp\/v2\/posts\/3851\/revisions"}],"predecessor-version":[{"id":4427,"href":"https:\/\/guillermou-avocats.fr\/fr\/wp-json\/wp\/v2\/posts\/3851\/revisions\/4427"}],"wp:attachment":[{"href":"https:\/\/guillermou-avocats.fr\/fr\/wp-json\/wp\/v2\/media?parent=3851"}],"wp:term":[{"taxonomy":"category","embeddable":true,"href":"https:\/\/guillermou-avocats.fr\/fr\/wp-json\/wp\/v2\/categories?post=3851"},{"taxonomy":"post_tag","embeddable":true,"href":"https:\/\/guillermou-avocats.fr\/fr\/wp-json\/wp\/v2\/tags?post=3851"}],"curies":[{"name":"wp","href":"https:\/\/api.w.org\/{rel}","templated":true}]}}