{"id":3819,"date":"2016-05-12T17:13:02","date_gmt":"2016-05-12T15:13:02","guid":{"rendered":"https:\/\/guillermou-avocats.fr\/portfolio-items\/accident-de-side-car\/"},"modified":"2018-01-18T17:26:16","modified_gmt":"2018-01-18T16:26:16","slug":"id-101-accident-de-side-car","status":"publish","type":"post","link":"https:\/\/guillermou-avocats.fr\/fr\/actualites\/id-101-accident-de-side-car","title":{"rendered":"Accident de side-car"},"content":{"rendered":"<div class=\"fusion-fullwidth fullwidth-box nonhundred-percent-fullwidth non-hundred-percent-height-scrolling\"  style='background-color: rgba(255,255,255,0);background-position: center center;background-repeat: no-repeat;padding-top:0px;padding-right:0px;padding-bottom:0px;padding-left:0px;'><div class=\"fusion-builder-row fusion-row \"><div  class=\"fusion-layout-column fusion_builder_column fusion_builder_column_1_1  fusion-one-full fusion-column-first fusion-column-last bigFontSize 1_1\"  style='margin-top:0px;margin-bottom:0px;'>\n\t\t\t\t\t<div class=\"fusion-column-wrapper\" style=\"background-position:left top;background-repeat:no-repeat;-webkit-background-size:cover;-moz-background-size:cover;-o-background-size:cover;background-size:cover;\"  data-bg-url=\"\">\n\t\t\t\t\t\t<div class=\"fusion-text\"><h2>Accident\u00a0lors d&rsquo;une comp\u00e9tition sportive<\/h2>\n<p style=\"text-align: justify;\"><img loading=\"lazy\" decoding=\"async\" class=\"gauche\" style=\"float: left;\" src=\"upload\/sidecar.jpg\" alt=\"\" width=\"446\" height=\"297\" align=\"left\" \/>Le \u00ab\u00a0side-car\u00a0\u00bb est un terme anglo-saxon qui se traduit par \u00ab\u00a0voiture de c\u00f4t\u00e9\u00a0\u00bb. \u00a0Il d\u00e9signe une motocyclette \u00e0 laquelle un habitacle lat\u00e9ral muni d\u2019une roue est ajout\u00e9 et \u00a0qui permet d\u2019accueillir un\u00a0 ou plusieurs passagers.<\/p>\n<p style=\"text-align: justify;\">Le 13 mai 1999, lors d\u2019une comp\u00e9tition de side-car cross organis\u00e9e par une Union de motocyclistes, un v\u00e9hicule quitte la piste. L&rsquo;occupant de l&rsquo;habitacle\u00a0est gri\u00e8vement bless\u00e9. Il assigne en r\u00e9paration de son <a href=\"http:\/\/guillermou-avocats.fr\/indemnisation-prejudice\">pr\u00e9judice corporel<\/a> le conducteur du v\u00e9hicule, son assureur et l\u2019Union de motocyclistes.<\/p>\n<p style=\"text-align: justify;\">La Cour d\u2019appel de Paris, par arr\u00eat du 9 mars 2015, d\u00e9clare le conducteur enti\u00e8rement responsable du dommage caus\u00e9 \u00e0 la <a href=\"http:\/\/guillermou-avocats.fr\/droits-victime\/\">victime<\/a>.<\/p>\n<p style=\"text-align: justify;\">Le responsable, l\u2019assureur et l\u2019Union de motocyclistes se pourvoient en cassation.<\/p>\n<p style=\"text-align: justify;\">Ils contestent le fait que le conducteur ait \u00e9t\u00e9 condamn\u00e9 \u00e0 porter l\u2019enti\u00e8re responsabilit\u00e9 du dommage, en violation de l<a href=\"https:\/\/www.legifrance.gouv.fr\/affichCodeArticle.do?cidTexte=LEGITEXT000006070721&amp;idArticle=LEGIARTI000006438840\">\u2019article 1384 al. 1 du code civil<\/a>. Selon eux, cette responsabilit\u00e9 devait \u00eatre partag\u00e9e avec le \u00ab\u00a0singe\u00a0\u00bb (co\u00e9quipier victime, passager du side-car) qui dispose d&rsquo;un pouvoir d\u2019\u00e9quilibrage et de direction du v\u00e9hicule. Ils invoquent \u00e9galement l\u2019acceptation des risques de ce\u00a0comp\u00e9titeur comme cause exon\u00e9ratoire de la responsabilit\u00e9 de plein droit du gardien de la chose.<\/p>\n<p style=\"text-align: justify;\">La Cour de cassation, par arr\u00eat du <a href=\"https:\/\/www.legifrance.gouv.fr\/affichJuriJudi.do;jsessionid=C9AF725C4A64E07D80EAD9E7FFFD4583.tpdila17v_2?oldAction=rechJuriJudi&amp;idTexte=JURITEXT000032413909&amp;fastReqId=1285584387&amp;fastPos=7\">14 avril 2016 n\u00b015-17.732<\/a>, rejette les 2 moyens du pourvoi\u00a0:<\/p>\n<p style=\"text-align: justify;\"><em>\u00abMais attendu que la cour d&rsquo;appel a relev\u00e9, par motifs propres et adopt\u00e9s, qu&rsquo;un side-car cross n&rsquo;avait pas deux pilotes mais un pilote et un passager, appel\u00e9 \u00ab le singe \u00bb, qui formaient un \u00e9quipage ; que si l&rsquo;action, acrobatique, du passager avait pour objectif de corriger la trajectoire de l&rsquo;engin, notamment dans le franchissement des bosses et des virages, et de le r\u00e9\u00e9quilibrer afin de lui permettre d&rsquo;atteindre une vitesse et une trajectoire optimales, celle du pilote, d\u00e9terminante, consistait \u00e0 diriger la machine ce qui impliquait la ma\u00eetrise de la vitesse, du freinage et du braquage de la roue avant en fonction de la direction qu&rsquo;il choisissait ; que le pilote pouvait utiliser le v\u00e9hicule sans \u00eatre assist\u00e9 par le passager alors que l&rsquo;inverse \u00e9tait impossible ; que le pilote, dont le r\u00f4le \u00e9tait pr\u00e9pond\u00e9rant dans la conduite du side-car cross, et le passager ne disposaient pas de moyens identiques de direction et de contr\u00f4le de ce v\u00e9hicule ;<\/em><\/p>\n<p><em> Que de ces constatations et \u00e9nonciations, proc\u00e9dant de son appr\u00e9ciation souveraine des \u00e9l\u00e9ments de fait qui lui \u00e9taient soumis, la cour d&rsquo;appel a exactement d\u00e9duit que M. X&#8230; avait \u00e9t\u00e9 le seul gardien du side-car cross ;<\/em><\/p>\n<p><em> D&rsquo;o\u00f9 il suit que le moyen n&rsquo;est pas fond\u00e9 ; (\u2026)<\/em><\/p>\n<p style=\"text-align: justify;\"><em>\u00a0Mais attendu que la victime d&rsquo;un dommage caus\u00e9 par une chose peut invoquer la responsabilit\u00e9 r\u00e9sultant de l&rsquo;article 1384, alin\u00e9a 1er, du code civil, \u00e0 l&rsquo;encontre du gardien de la chose, instrument du dommage, sans que puisse lui \u00eatre oppos\u00e9e son acceptation des risques ; qu&rsquo;ayant retenu que le pilote du side-car cross en avait la garde de sorte que M. X&#8230;, en sa qualit\u00e9 de gardien, devait \u00eatre d\u00e9clar\u00e9 responsable des dommages subis par M. Y&#8230; son passager, la cour d&rsquo;appel a l\u00e9galement justifi\u00e9 sa d\u00e9cision ;\u00a0<\/em><\/p>\n<p><em> D&rsquo;o\u00f9 il suit que le moyen n&rsquo;est pas fond\u00e9 ;<\/em><\/p>\n<p><em> PAR CES MOTIFS :<\/em><\/p>\n<p><em> REJETTE le pourvoi ;\u00a0\u00bb<\/em><\/p>\n<h3 style=\"text-align: justify;\">Un seul pilote de side-car<\/h3>\n<p style=\"text-align: justify;\">La jurisprudence consid\u00e8re en g\u00e9n\u00e9ral que la garde est partag\u00e9e si les personnes disposent d\u2019un pouvoir identique sur la chose. Si une personne a un pouvoir de direction et de contr\u00f4le pr\u00e9pond\u00e9rant, alors il en est le gardien dont la responsabilit\u00e9 peut \u00eatre engag\u00e9e sur le fondement de l\u2019article 1384 al. 1 du code civil.<\/p>\n<p style=\"text-align: justify;\">Ainsi, la 2\u00e8me chambre civile de la Cour de cassation, par <a href=\"https:\/\/www.legifrance.gouv.fr\/affichJuriJudi.do?oldAction=rechJuriJudi&amp;idTexte=JURITEXT000007024464&amp;fastReqId=713740719&amp;fastPos=1\">arr\u00eat du\u00a0 9 mai 1990 n\u00b089-11.428<\/a>\u00a0avait jug\u00e9 le propri\u00e9taire \u00ab\u00a0skipper\u00a0\u00bb d\u2019un voilier, participant \u00e0 une r\u00e9gate, dont le naufrage n\u2019avait laiss\u00e9 aucun survivant, enti\u00e8rement responsable du dommage caus\u00e9 aux h\u00e9ritiers et ayants droits de l\u2019\u00e9quipage (contrairement \u00e0 la Cour d\u2019appel qui avait retenu la notion de co-gardiennage entre le skipper et\u00a0l&rsquo;\u00e9quipage afin de les\u00a0d\u00e9bouter de leur demande en indemnisation).<\/p>\n<p style=\"text-align: justify;\"><em>\u00ab\u00a0Qu&rsquo;en d\u00e9duisant d&rsquo;une activit\u00e9 coordonn\u00e9e et d&rsquo;ensemble que la garde du navire \u00e9tait commune \u00e0 tous les membres de l&rsquo;\u00e9quipage lors du naufrage, alors qu&rsquo;elle constatait que M. X&#8230;, marin particuli\u00e8rement qualifi\u00e9, \u00e9tait le \u00a0\u00bb skipper \u00a0\u00bb et le propri\u00e9taire de la chose instrument du dommage et qu&rsquo;elle relevait que le r\u00f4le de chacun des \u00e9quipiers au moment de l&rsquo;accident \u00e9tait rest\u00e9 totalement ignor\u00e9, la cour d&rsquo;appel n&rsquo;a pas donn\u00e9 de base l\u00e9gale \u00e0 sa d\u00e9cision\u00a0\u00bb<\/em><\/p>\n<p style=\"text-align: justify;\">L&rsquo;arr\u00eat du 14 avril 2016 statue en ce sens\u00a0sens: la Haute juridiction confirme la d\u00e9cision de la Cour d\u2019appel de Paris. Elle estime qu\u2019il n\u2019y a qu\u2019un seul pilote et gardien du side-car \u00e0 m\u00eame de le contr\u00f4ler et de le diriger, ce dernier \u00ab\u00a0<em>ayant seul la ma\u00eetrise de la vitesse, du freinage et du braquage de la roue, pouvant\u00a0utiliser le v\u00e9hicule sans \u00eatre assist\u00e9 par le passager alors que l\u2019inverse \u00e9tait\u00a0impossible<\/em>\u00a0\u00bb ; \u00a0le \u00ab\u00a0singe\u00a0\u00bb n\u2019est envisag\u00e9 que comme simple passager.<\/p>\n<p style=\"text-align: justify;\">Elle confirme \u00e9galement la tendance actuelle des juridictions \u00e0 \u00e9carter <a href=\"http:\/\/guillermou-avocats.fr\/lexique-juridique\/id-226-acceptation-des-risques-theorie-de-l-\">la th\u00e9orie de l\u2019acceptation des risques<\/a> qui permet de limiter\u00a0la responsabilit\u00e9 de l&rsquo;auteur du <a href=\"http:\/\/guillermou-avocats.fr\/dommage-corporel\">dommage corporel<\/a> en mati\u00e8re sportive, dans la continuit\u00e9 d\u2019arr\u00eats r\u00e9cents comme celui du 2 juillet 2015 n\u00b014-19.078 et du 21 mai 2015 n\u00b0 14-14.812.<\/p>\n<p style=\"text-align: justify;\"><a href=\"http:\/\/guillermou-avocats.fr\/actualites\/id-79-indemnisation-des-accidents-de-sport\">Pour approfondir, lire notre br\u00e8ve sur l\u2019indemnisation des accidents de sport<\/a><\/p>\n<\/div><div class=\"fusion-clearfix\"><\/div>\n\n\t\t\t\t\t<\/div>\n\t\t\t\t<\/div><\/div><\/div>\n","protected":false},"excerpt":{"rendered":"","protected":false},"author":2,"featured_media":0,"comment_status":"open","ping_status":"open","sticky":false,"template":"","format":"standard","meta":{"footnotes":""},"categories":[93],"tags":[],"class_list":["post-3819","post","type-post","status-publish","format-standard","hentry","category-actualites"],"yoast_head":"<!-- This site is optimized with the Yoast SEO Premium plugin v23.4 (Yoast SEO v27.4) - https:\/\/yoast.com\/product\/yoast-seo-premium-wordpress\/ -->\n<title>Accident de side-car - Avocat indemnisation de victimes<\/title>\n<meta name=\"robots\" content=\"index, follow, max-snippet:-1, max-image-preview:large, max-video-preview:-1\" \/>\n<link rel=\"canonical\" href=\"https:\/\/proxima2023.okoumea.com\/fr\/actualites\/id-101-accident-de-side-car\" \/>\n<meta property=\"og:locale\" content=\"fr_FR\" \/>\n<meta property=\"og:type\" content=\"article\" \/>\n<meta property=\"og:title\" content=\"Accident de side-car - Avocat indemnisation de victimes\" \/>\n<meta property=\"og:url\" content=\"https:\/\/proxima2023.okoumea.com\/fr\/actualites\/id-101-accident-de-side-car\" \/>\n<meta property=\"og:site_name\" content=\"Avocat indemnisation de victimes\" \/>\n<meta property=\"article:publisher\" content=\"https:\/\/www.facebook.com\/emericguillermou\/\" \/>\n<meta property=\"article:published_time\" content=\"2016-05-12T15:13:02+00:00\" \/>\n<meta property=\"article:modified_time\" content=\"2018-01-18T16:26:16+00:00\" \/>\n<meta name=\"author\" content=\"Proxima\" \/>\n<meta name=\"twitter:card\" content=\"summary_large_image\" \/>\n<meta name=\"twitter:creator\" content=\"@eguillermou\" \/>\n<meta name=\"twitter:site\" content=\"@eguillermou\" \/>\n<meta name=\"twitter:label1\" content=\"\u00c9crit par\" \/>\n\t<meta name=\"twitter:data1\" content=\"Proxima\" \/>\n\t<meta name=\"twitter:label2\" content=\"Dur\u00e9e de lecture estim\u00e9e\" \/>\n\t<meta name=\"twitter:data2\" content=\"5 minutes\" \/>\n<script type=\"application\/ld+json\" class=\"yoast-schema-graph\">{\"@context\":\"https:\\\/\\\/schema.org\",\"@graph\":[{\"@type\":\"Article\",\"@id\":\"https:\\\/\\\/proxima2023.okoumea.com\\\/fr\\\/actualites\\\/id-101-accident-de-side-car#article\",\"isPartOf\":{\"@id\":\"https:\\\/\\\/proxima2023.okoumea.com\\\/fr\\\/actualites\\\/id-101-accident-de-side-car\"},\"author\":{\"name\":\"Proxima\",\"@id\":\"https:\\\/\\\/proxima2023.okoumea.com\\\/fr\\\/#\\\/schema\\\/person\\\/76485fc47f1ebece06bb555d9824cae0\"},\"headline\":\"Accident de side-car\",\"datePublished\":\"2016-05-12T15:13:02+00:00\",\"dateModified\":\"2018-01-18T16:26:16+00:00\",\"mainEntityOfPage\":{\"@id\":\"https:\\\/\\\/proxima2023.okoumea.com\\\/fr\\\/actualites\\\/id-101-accident-de-side-car\"},\"wordCount\":1122,\"commentCount\":0,\"publisher\":{\"@id\":\"https:\\\/\\\/proxima2023.okoumea.com\\\/fr\\\/#organization\"},\"articleSection\":[\"actualit\u00e9s\"],\"inLanguage\":\"fr-FR\",\"potentialAction\":[{\"@type\":\"CommentAction\",\"name\":\"Comment\",\"target\":[\"https:\\\/\\\/proxima2023.okoumea.com\\\/fr\\\/actualites\\\/id-101-accident-de-side-car#respond\"]}]},{\"@type\":\"WebPage\",\"@id\":\"https:\\\/\\\/proxima2023.okoumea.com\\\/fr\\\/actualites\\\/id-101-accident-de-side-car\",\"url\":\"https:\\\/\\\/proxima2023.okoumea.com\\\/fr\\\/actualites\\\/id-101-accident-de-side-car\",\"name\":\"Accident de side-car - Avocat indemnisation de victimes\",\"isPartOf\":{\"@id\":\"https:\\\/\\\/proxima2023.okoumea.com\\\/fr\\\/#website\"},\"datePublished\":\"2016-05-12T15:13:02+00:00\",\"dateModified\":\"2018-01-18T16:26:16+00:00\",\"inLanguage\":\"fr-FR\",\"potentialAction\":[{\"@type\":\"ReadAction\",\"target\":[\"https:\\\/\\\/proxima2023.okoumea.com\\\/fr\\\/actualites\\\/id-101-accident-de-side-car\"]}]},{\"@type\":\"WebSite\",\"@id\":\"https:\\\/\\\/proxima2023.okoumea.com\\\/fr\\\/#website\",\"url\":\"https:\\\/\\\/proxima2023.okoumea.com\\\/fr\\\/\",\"name\":\"Proxima - Avocats indemnisation de victimes\",\"description\":\"Chaque jour est un nouveau cap \u00e0 franchir ensemble\",\"publisher\":{\"@id\":\"https:\\\/\\\/proxima2023.okoumea.com\\\/fr\\\/#organization\"},\"potentialAction\":[{\"@type\":\"SearchAction\",\"target\":{\"@type\":\"EntryPoint\",\"urlTemplate\":\"https:\\\/\\\/proxima2023.okoumea.com\\\/fr\\\/?s={search_term_string}\"},\"query-input\":{\"@type\":\"PropertyValueSpecification\",\"valueRequired\":true,\"valueName\":\"search_term_string\"}}],\"inLanguage\":\"fr-FR\"},{\"@type\":\"Organization\",\"@id\":\"https:\\\/\\\/proxima2023.okoumea.com\\\/fr\\\/#organization\",\"name\":\"CABINET PROXIMA GUILLERMOU AVOCATS\",\"url\":\"https:\\\/\\\/proxima2023.okoumea.com\\\/fr\\\/\",\"logo\":{\"@type\":\"ImageObject\",\"inLanguage\":\"fr-FR\",\"@id\":\"https:\\\/\\\/proxima2023.okoumea.com\\\/fr\\\/#\\\/schema\\\/logo\\\/image\\\/\",\"url\":\"https:\\\/\\\/guillermou-avocats.fr\\\/wp-content\\\/uploads\\\/2024\\\/08\\\/2Fichier-12ProximaLogox1.png\",\"contentUrl\":\"https:\\\/\\\/guillermou-avocats.fr\\\/wp-content\\\/uploads\\\/2024\\\/08\\\/2Fichier-12ProximaLogox1.png\",\"width\":836,\"height\":825,\"caption\":\"CABINET PROXIMA GUILLERMOU AVOCATS\"},\"image\":{\"@id\":\"https:\\\/\\\/proxima2023.okoumea.com\\\/fr\\\/#\\\/schema\\\/logo\\\/image\\\/\"},\"sameAs\":[\"https:\\\/\\\/www.facebook.com\\\/emericguillermou\\\/\",\"https:\\\/\\\/x.com\\\/eguillermou\",\"https:\\\/\\\/fr.linkedin.com\\\/in\\\/emeric-guillermou-6a4b9bb6\",\"https:\\\/\\\/www.youtube.com\\\/@emericguillermou9412\"]},{\"@type\":\"Person\",\"@id\":\"https:\\\/\\\/proxima2023.okoumea.com\\\/fr\\\/#\\\/schema\\\/person\\\/76485fc47f1ebece06bb555d9824cae0\",\"name\":\"Proxima\",\"image\":{\"@type\":\"ImageObject\",\"inLanguage\":\"fr-FR\",\"@id\":\"https:\\\/\\\/secure.gravatar.com\\\/avatar\\\/1a9a201a1fcd5f2ecbfa35b383607d569af4cffda10e358211dbcb32e8d758cc?s=96&d=mm&r=g\",\"url\":\"https:\\\/\\\/secure.gravatar.com\\\/avatar\\\/1a9a201a1fcd5f2ecbfa35b383607d569af4cffda10e358211dbcb32e8d758cc?s=96&d=mm&r=g\",\"contentUrl\":\"https:\\\/\\\/secure.gravatar.com\\\/avatar\\\/1a9a201a1fcd5f2ecbfa35b383607d569af4cffda10e358211dbcb32e8d758cc?s=96&d=mm&r=g\",\"caption\":\"Proxima\"},\"description\":\"Avocat Indemnisation de victimes Emeric GUILLERMOU\",\"url\":\"https:\\\/\\\/guillermou-avocats.fr\\\/fr\\\/author\\\/proxima\"}]}<\/script>\n<!-- \/ Yoast SEO Premium plugin. -->","yoast_head_json":{"title":"Accident de side-car - Avocat indemnisation de victimes","robots":{"index":"index","follow":"follow","max-snippet":"max-snippet:-1","max-image-preview":"max-image-preview:large","max-video-preview":"max-video-preview:-1"},"canonical":"https:\/\/proxima2023.okoumea.com\/fr\/actualites\/id-101-accident-de-side-car","og_locale":"fr_FR","og_type":"article","og_title":"Accident de side-car - Avocat indemnisation de victimes","og_url":"https:\/\/proxima2023.okoumea.com\/fr\/actualites\/id-101-accident-de-side-car","og_site_name":"Avocat indemnisation de victimes","article_publisher":"https:\/\/www.facebook.com\/emericguillermou\/","article_published_time":"2016-05-12T15:13:02+00:00","article_modified_time":"2018-01-18T16:26:16+00:00","author":"Proxima","twitter_card":"summary_large_image","twitter_creator":"@eguillermou","twitter_site":"@eguillermou","twitter_misc":{"\u00c9crit par":"Proxima","Dur\u00e9e de lecture estim\u00e9e":"5 minutes"},"schema":{"@context":"https:\/\/schema.org","@graph":[{"@type":"Article","@id":"https:\/\/proxima2023.okoumea.com\/fr\/actualites\/id-101-accident-de-side-car#article","isPartOf":{"@id":"https:\/\/proxima2023.okoumea.com\/fr\/actualites\/id-101-accident-de-side-car"},"author":{"name":"Proxima","@id":"https:\/\/proxima2023.okoumea.com\/fr\/#\/schema\/person\/76485fc47f1ebece06bb555d9824cae0"},"headline":"Accident de side-car","datePublished":"2016-05-12T15:13:02+00:00","dateModified":"2018-01-18T16:26:16+00:00","mainEntityOfPage":{"@id":"https:\/\/proxima2023.okoumea.com\/fr\/actualites\/id-101-accident-de-side-car"},"wordCount":1122,"commentCount":0,"publisher":{"@id":"https:\/\/proxima2023.okoumea.com\/fr\/#organization"},"articleSection":["actualit\u00e9s"],"inLanguage":"fr-FR","potentialAction":[{"@type":"CommentAction","name":"Comment","target":["https:\/\/proxima2023.okoumea.com\/fr\/actualites\/id-101-accident-de-side-car#respond"]}]},{"@type":"WebPage","@id":"https:\/\/proxima2023.okoumea.com\/fr\/actualites\/id-101-accident-de-side-car","url":"https:\/\/proxima2023.okoumea.com\/fr\/actualites\/id-101-accident-de-side-car","name":"Accident de side-car - Avocat indemnisation de victimes","isPartOf":{"@id":"https:\/\/proxima2023.okoumea.com\/fr\/#website"},"datePublished":"2016-05-12T15:13:02+00:00","dateModified":"2018-01-18T16:26:16+00:00","inLanguage":"fr-FR","potentialAction":[{"@type":"ReadAction","target":["https:\/\/proxima2023.okoumea.com\/fr\/actualites\/id-101-accident-de-side-car"]}]},{"@type":"WebSite","@id":"https:\/\/proxima2023.okoumea.com\/fr\/#website","url":"https:\/\/proxima2023.okoumea.com\/fr\/","name":"Proxima - Avocats indemnisation de victimes","description":"Chaque jour est un nouveau cap \u00e0 franchir ensemble","publisher":{"@id":"https:\/\/proxima2023.okoumea.com\/fr\/#organization"},"potentialAction":[{"@type":"SearchAction","target":{"@type":"EntryPoint","urlTemplate":"https:\/\/proxima2023.okoumea.com\/fr\/?s={search_term_string}"},"query-input":{"@type":"PropertyValueSpecification","valueRequired":true,"valueName":"search_term_string"}}],"inLanguage":"fr-FR"},{"@type":"Organization","@id":"https:\/\/proxima2023.okoumea.com\/fr\/#organization","name":"CABINET PROXIMA GUILLERMOU AVOCATS","url":"https:\/\/proxima2023.okoumea.com\/fr\/","logo":{"@type":"ImageObject","inLanguage":"fr-FR","@id":"https:\/\/proxima2023.okoumea.com\/fr\/#\/schema\/logo\/image\/","url":"https:\/\/guillermou-avocats.fr\/wp-content\/uploads\/2024\/08\/2Fichier-12ProximaLogox1.png","contentUrl":"https:\/\/guillermou-avocats.fr\/wp-content\/uploads\/2024\/08\/2Fichier-12ProximaLogox1.png","width":836,"height":825,"caption":"CABINET PROXIMA GUILLERMOU AVOCATS"},"image":{"@id":"https:\/\/proxima2023.okoumea.com\/fr\/#\/schema\/logo\/image\/"},"sameAs":["https:\/\/www.facebook.com\/emericguillermou\/","https:\/\/x.com\/eguillermou","https:\/\/fr.linkedin.com\/in\/emeric-guillermou-6a4b9bb6","https:\/\/www.youtube.com\/@emericguillermou9412"]},{"@type":"Person","@id":"https:\/\/proxima2023.okoumea.com\/fr\/#\/schema\/person\/76485fc47f1ebece06bb555d9824cae0","name":"Proxima","image":{"@type":"ImageObject","inLanguage":"fr-FR","@id":"https:\/\/secure.gravatar.com\/avatar\/1a9a201a1fcd5f2ecbfa35b383607d569af4cffda10e358211dbcb32e8d758cc?s=96&d=mm&r=g","url":"https:\/\/secure.gravatar.com\/avatar\/1a9a201a1fcd5f2ecbfa35b383607d569af4cffda10e358211dbcb32e8d758cc?s=96&d=mm&r=g","contentUrl":"https:\/\/secure.gravatar.com\/avatar\/1a9a201a1fcd5f2ecbfa35b383607d569af4cffda10e358211dbcb32e8d758cc?s=96&d=mm&r=g","caption":"Proxima"},"description":"Avocat Indemnisation de victimes Emeric GUILLERMOU","url":"https:\/\/guillermou-avocats.fr\/fr\/author\/proxima"}]}},"_links":{"self":[{"href":"https:\/\/guillermou-avocats.fr\/fr\/wp-json\/wp\/v2\/posts\/3819","targetHints":{"allow":["GET"]}}],"collection":[{"href":"https:\/\/guillermou-avocats.fr\/fr\/wp-json\/wp\/v2\/posts"}],"about":[{"href":"https:\/\/guillermou-avocats.fr\/fr\/wp-json\/wp\/v2\/types\/post"}],"author":[{"embeddable":true,"href":"https:\/\/guillermou-avocats.fr\/fr\/wp-json\/wp\/v2\/users\/2"}],"replies":[{"embeddable":true,"href":"https:\/\/guillermou-avocats.fr\/fr\/wp-json\/wp\/v2\/comments?post=3819"}],"version-history":[{"count":3,"href":"https:\/\/guillermou-avocats.fr\/fr\/wp-json\/wp\/v2\/posts\/3819\/revisions"}],"predecessor-version":[{"id":4512,"href":"https:\/\/guillermou-avocats.fr\/fr\/wp-json\/wp\/v2\/posts\/3819\/revisions\/4512"}],"wp:attachment":[{"href":"https:\/\/guillermou-avocats.fr\/fr\/wp-json\/wp\/v2\/media?parent=3819"}],"wp:term":[{"taxonomy":"category","embeddable":true,"href":"https:\/\/guillermou-avocats.fr\/fr\/wp-json\/wp\/v2\/categories?post=3819"},{"taxonomy":"post_tag","embeddable":true,"href":"https:\/\/guillermou-avocats.fr\/fr\/wp-json\/wp\/v2\/tags?post=3819"}],"curies":[{"name":"wp","href":"https:\/\/api.w.org\/{rel}","templated":true}]}}