{"id":3816,"date":"2016-04-07T17:12:59","date_gmt":"2016-04-07T15:12:59","guid":{"rendered":"https:\/\/guillermou-avocats.fr\/portfolio-items\/prejudice-economique-de-la-victime-par-ricochet\/"},"modified":"2020-09-11T10:29:03","modified_gmt":"2020-09-11T08:29:03","slug":"id-98-prejudice-economique-de-la-victime-par-ricochet","status":"publish","type":"post","link":"https:\/\/guillermou-avocats.fr\/fr\/actualites\/id-98-prejudice-economique-de-la-victime-par-ricochet","title":{"rendered":"Pr\u00e9judice \u00e9conomique de la victime par ricochet"},"content":{"rendered":"<div class=\"fusion-fullwidth fullwidth-box nonhundred-percent-fullwidth non-hundred-percent-height-scrolling\"  style='background-color: rgba(255,255,255,0);background-position: center center;background-repeat: no-repeat;padding-top:0px;padding-right:0px;padding-bottom:0px;padding-left:0px;'><div class=\"fusion-builder-row fusion-row \"><div  class=\"fusion-layout-column fusion_builder_column fusion_builder_column_1_1  fusion-one-full fusion-column-first fusion-column-last bigFontSize 1_1\"  style='margin-top:0px;margin-bottom:0px;'>\n\t\t\t\t\t<div class=\"fusion-column-wrapper\" style=\"padding: 0px 0px 0px 0px;background-position:left top;background-repeat:no-repeat;-webkit-background-size:cover;-moz-background-size:cover;-o-background-size:cover;background-size:cover;\"  data-bg-url=\"\">\n\t\t\t\t\t\t<div class=\"fusion-text\"><h2 style=\"text-align: justify;\">Pr\u00e9judice \u00e9conomique de la veuve<\/h2>\n<p style=\"text-align: justify;\">Le 26 d\u00e9cembre 2002, le conducteur d\u2019un v\u00e9hicule \u00e2g\u00e9 de 53 ans, d\u00e9c\u00e8de apr\u00e8s avoir percut\u00e9 un cheval\u00a0\u00ab\u00a0divaguant sur la chauss\u00e9e\u00a0\u00bb. Son \u00e9pouse assigne la propri\u00e9taire du cheval et sa compagnie d\u2019assurance\u00a0 en indemnisation de ses pr\u00e9judices.<\/p>\n<p>Par arr\u00eat du <a href=\"upload\/Actualites\/Publications\/Cour_dappel_Caen_Chambre_civile_1_6_Janv.DOC\">6 janvier 2015 n\u00b0 13\/01767<\/a> (rendu sur renvoi apr\u00e8s cassation du<a href=\"upload\/Actualites\/Publications\/Cour_de_cassation_civile_Chambre_civile_2_28_mars_2013_12-14.465_Inedit.rtf\"> 28 mars 2013 n\u00b012-14465<\/a>) la Cour d\u2019appel de Caen limite le pr\u00e9judice \u00e9conomique de la <a href=\"http:\/\/guillermou-avocats.fr\/lexique-juridique\/id-227-victime-par-ricochet-ou-victime-indirecte-\">victime par ricochet<\/a> (l\u2019\u00e9pouse) \u00e0 la somme de 111\u00a0768, 49\u20ac et la condamne \u00e0 restituer un trop per\u00e7u de 221\u00a0142\u00a0,25 \u20ac au responsable du dommage et \u00e0 son assureur.<\/p>\n<p style=\"text-align: justify;\">Elle \u00e9nonce\u00a0:\u00ab\u00a0qu\u2019en l\u2019absence d\u2019\u00e9l\u00e9ments permettant de d\u00e9terminer le pr\u00e9judice \u00e9conomique subi par le foyer une fois que Marc X&#8230; aurait fait valoir ses droits \u00e0 pension de retraite, le calcul du pr\u00e9judice \u00e9conomique sera limit\u00e9 au 26 janvier 2014, soit au 65e anniversaire de la victime, cette date \u00e9tant retenue comme la date \u00e0 laquelle il aurait fait valoir ses droits \u00e0 la retraite\u00a0\u00bb.<\/p>\n<p style=\"text-align: justify;\">Par arr\u00eat du <a href=\"https:\/\/www.legifrance.gouv.fr\/affichJuriJudi.do?oldAction=rechJuriJudi&amp;idTexte=JURITEXT000032314265&amp;fastReqId=316922605&amp;fastPos=1\">24 mars 2016 n\u00b015-15349<\/a>, la 2\u00e8me chambre civile de la Cour de cassation casse et annule cette d\u00e9cision \u00ab\u00a0en refusant d\u2019\u00e9valuer post\u00e9rieurement \u00e0 la date \u00e0 laquelle elle fixait le d\u00e9part en retraite de la victime le pr\u00e9judice \u00e9conomique de Mme X&#8230; dont elle constatait pourtant l\u2019existence, la cour d\u2019appel a viol\u00e9 le principe susvis\u00e9\u00a0\u00bb.<\/p>\n<p style=\"text-align: justify;\">Le pr\u00e9judice \u00e9conomique des victimes par ricochet correspond \u00e0 une perte de revenus pr\u00e9sents et futurs, il est \u00e9valu\u00e9 par les juges du fond au cas par cas.<\/p>\n<p style=\"text-align: justify;\">Pour respecter le <a href=\"http:\/\/guillermou-avocats.fr\/indemnisation-prejudice\">principe de la r\u00e9paration int\u00e9grale<\/a> des victimes de dommages corporels, un calcul bas\u00e9 sur les revenus du d\u00e9funt et sa part d\u2019autoconsommation dans le foyer est effectu\u00e9 pour d\u00e9terminer la perte r\u00e9elle des revenus des victimes par ricochet. Selon la<a href=\"http:\/\/guillermou-avocats.fr\/lexique-juridique\/id-103-nomenclature-dite-dintilhac-\"> Nomenclature dite\u00a0\u00ab\u00a0Dintilhac\u00a0\u00bb<\/a> la perte de revenu des proches est calcul\u00e9e en se r\u00e9f\u00e9rant au:\u00a0\u00ab revenu annuel du foyer avant le dommage ayant entra\u00een\u00e9 le d\u00e9c\u00e8s de la victime directe en tenant compte de la part d\u2019autoconsommation de celle-ci et du salaire qui continue \u00e0 \u00eatre per\u00e7u par son conjoint (ou concubin) survivant \u00bb. Il existe plusieurs m\u00e9thodes de calcul.<\/p>\n<h3 style=\"text-align: justify;\">D\u00e9part \u00e0 la\u00a0retraite<\/h3>\n<p style=\"text-align: justify;\">En principe, l\u2019\u00e9valuation du pr\u00e9judice \u00e9conomique futur tient compte du reste de la vie active et de la retraite de la victime par ricochet, calcul\u00e9 via une table de mortalit\u00e9. Il faut alors, pour effectuer le juste calcul de la r\u00e9paration int\u00e9grale de l\u2019\u00e9pouse, prendre en compte la part fictive de contribution \u00e0 l\u2019entretien du foyer et d\u2019autoconsommation du d\u00e9funt durant toute cette p\u00e9riode qui aurait inclus celle de la retraite de l\u2019\u00e9poux.<\/p>\n<p style=\"text-align: justify;\">En l\u2019esp\u00e8ce, la Cour d\u2019appel avait \u00e9valu\u00e9 le pr\u00e9judice \u00e9conomique de la victime jusqu\u2019\u00e0 la date suppos\u00e9e de sa mise en retraite. La Cour de cassation estime que le pr\u00e9judice \u00e9conomique doit \u00eatre \u00e9valu\u00e9 au-del\u00e0 de cette date.<\/p>\n<\/div><div class=\"fusion-clearfix\"><\/div>\n\n\t\t\t\t\t<\/div>\n\t\t\t\t<\/div><\/div><\/div>\n","protected":false},"excerpt":{"rendered":"","protected":false},"author":2,"featured_media":0,"comment_status":"open","ping_status":"open","sticky":false,"template":"","format":"standard","meta":{"footnotes":""},"categories":[93],"tags":[],"class_list":["post-3816","post","type-post","status-publish","format-standard","hentry","category-actualites"],"yoast_head":"<!-- This site is optimized with the Yoast SEO Premium plugin v23.4 (Yoast SEO v27.4) - https:\/\/yoast.com\/product\/yoast-seo-premium-wordpress\/ -->\n<title>Pr\u00e9judice \u00e9conomique de la victime par ricochet - Avocat indemnisation de victimes<\/title>\n<meta name=\"robots\" content=\"index, follow, max-snippet:-1, max-image-preview:large, max-video-preview:-1\" \/>\n<link rel=\"canonical\" href=\"https:\/\/proxima2023.okoumea.com\/fr\/actualites\/id-98-prejudice-economique-de-la-victime-par-ricochet\" \/>\n<meta property=\"og:locale\" content=\"fr_FR\" \/>\n<meta property=\"og:type\" content=\"article\" \/>\n<meta property=\"og:title\" content=\"Pr\u00e9judice \u00e9conomique de la victime par ricochet - Avocat indemnisation de victimes\" \/>\n<meta property=\"og:url\" content=\"https:\/\/proxima2023.okoumea.com\/fr\/actualites\/id-98-prejudice-economique-de-la-victime-par-ricochet\" \/>\n<meta property=\"og:site_name\" content=\"Avocat indemnisation de victimes\" \/>\n<meta property=\"article:publisher\" content=\"https:\/\/www.facebook.com\/emericguillermou\/\" \/>\n<meta property=\"article:published_time\" content=\"2016-04-07T15:12:59+00:00\" \/>\n<meta property=\"article:modified_time\" content=\"2020-09-11T08:29:03+00:00\" \/>\n<meta name=\"author\" content=\"Proxima\" \/>\n<meta name=\"twitter:card\" content=\"summary_large_image\" \/>\n<meta name=\"twitter:creator\" content=\"@eguillermou\" \/>\n<meta name=\"twitter:site\" content=\"@eguillermou\" \/>\n<meta name=\"twitter:label1\" content=\"\u00c9crit par\" \/>\n\t<meta name=\"twitter:data1\" content=\"Proxima\" \/>\n\t<meta name=\"twitter:label2\" content=\"Dur\u00e9e de lecture estim\u00e9e\" \/>\n\t<meta name=\"twitter:data2\" content=\"3 minutes\" \/>\n<script type=\"application\/ld+json\" class=\"yoast-schema-graph\">{\"@context\":\"https:\\\/\\\/schema.org\",\"@graph\":[{\"@type\":\"Article\",\"@id\":\"https:\\\/\\\/proxima2023.okoumea.com\\\/fr\\\/actualites\\\/id-98-prejudice-economique-de-la-victime-par-ricochet#article\",\"isPartOf\":{\"@id\":\"https:\\\/\\\/proxima2023.okoumea.com\\\/fr\\\/actualites\\\/id-98-prejudice-economique-de-la-victime-par-ricochet\"},\"author\":{\"name\":\"Proxima\",\"@id\":\"https:\\\/\\\/proxima2023.okoumea.com\\\/fr\\\/#\\\/schema\\\/person\\\/76485fc47f1ebece06bb555d9824cae0\"},\"headline\":\"Pr\u00e9judice \u00e9conomique de la victime par ricochet\",\"datePublished\":\"2016-04-07T15:12:59+00:00\",\"dateModified\":\"2020-09-11T08:29:03+00:00\",\"mainEntityOfPage\":{\"@id\":\"https:\\\/\\\/proxima2023.okoumea.com\\\/fr\\\/actualites\\\/id-98-prejudice-economique-de-la-victime-par-ricochet\"},\"wordCount\":701,\"commentCount\":0,\"publisher\":{\"@id\":\"https:\\\/\\\/proxima2023.okoumea.com\\\/fr\\\/#organization\"},\"articleSection\":[\"actualit\u00e9s\"],\"inLanguage\":\"fr-FR\",\"potentialAction\":[{\"@type\":\"CommentAction\",\"name\":\"Comment\",\"target\":[\"https:\\\/\\\/proxima2023.okoumea.com\\\/fr\\\/actualites\\\/id-98-prejudice-economique-de-la-victime-par-ricochet#respond\"]}]},{\"@type\":\"WebPage\",\"@id\":\"https:\\\/\\\/proxima2023.okoumea.com\\\/fr\\\/actualites\\\/id-98-prejudice-economique-de-la-victime-par-ricochet\",\"url\":\"https:\\\/\\\/proxima2023.okoumea.com\\\/fr\\\/actualites\\\/id-98-prejudice-economique-de-la-victime-par-ricochet\",\"name\":\"Pr\u00e9judice \u00e9conomique de la victime par ricochet - Avocat indemnisation de victimes\",\"isPartOf\":{\"@id\":\"https:\\\/\\\/proxima2023.okoumea.com\\\/fr\\\/#website\"},\"datePublished\":\"2016-04-07T15:12:59+00:00\",\"dateModified\":\"2020-09-11T08:29:03+00:00\",\"inLanguage\":\"fr-FR\",\"potentialAction\":[{\"@type\":\"ReadAction\",\"target\":[\"https:\\\/\\\/proxima2023.okoumea.com\\\/fr\\\/actualites\\\/id-98-prejudice-economique-de-la-victime-par-ricochet\"]}]},{\"@type\":\"WebSite\",\"@id\":\"https:\\\/\\\/proxima2023.okoumea.com\\\/fr\\\/#website\",\"url\":\"https:\\\/\\\/proxima2023.okoumea.com\\\/fr\\\/\",\"name\":\"Proxima - Avocats indemnisation de victimes\",\"description\":\"Chaque jour est un nouveau cap \u00e0 franchir ensemble\",\"publisher\":{\"@id\":\"https:\\\/\\\/proxima2023.okoumea.com\\\/fr\\\/#organization\"},\"potentialAction\":[{\"@type\":\"SearchAction\",\"target\":{\"@type\":\"EntryPoint\",\"urlTemplate\":\"https:\\\/\\\/proxima2023.okoumea.com\\\/fr\\\/?s={search_term_string}\"},\"query-input\":{\"@type\":\"PropertyValueSpecification\",\"valueRequired\":true,\"valueName\":\"search_term_string\"}}],\"inLanguage\":\"fr-FR\"},{\"@type\":\"Organization\",\"@id\":\"https:\\\/\\\/proxima2023.okoumea.com\\\/fr\\\/#organization\",\"name\":\"CABINET PROXIMA GUILLERMOU AVOCATS\",\"url\":\"https:\\\/\\\/proxima2023.okoumea.com\\\/fr\\\/\",\"logo\":{\"@type\":\"ImageObject\",\"inLanguage\":\"fr-FR\",\"@id\":\"https:\\\/\\\/proxima2023.okoumea.com\\\/fr\\\/#\\\/schema\\\/logo\\\/image\\\/\",\"url\":\"https:\\\/\\\/guillermou-avocats.fr\\\/wp-content\\\/uploads\\\/2024\\\/08\\\/2Fichier-12ProximaLogox1.png\",\"contentUrl\":\"https:\\\/\\\/guillermou-avocats.fr\\\/wp-content\\\/uploads\\\/2024\\\/08\\\/2Fichier-12ProximaLogox1.png\",\"width\":836,\"height\":825,\"caption\":\"CABINET PROXIMA GUILLERMOU AVOCATS\"},\"image\":{\"@id\":\"https:\\\/\\\/proxima2023.okoumea.com\\\/fr\\\/#\\\/schema\\\/logo\\\/image\\\/\"},\"sameAs\":[\"https:\\\/\\\/www.facebook.com\\\/emericguillermou\\\/\",\"https:\\\/\\\/x.com\\\/eguillermou\",\"https:\\\/\\\/fr.linkedin.com\\\/in\\\/emeric-guillermou-6a4b9bb6\",\"https:\\\/\\\/www.youtube.com\\\/@emericguillermou9412\"]},{\"@type\":\"Person\",\"@id\":\"https:\\\/\\\/proxima2023.okoumea.com\\\/fr\\\/#\\\/schema\\\/person\\\/76485fc47f1ebece06bb555d9824cae0\",\"name\":\"Proxima\",\"image\":{\"@type\":\"ImageObject\",\"inLanguage\":\"fr-FR\",\"@id\":\"https:\\\/\\\/secure.gravatar.com\\\/avatar\\\/1a9a201a1fcd5f2ecbfa35b383607d569af4cffda10e358211dbcb32e8d758cc?s=96&d=mm&r=g\",\"url\":\"https:\\\/\\\/secure.gravatar.com\\\/avatar\\\/1a9a201a1fcd5f2ecbfa35b383607d569af4cffda10e358211dbcb32e8d758cc?s=96&d=mm&r=g\",\"contentUrl\":\"https:\\\/\\\/secure.gravatar.com\\\/avatar\\\/1a9a201a1fcd5f2ecbfa35b383607d569af4cffda10e358211dbcb32e8d758cc?s=96&d=mm&r=g\",\"caption\":\"Proxima\"},\"description\":\"Avocat Indemnisation de victimes Emeric GUILLERMOU\",\"url\":\"https:\\\/\\\/guillermou-avocats.fr\\\/fr\\\/author\\\/proxima\"}]}<\/script>\n<!-- \/ Yoast SEO Premium plugin. -->","yoast_head_json":{"title":"Pr\u00e9judice \u00e9conomique de la victime par ricochet - Avocat indemnisation de victimes","robots":{"index":"index","follow":"follow","max-snippet":"max-snippet:-1","max-image-preview":"max-image-preview:large","max-video-preview":"max-video-preview:-1"},"canonical":"https:\/\/proxima2023.okoumea.com\/fr\/actualites\/id-98-prejudice-economique-de-la-victime-par-ricochet","og_locale":"fr_FR","og_type":"article","og_title":"Pr\u00e9judice \u00e9conomique de la victime par ricochet - Avocat indemnisation de victimes","og_url":"https:\/\/proxima2023.okoumea.com\/fr\/actualites\/id-98-prejudice-economique-de-la-victime-par-ricochet","og_site_name":"Avocat indemnisation de victimes","article_publisher":"https:\/\/www.facebook.com\/emericguillermou\/","article_published_time":"2016-04-07T15:12:59+00:00","article_modified_time":"2020-09-11T08:29:03+00:00","author":"Proxima","twitter_card":"summary_large_image","twitter_creator":"@eguillermou","twitter_site":"@eguillermou","twitter_misc":{"\u00c9crit par":"Proxima","Dur\u00e9e de lecture estim\u00e9e":"3 minutes"},"schema":{"@context":"https:\/\/schema.org","@graph":[{"@type":"Article","@id":"https:\/\/proxima2023.okoumea.com\/fr\/actualites\/id-98-prejudice-economique-de-la-victime-par-ricochet#article","isPartOf":{"@id":"https:\/\/proxima2023.okoumea.com\/fr\/actualites\/id-98-prejudice-economique-de-la-victime-par-ricochet"},"author":{"name":"Proxima","@id":"https:\/\/proxima2023.okoumea.com\/fr\/#\/schema\/person\/76485fc47f1ebece06bb555d9824cae0"},"headline":"Pr\u00e9judice \u00e9conomique de la victime par ricochet","datePublished":"2016-04-07T15:12:59+00:00","dateModified":"2020-09-11T08:29:03+00:00","mainEntityOfPage":{"@id":"https:\/\/proxima2023.okoumea.com\/fr\/actualites\/id-98-prejudice-economique-de-la-victime-par-ricochet"},"wordCount":701,"commentCount":0,"publisher":{"@id":"https:\/\/proxima2023.okoumea.com\/fr\/#organization"},"articleSection":["actualit\u00e9s"],"inLanguage":"fr-FR","potentialAction":[{"@type":"CommentAction","name":"Comment","target":["https:\/\/proxima2023.okoumea.com\/fr\/actualites\/id-98-prejudice-economique-de-la-victime-par-ricochet#respond"]}]},{"@type":"WebPage","@id":"https:\/\/proxima2023.okoumea.com\/fr\/actualites\/id-98-prejudice-economique-de-la-victime-par-ricochet","url":"https:\/\/proxima2023.okoumea.com\/fr\/actualites\/id-98-prejudice-economique-de-la-victime-par-ricochet","name":"Pr\u00e9judice \u00e9conomique de la victime par ricochet - Avocat indemnisation de victimes","isPartOf":{"@id":"https:\/\/proxima2023.okoumea.com\/fr\/#website"},"datePublished":"2016-04-07T15:12:59+00:00","dateModified":"2020-09-11T08:29:03+00:00","inLanguage":"fr-FR","potentialAction":[{"@type":"ReadAction","target":["https:\/\/proxima2023.okoumea.com\/fr\/actualites\/id-98-prejudice-economique-de-la-victime-par-ricochet"]}]},{"@type":"WebSite","@id":"https:\/\/proxima2023.okoumea.com\/fr\/#website","url":"https:\/\/proxima2023.okoumea.com\/fr\/","name":"Proxima - Avocats indemnisation de victimes","description":"Chaque jour est un nouveau cap \u00e0 franchir ensemble","publisher":{"@id":"https:\/\/proxima2023.okoumea.com\/fr\/#organization"},"potentialAction":[{"@type":"SearchAction","target":{"@type":"EntryPoint","urlTemplate":"https:\/\/proxima2023.okoumea.com\/fr\/?s={search_term_string}"},"query-input":{"@type":"PropertyValueSpecification","valueRequired":true,"valueName":"search_term_string"}}],"inLanguage":"fr-FR"},{"@type":"Organization","@id":"https:\/\/proxima2023.okoumea.com\/fr\/#organization","name":"CABINET PROXIMA GUILLERMOU AVOCATS","url":"https:\/\/proxima2023.okoumea.com\/fr\/","logo":{"@type":"ImageObject","inLanguage":"fr-FR","@id":"https:\/\/proxima2023.okoumea.com\/fr\/#\/schema\/logo\/image\/","url":"https:\/\/guillermou-avocats.fr\/wp-content\/uploads\/2024\/08\/2Fichier-12ProximaLogox1.png","contentUrl":"https:\/\/guillermou-avocats.fr\/wp-content\/uploads\/2024\/08\/2Fichier-12ProximaLogox1.png","width":836,"height":825,"caption":"CABINET PROXIMA GUILLERMOU AVOCATS"},"image":{"@id":"https:\/\/proxima2023.okoumea.com\/fr\/#\/schema\/logo\/image\/"},"sameAs":["https:\/\/www.facebook.com\/emericguillermou\/","https:\/\/x.com\/eguillermou","https:\/\/fr.linkedin.com\/in\/emeric-guillermou-6a4b9bb6","https:\/\/www.youtube.com\/@emericguillermou9412"]},{"@type":"Person","@id":"https:\/\/proxima2023.okoumea.com\/fr\/#\/schema\/person\/76485fc47f1ebece06bb555d9824cae0","name":"Proxima","image":{"@type":"ImageObject","inLanguage":"fr-FR","@id":"https:\/\/secure.gravatar.com\/avatar\/1a9a201a1fcd5f2ecbfa35b383607d569af4cffda10e358211dbcb32e8d758cc?s=96&d=mm&r=g","url":"https:\/\/secure.gravatar.com\/avatar\/1a9a201a1fcd5f2ecbfa35b383607d569af4cffda10e358211dbcb32e8d758cc?s=96&d=mm&r=g","contentUrl":"https:\/\/secure.gravatar.com\/avatar\/1a9a201a1fcd5f2ecbfa35b383607d569af4cffda10e358211dbcb32e8d758cc?s=96&d=mm&r=g","caption":"Proxima"},"description":"Avocat Indemnisation de victimes Emeric GUILLERMOU","url":"https:\/\/guillermou-avocats.fr\/fr\/author\/proxima"}]}},"_links":{"self":[{"href":"https:\/\/guillermou-avocats.fr\/fr\/wp-json\/wp\/v2\/posts\/3816","targetHints":{"allow":["GET"]}}],"collection":[{"href":"https:\/\/guillermou-avocats.fr\/fr\/wp-json\/wp\/v2\/posts"}],"about":[{"href":"https:\/\/guillermou-avocats.fr\/fr\/wp-json\/wp\/v2\/types\/post"}],"author":[{"embeddable":true,"href":"https:\/\/guillermou-avocats.fr\/fr\/wp-json\/wp\/v2\/users\/2"}],"replies":[{"embeddable":true,"href":"https:\/\/guillermou-avocats.fr\/fr\/wp-json\/wp\/v2\/comments?post=3816"}],"version-history":[{"count":5,"href":"https:\/\/guillermou-avocats.fr\/fr\/wp-json\/wp\/v2\/posts\/3816\/revisions"}],"predecessor-version":[{"id":7625,"href":"https:\/\/guillermou-avocats.fr\/fr\/wp-json\/wp\/v2\/posts\/3816\/revisions\/7625"}],"wp:attachment":[{"href":"https:\/\/guillermou-avocats.fr\/fr\/wp-json\/wp\/v2\/media?parent=3816"}],"wp:term":[{"taxonomy":"category","embeddable":true,"href":"https:\/\/guillermou-avocats.fr\/fr\/wp-json\/wp\/v2\/categories?post=3816"},{"taxonomy":"post_tag","embeddable":true,"href":"https:\/\/guillermou-avocats.fr\/fr\/wp-json\/wp\/v2\/tags?post=3816"}],"curies":[{"name":"wp","href":"https:\/\/api.w.org\/{rel}","templated":true}]}}