{"id":3814,"date":"2016-03-18T17:12:59","date_gmt":"2016-03-18T16:12:59","guid":{"rendered":"https:\/\/guillermou-avocats.fr\/portfolio-items\/droit-a-indemnisation-du-conducteur-victime\/"},"modified":"2018-01-18T17:28:10","modified_gmt":"2018-01-18T16:28:10","slug":"id-96-droit-a-indemnisation-du-conducteur-victime","status":"publish","type":"post","link":"https:\/\/guillermou-avocats.fr\/fr\/actualites\/id-96-droit-a-indemnisation-du-conducteur-victime","title":{"rendered":"Droit \u00e0 indemnisation du conducteur victime"},"content":{"rendered":"<div class=\"fusion-fullwidth fullwidth-box nonhundred-percent-fullwidth non-hundred-percent-height-scrolling\"  style='background-color: rgba(255,255,255,0);background-position: center center;background-repeat: no-repeat;padding-top:0px;padding-right:0px;padding-bottom:0px;padding-left:0px;'><div class=\"fusion-builder-row fusion-row \"><div  class=\"fusion-layout-column fusion_builder_column fusion_builder_column_1_1  fusion-one-full fusion-column-first fusion-column-last bigFontSize 1_1\"  style='margin-top:0px;margin-bottom:0px;'>\n\t\t\t\t\t<div class=\"fusion-column-wrapper\" style=\"background-position:left top;background-repeat:no-repeat;-webkit-background-size:cover;-moz-background-size:cover;-o-background-size:cover;background-size:cover;\"  data-bg-url=\"\">\n\t\t\t\t\t\t<div class=\"fusion-text\"><p>&nbsp;<\/p>\n<p><img loading=\"lazy\" decoding=\"async\" class=\"gauche\" style=\"float: left;\" src=\"upload\/accident_moto_voiture.png\" alt=\"\" width=\"346\" height=\"173\" align=\"left\" \/><\/p>\n<h2 style=\"text-align: justify;\">Accident de la circulation et faute du conducteur victime<\/h2>\n<p style=\"text-align: justify;\">Le 2 avril 2013, un accident de la circulation survient entre une automobile et une motocyclette.<\/p>\n<p style=\"text-align: justify;\">Mr Z., conduisant son v\u00e9hicule automobile, effectue un demi-tour de nuit\u00a0: il met son clignotant et s\u2019arr\u00eate pour v\u00e9rifier qu\u2019il n\u2019y a personne puis red\u00e9marre. Apercevant une motocyclette, conduite par Mr Z., qui roule \u00e0 50km\/h, Mr Z. freine brusquement\u00a0: s\u2019il empi\u00e8te un peu sur la voie la plus \u00e0 gauche, il laisse l\u2019autre voie libre. Selon la Cour d\u2019appel de Metz, par arr\u00eat du 14 novembre 2014, il a <em>\u00ab pris toutes les pr\u00e9cautions n\u00e9cessaire et n\u2019a pas commis d\u2019infraction \u00e0 la l\u00e9gislation\u00a0 sur la circulation routi\u00e8re\u00a0\u00bb.<\/em><\/p>\n<p style=\"text-align: justify;\">Le motard,\u00a0 Mr R., quant \u00e0 lui, freine aussi en urgence mais percute le v\u00e9hicule arr\u00eat\u00e9. Selon un t\u00e9moin, la moto a chass\u00e9 de l\u2019arri\u00e8re et heurt\u00e9 l\u2019avant droit du v\u00e9hicule avec son c\u00f4t\u00e9 gauche. Le conducteur de la motocyclette est bless\u00e9.<\/p>\n<p style=\"text-align: justify;\">La Cour d\u2019appel de Metz refuse d\u2019octroyer la moindre indemnisation au motard qui a pourtant subi\u00a0 de multiples blessures <em>\u00ab\u00a0il ressort donc de l&rsquo;examen du dossier et des pi\u00e8ces vers\u00e9es que nonobstant l&rsquo;implication du v\u00e9hicule de M. Z. dans l&rsquo;accident M. R. ne rapporte pas la preuve de la commission par M. Z. d&rsquo;une faute civile distincte de celle objet de la pr\u00e9vention ; qu&rsquo;en revanche il r\u00e9sulte de l&rsquo;ensemble de ce qui pr\u00e9c\u00e8de que la faute de M. R. est la cause exclusive de l&rsquo;<a href=\"http:\/\/guillermou-avocats.fr\/indemnisation-prejudice\/id-1-accident-route-indemnisation\">accident de la circulation<\/a> survenu le 2 avril 2013 ; que, d\u00e8s lors, il ne peut pr\u00e9tendre \u00e0 une quelconque indemnisation; que ses demandes form\u00e9es \u00e0 l&rsquo;encontre de M. Z. tendant \u00e0 obtenir la d\u00e9signation d&rsquo;un expert et le versement d&rsquo;une provision ne peuvent \u00eatre que rejet\u00e9es\u00bb.<\/em><\/p>\n<p style=\"text-align: justify;\">La victime se pourvoit en cassation;<br \/>\n<em>\u00ab\u00a0en ce que l&rsquo;arr\u00eat attaqu\u00e9 a rejet\u00e9 la demande de M. Fr\u00e9d\u00e9ric R. tendant \u00e0 faire reconna\u00eetre son droit \u00e0 l&rsquo;indemnisation int\u00e9grale du pr\u00e9judice subi lors de l&rsquo;accident de la circulation survenu le 2 avril 2013 et d&rsquo;en mettre la r\u00e9paration \u00e0 la charge de M. David Z. \u201caux motifs que l&rsquo;appelant, compte tenu de la relaxe intervenue au profit de M. Z. se doit de rapporter la preuve d&rsquo;une faute civile commise par ce dernier et diff\u00e9rente de celle objet de la pr\u00e9vention ; que l&rsquo;article 4 de la loi du 5 juillet 1985 tendant \u00e0 l&rsquo;am\u00e9lioration de la situation des victimes des accidents de la circulation et \u00e0 l&rsquo;acc\u00e9l\u00e9ration des proc\u00e9dures d&rsquo;indemnisation et applicable en l&rsquo;esp\u00e8ce pr\u00e9voit que la faute commise par la victime a pour effet de limiter ou d&rsquo;exclure l&rsquo;indemnisation des dommages aux biens qu&rsquo;elle a subi\u2026\u00a0\u00bb<\/em><\/p>\n<p style=\"text-align: justify;\">L\u2019arr\u00eat de la Chambre criminelle de la <a href=\"https:\/\/www.legifrance.gouv.fr\/affichJuriJudi.do?oldAction=rechJuriJudi&amp;idTexte=JURITEXT000032082947&amp;fastReqId=1880120906&amp;fastPos=1\">Cour de cassation du 16 f\u00e9vrier 2016 n\u00b015-80.705<\/a> casse l\u2019arr\u00eat de la Cour d\u2019appel de Metz:<\/p>\n<p style=\"text-align: justify;\"><em>\u00ab\u00a0Mais attendu qu&rsquo;en statuant ainsi, en exigeant de la victime qu&rsquo;elle rapporte la preuve d&rsquo;une faute de l&rsquo;autre conducteur impliqu\u00e9 dans l&rsquo;accident de la circulation, alors qu&rsquo;il lui appartenait, en faisant abstraction du comportement du conducteur impliqu\u00e9 dans l&rsquo;accident, de rechercher si la victime avait commis une faute de nature \u00e0 exclure ou \u00e0 limiter son droit \u00e0 indemnisation, la cour d&rsquo;appel a m\u00e9connu les textes susvis\u00e9s et le principe ci-dessus rappel\u00e9\u00a0\u00bb ( articles 1 et 4 de la loi du 5 juillet 1985, principe\u00a0: lorsque plusieurs v\u00e9hicules sont impliqu\u00e9s dans un accident de la circulation, chaque conducteur a droit \u00e0 l&rsquo;indemnisation des dommages qu&rsquo;il a subis, sauf s&rsquo;il a commis une faute ayant contribu\u00e9 \u00e0 la r\u00e9alisation de son pr\u00e9judice)<\/em><\/p>\n<p style=\"text-align: justify;\"><em>\u00ab\u00a0D&rsquo;o\u00f9 il suit que la cassation est encourue ; CASSE et ANNULE, l&rsquo;arr\u00eat susvis\u00e9 de la cour d&rsquo;appel de Metz, en date du 14 novembre 2014, mais en ses seules dispositions ayant \u00e9nonc\u00e9 que la faute commise par M. R. est la cause exclusive des cons\u00e9quences dommageables de l&rsquo;accident de la circulation survenu le 2 avril 2013 et d\u00e9clar\u00e9 mal fond\u00e9es les pr\u00e9tentions form\u00e9es par M. R., toutes autres dispositions \u00e9tant express\u00e9ment maintenues\u00a0\u00bb<\/em><\/p>\n<p style=\"text-align: justify;\">\u00a0La d\u00e9cision de la Cour de cassation applique une jurisprudence constante: la d\u00e9cision de la Cour d\u2019appel de Metz \u00e9tait surprenante\u00a0 dans la mesure o\u00f9, s\u2019appuyant sur la faute exclusive du conducteur victime pour lui refuser une indemnisation, elle\u00a0 lui demandait de d\u00e9montrer la faute civile de l\u2019autre conducteur alors\u00a0 que selon les jurisprudences actuelles, la seule faute recherch\u00e9e pour limiter ou exclure le droit \u00e0 indemnisation de conducteur victime est sa propre faute que le juge doit lui &#8211; m\u00eame rechercher.<\/p>\n<h3 style=\"text-align: justify;\">Recherche de la cause exclusive de l&rsquo;accident: \u00e9volution jurisprudentielle<\/h3>\n<p style=\"text-align: justify;\">\u00c0 l\u2019origine, la Cour de cassation consid\u00e8re que la faute du conducteur-victime permet d\u2019exclure son droit \u00e0 indemnisation lorsqu&rsquo;elle est la cause exclusive de l&rsquo;accident\u00a0(Cass. 2e\u00a0civ., 29\u00a0janv. 1986, n\u00b0\u00a084-15.095)\u00a0(Cass. 2e\u00a0civ., 24\u00a0nov. 1993, n\u00b0\u00a092-12.350). Il doit prouver la faute de l\u2019autre conducteur s\u2019il souhaite \u00eatre indemnis\u00e9 (cass 2e civ 29 janvier 1997 n\u00b095-10.459).<\/p>\n<p style=\"text-align: justify;\">Le juge a un pouvoir souverain d&rsquo;appr\u00e9ciation pour limiter ou exclure ce droit \u00e0 r\u00e9paration\u00a0(Cass. 2e\u00a0civ, 15\u00a0janv. 1997 n\u00b095-15.506\u00a0; Chambre mixte de la Cour de cassation\u00a0,28\u00a0mars 1997, n\u00b0\u00a093-11.078, extrait\u00a0:\u00a0\u00bb Attendu que lorsque plusieurs v\u00e9hicules\u00a0sont impliqu\u00e9s dans un\u00a0accident de la circulation, chaque conducteur a droit \u00e0 l&rsquo;indemnisation des dommages qu&rsquo;il a subis, directement ou par ricochet, sauf s&rsquo;il a commis une faute ayant contribu\u00e9 \u00e0 la r\u00e9alisation de son pr\u00e9judice ; qu&rsquo;il appartient alors au juge d&rsquo;appr\u00e9cier souverainement si cette faute a pour effet de limiter l&rsquo;indemnisation ou de l&rsquo;exclure\u00a0\u00bb.)<\/p>\n<p style=\"text-align: justify;\"><strong>\u00c0 qui la faute\u00a0?<\/strong><\/p>\n<p style=\"text-align: justify;\">La Haute juridiction exclut le comportement de l\u2019autre automobiliste pour d\u00e9terminer la faute\u00a0:\u00a0\u201calors que les juges devaient, abstraction faite du comportement de l&rsquo;autre conducteur dont le v\u00e9hicule \u00e9tait impliqu\u00e9 dans l&rsquo;accident, rechercher si (le cyclomotoriste) avait commis une faute qui \u00e9tait de nature \u00e0 limiter ou \u00e0 exclure son droit \u00e0 indemnisation\u201d(Cass. 2e\u00a0civ., 28\u00a0janv. 1998 n\u00b0\u00a096-10.45, 96-13.596, 96-19.336, 96-14.849,\u00a0Cass. 2e\u00a0civ., 20\u00a0juin 2002,\u00a0 Cass. crim., 31\u00a0mai 2005\u00a0; Cour de cassation, Chambre civile 2, 11 Juin 2015, N\u00b0 14-20.672, Cour de cassation, Chambre criminelle, 16 D\u00e9cembre 2014, N\u00b0 14-81.244\u00a0;2e civ., arr\u00eat, 16 janv. 2014, n\u00b0\u00a013-12.771,Cass. 2e civ, 3 oct. 2013, n\u00b0\u00a012-24.758)<\/p>\n<h4 style=\"text-align: justify;\">Evolution favorable au droit \u00e0 r\u00e9paration du conducteur victime<\/h4>\n<p style=\"text-align: justify;\">Le droit \u00e0 r\u00e9paration de la victime conductrice est renforc\u00e9 dans la mesure o\u00f9 le juge recherche aujourd\u2019hui, au-del\u00e0 de la faute, <strong>un lien de causalit\u00e9 entre la faute et le dommage.<\/strong><\/p>\n<p style=\"text-align: justify;\">Deux d\u00e9cisions de l\u2019assembl\u00e9e pl\u00e9ni\u00e8re de la <a href=\"https:\/\/www.courdecassation.fr\/jurisprudence_2\/assemblee_pleniere_22\/555_6_10271.html\">Cour de cassation du 6 avril 2007 (n\u00b0\u00a005-81.350\u00a0<\/a>et <a href=\"https:\/\/www.courdecassation.fr\/jurisprudence_2\/assemblee_pleniere_22\/554_6_10270.html\">n\u00b0 05.15-950<\/a>) ont marqu\u00e9 cette \u00e9volution jurisprudentielle o\u00f9 le juge va rechercher si la faute exclusive du conducteur victime a contribu\u00e9 \u00e0 son dommage\u00a0pour exclure ou limiter son\u00a0droit \u00e0 indemnisation.<\/p>\n<\/div><div class=\"fusion-clearfix\"><\/div>\n\n\t\t\t\t\t<\/div>\n\t\t\t\t<\/div><\/div><\/div>\n","protected":false},"excerpt":{"rendered":"","protected":false},"author":2,"featured_media":0,"comment_status":"open","ping_status":"open","sticky":false,"template":"","format":"standard","meta":{"footnotes":""},"categories":[93],"tags":[],"class_list":["post-3814","post","type-post","status-publish","format-standard","hentry","category-actualites"],"yoast_head":"<!-- This site is optimized with the Yoast SEO Premium plugin v23.4 (Yoast SEO v27.4) - https:\/\/yoast.com\/product\/yoast-seo-premium-wordpress\/ -->\n<title>Droit \u00e0 indemnisation du conducteur victime - Avocat indemnisation de victimes<\/title>\n<meta name=\"robots\" content=\"index, follow, max-snippet:-1, max-image-preview:large, max-video-preview:-1\" \/>\n<link rel=\"canonical\" href=\"https:\/\/proxima2023.okoumea.com\/fr\/actualites\/id-96-droit-a-indemnisation-du-conducteur-victime\" \/>\n<meta property=\"og:locale\" content=\"fr_FR\" \/>\n<meta property=\"og:type\" content=\"article\" \/>\n<meta property=\"og:title\" content=\"Droit \u00e0 indemnisation du conducteur victime - Avocat indemnisation de victimes\" \/>\n<meta property=\"og:url\" content=\"https:\/\/proxima2023.okoumea.com\/fr\/actualites\/id-96-droit-a-indemnisation-du-conducteur-victime\" \/>\n<meta property=\"og:site_name\" content=\"Avocat indemnisation de victimes\" \/>\n<meta property=\"article:publisher\" content=\"https:\/\/www.facebook.com\/emericguillermou\/\" \/>\n<meta property=\"article:published_time\" content=\"2016-03-18T16:12:59+00:00\" \/>\n<meta property=\"article:modified_time\" content=\"2018-01-18T16:28:10+00:00\" \/>\n<meta name=\"author\" content=\"Proxima\" \/>\n<meta name=\"twitter:card\" content=\"summary_large_image\" \/>\n<meta name=\"twitter:creator\" content=\"@eguillermou\" \/>\n<meta name=\"twitter:site\" content=\"@eguillermou\" \/>\n<meta name=\"twitter:label1\" content=\"\u00c9crit par\" \/>\n\t<meta name=\"twitter:data1\" content=\"Proxima\" \/>\n\t<meta name=\"twitter:label2\" content=\"Dur\u00e9e de lecture estim\u00e9e\" \/>\n\t<meta name=\"twitter:data2\" content=\"6 minutes\" \/>\n<script type=\"application\/ld+json\" class=\"yoast-schema-graph\">{\"@context\":\"https:\\\/\\\/schema.org\",\"@graph\":[{\"@type\":\"Article\",\"@id\":\"https:\\\/\\\/proxima2023.okoumea.com\\\/fr\\\/actualites\\\/id-96-droit-a-indemnisation-du-conducteur-victime#article\",\"isPartOf\":{\"@id\":\"https:\\\/\\\/proxima2023.okoumea.com\\\/fr\\\/actualites\\\/id-96-droit-a-indemnisation-du-conducteur-victime\"},\"author\":{\"name\":\"Proxima\",\"@id\":\"https:\\\/\\\/proxima2023.okoumea.com\\\/fr\\\/#\\\/schema\\\/person\\\/76485fc47f1ebece06bb555d9824cae0\"},\"headline\":\"Droit \u00e0 indemnisation du conducteur victime\",\"datePublished\":\"2016-03-18T16:12:59+00:00\",\"dateModified\":\"2018-01-18T16:28:10+00:00\",\"mainEntityOfPage\":{\"@id\":\"https:\\\/\\\/proxima2023.okoumea.com\\\/fr\\\/actualites\\\/id-96-droit-a-indemnisation-du-conducteur-victime\"},\"wordCount\":1344,\"commentCount\":0,\"publisher\":{\"@id\":\"https:\\\/\\\/proxima2023.okoumea.com\\\/fr\\\/#organization\"},\"articleSection\":[\"actualit\u00e9s\"],\"inLanguage\":\"fr-FR\",\"potentialAction\":[{\"@type\":\"CommentAction\",\"name\":\"Comment\",\"target\":[\"https:\\\/\\\/proxima2023.okoumea.com\\\/fr\\\/actualites\\\/id-96-droit-a-indemnisation-du-conducteur-victime#respond\"]}]},{\"@type\":\"WebPage\",\"@id\":\"https:\\\/\\\/proxima2023.okoumea.com\\\/fr\\\/actualites\\\/id-96-droit-a-indemnisation-du-conducteur-victime\",\"url\":\"https:\\\/\\\/proxima2023.okoumea.com\\\/fr\\\/actualites\\\/id-96-droit-a-indemnisation-du-conducteur-victime\",\"name\":\"Droit \u00e0 indemnisation du conducteur victime - Avocat indemnisation de victimes\",\"isPartOf\":{\"@id\":\"https:\\\/\\\/proxima2023.okoumea.com\\\/fr\\\/#website\"},\"datePublished\":\"2016-03-18T16:12:59+00:00\",\"dateModified\":\"2018-01-18T16:28:10+00:00\",\"inLanguage\":\"fr-FR\",\"potentialAction\":[{\"@type\":\"ReadAction\",\"target\":[\"https:\\\/\\\/proxima2023.okoumea.com\\\/fr\\\/actualites\\\/id-96-droit-a-indemnisation-du-conducteur-victime\"]}]},{\"@type\":\"WebSite\",\"@id\":\"https:\\\/\\\/proxima2023.okoumea.com\\\/fr\\\/#website\",\"url\":\"https:\\\/\\\/proxima2023.okoumea.com\\\/fr\\\/\",\"name\":\"Proxima - Avocats indemnisation de victimes\",\"description\":\"Chaque jour est un nouveau cap \u00e0 franchir ensemble\",\"publisher\":{\"@id\":\"https:\\\/\\\/proxima2023.okoumea.com\\\/fr\\\/#organization\"},\"potentialAction\":[{\"@type\":\"SearchAction\",\"target\":{\"@type\":\"EntryPoint\",\"urlTemplate\":\"https:\\\/\\\/proxima2023.okoumea.com\\\/fr\\\/?s={search_term_string}\"},\"query-input\":{\"@type\":\"PropertyValueSpecification\",\"valueRequired\":true,\"valueName\":\"search_term_string\"}}],\"inLanguage\":\"fr-FR\"},{\"@type\":\"Organization\",\"@id\":\"https:\\\/\\\/proxima2023.okoumea.com\\\/fr\\\/#organization\",\"name\":\"CABINET PROXIMA GUILLERMOU AVOCATS\",\"url\":\"https:\\\/\\\/proxima2023.okoumea.com\\\/fr\\\/\",\"logo\":{\"@type\":\"ImageObject\",\"inLanguage\":\"fr-FR\",\"@id\":\"https:\\\/\\\/proxima2023.okoumea.com\\\/fr\\\/#\\\/schema\\\/logo\\\/image\\\/\",\"url\":\"https:\\\/\\\/guillermou-avocats.fr\\\/wp-content\\\/uploads\\\/2024\\\/08\\\/2Fichier-12ProximaLogox1.png\",\"contentUrl\":\"https:\\\/\\\/guillermou-avocats.fr\\\/wp-content\\\/uploads\\\/2024\\\/08\\\/2Fichier-12ProximaLogox1.png\",\"width\":836,\"height\":825,\"caption\":\"CABINET PROXIMA GUILLERMOU AVOCATS\"},\"image\":{\"@id\":\"https:\\\/\\\/proxima2023.okoumea.com\\\/fr\\\/#\\\/schema\\\/logo\\\/image\\\/\"},\"sameAs\":[\"https:\\\/\\\/www.facebook.com\\\/emericguillermou\\\/\",\"https:\\\/\\\/x.com\\\/eguillermou\",\"https:\\\/\\\/fr.linkedin.com\\\/in\\\/emeric-guillermou-6a4b9bb6\",\"https:\\\/\\\/www.youtube.com\\\/@emericguillermou9412\"]},{\"@type\":\"Person\",\"@id\":\"https:\\\/\\\/proxima2023.okoumea.com\\\/fr\\\/#\\\/schema\\\/person\\\/76485fc47f1ebece06bb555d9824cae0\",\"name\":\"Proxima\",\"image\":{\"@type\":\"ImageObject\",\"inLanguage\":\"fr-FR\",\"@id\":\"https:\\\/\\\/secure.gravatar.com\\\/avatar\\\/1a9a201a1fcd5f2ecbfa35b383607d569af4cffda10e358211dbcb32e8d758cc?s=96&d=mm&r=g\",\"url\":\"https:\\\/\\\/secure.gravatar.com\\\/avatar\\\/1a9a201a1fcd5f2ecbfa35b383607d569af4cffda10e358211dbcb32e8d758cc?s=96&d=mm&r=g\",\"contentUrl\":\"https:\\\/\\\/secure.gravatar.com\\\/avatar\\\/1a9a201a1fcd5f2ecbfa35b383607d569af4cffda10e358211dbcb32e8d758cc?s=96&d=mm&r=g\",\"caption\":\"Proxima\"},\"description\":\"Avocat Indemnisation de victimes Emeric GUILLERMOU\",\"url\":\"https:\\\/\\\/guillermou-avocats.fr\\\/fr\\\/author\\\/proxima\"}]}<\/script>\n<!-- \/ Yoast SEO Premium plugin. -->","yoast_head_json":{"title":"Droit \u00e0 indemnisation du conducteur victime - Avocat indemnisation de victimes","robots":{"index":"index","follow":"follow","max-snippet":"max-snippet:-1","max-image-preview":"max-image-preview:large","max-video-preview":"max-video-preview:-1"},"canonical":"https:\/\/proxima2023.okoumea.com\/fr\/actualites\/id-96-droit-a-indemnisation-du-conducteur-victime","og_locale":"fr_FR","og_type":"article","og_title":"Droit \u00e0 indemnisation du conducteur victime - Avocat indemnisation de victimes","og_url":"https:\/\/proxima2023.okoumea.com\/fr\/actualites\/id-96-droit-a-indemnisation-du-conducteur-victime","og_site_name":"Avocat indemnisation de victimes","article_publisher":"https:\/\/www.facebook.com\/emericguillermou\/","article_published_time":"2016-03-18T16:12:59+00:00","article_modified_time":"2018-01-18T16:28:10+00:00","author":"Proxima","twitter_card":"summary_large_image","twitter_creator":"@eguillermou","twitter_site":"@eguillermou","twitter_misc":{"\u00c9crit par":"Proxima","Dur\u00e9e de lecture estim\u00e9e":"6 minutes"},"schema":{"@context":"https:\/\/schema.org","@graph":[{"@type":"Article","@id":"https:\/\/proxima2023.okoumea.com\/fr\/actualites\/id-96-droit-a-indemnisation-du-conducteur-victime#article","isPartOf":{"@id":"https:\/\/proxima2023.okoumea.com\/fr\/actualites\/id-96-droit-a-indemnisation-du-conducteur-victime"},"author":{"name":"Proxima","@id":"https:\/\/proxima2023.okoumea.com\/fr\/#\/schema\/person\/76485fc47f1ebece06bb555d9824cae0"},"headline":"Droit \u00e0 indemnisation du conducteur victime","datePublished":"2016-03-18T16:12:59+00:00","dateModified":"2018-01-18T16:28:10+00:00","mainEntityOfPage":{"@id":"https:\/\/proxima2023.okoumea.com\/fr\/actualites\/id-96-droit-a-indemnisation-du-conducteur-victime"},"wordCount":1344,"commentCount":0,"publisher":{"@id":"https:\/\/proxima2023.okoumea.com\/fr\/#organization"},"articleSection":["actualit\u00e9s"],"inLanguage":"fr-FR","potentialAction":[{"@type":"CommentAction","name":"Comment","target":["https:\/\/proxima2023.okoumea.com\/fr\/actualites\/id-96-droit-a-indemnisation-du-conducteur-victime#respond"]}]},{"@type":"WebPage","@id":"https:\/\/proxima2023.okoumea.com\/fr\/actualites\/id-96-droit-a-indemnisation-du-conducteur-victime","url":"https:\/\/proxima2023.okoumea.com\/fr\/actualites\/id-96-droit-a-indemnisation-du-conducteur-victime","name":"Droit \u00e0 indemnisation du conducteur victime - Avocat indemnisation de victimes","isPartOf":{"@id":"https:\/\/proxima2023.okoumea.com\/fr\/#website"},"datePublished":"2016-03-18T16:12:59+00:00","dateModified":"2018-01-18T16:28:10+00:00","inLanguage":"fr-FR","potentialAction":[{"@type":"ReadAction","target":["https:\/\/proxima2023.okoumea.com\/fr\/actualites\/id-96-droit-a-indemnisation-du-conducteur-victime"]}]},{"@type":"WebSite","@id":"https:\/\/proxima2023.okoumea.com\/fr\/#website","url":"https:\/\/proxima2023.okoumea.com\/fr\/","name":"Proxima - Avocats indemnisation de victimes","description":"Chaque jour est un nouveau cap \u00e0 franchir ensemble","publisher":{"@id":"https:\/\/proxima2023.okoumea.com\/fr\/#organization"},"potentialAction":[{"@type":"SearchAction","target":{"@type":"EntryPoint","urlTemplate":"https:\/\/proxima2023.okoumea.com\/fr\/?s={search_term_string}"},"query-input":{"@type":"PropertyValueSpecification","valueRequired":true,"valueName":"search_term_string"}}],"inLanguage":"fr-FR"},{"@type":"Organization","@id":"https:\/\/proxima2023.okoumea.com\/fr\/#organization","name":"CABINET PROXIMA GUILLERMOU AVOCATS","url":"https:\/\/proxima2023.okoumea.com\/fr\/","logo":{"@type":"ImageObject","inLanguage":"fr-FR","@id":"https:\/\/proxima2023.okoumea.com\/fr\/#\/schema\/logo\/image\/","url":"https:\/\/guillermou-avocats.fr\/wp-content\/uploads\/2024\/08\/2Fichier-12ProximaLogox1.png","contentUrl":"https:\/\/guillermou-avocats.fr\/wp-content\/uploads\/2024\/08\/2Fichier-12ProximaLogox1.png","width":836,"height":825,"caption":"CABINET PROXIMA GUILLERMOU AVOCATS"},"image":{"@id":"https:\/\/proxima2023.okoumea.com\/fr\/#\/schema\/logo\/image\/"},"sameAs":["https:\/\/www.facebook.com\/emericguillermou\/","https:\/\/x.com\/eguillermou","https:\/\/fr.linkedin.com\/in\/emeric-guillermou-6a4b9bb6","https:\/\/www.youtube.com\/@emericguillermou9412"]},{"@type":"Person","@id":"https:\/\/proxima2023.okoumea.com\/fr\/#\/schema\/person\/76485fc47f1ebece06bb555d9824cae0","name":"Proxima","image":{"@type":"ImageObject","inLanguage":"fr-FR","@id":"https:\/\/secure.gravatar.com\/avatar\/1a9a201a1fcd5f2ecbfa35b383607d569af4cffda10e358211dbcb32e8d758cc?s=96&d=mm&r=g","url":"https:\/\/secure.gravatar.com\/avatar\/1a9a201a1fcd5f2ecbfa35b383607d569af4cffda10e358211dbcb32e8d758cc?s=96&d=mm&r=g","contentUrl":"https:\/\/secure.gravatar.com\/avatar\/1a9a201a1fcd5f2ecbfa35b383607d569af4cffda10e358211dbcb32e8d758cc?s=96&d=mm&r=g","caption":"Proxima"},"description":"Avocat Indemnisation de victimes Emeric GUILLERMOU","url":"https:\/\/guillermou-avocats.fr\/fr\/author\/proxima"}]}},"_links":{"self":[{"href":"https:\/\/guillermou-avocats.fr\/fr\/wp-json\/wp\/v2\/posts\/3814","targetHints":{"allow":["GET"]}}],"collection":[{"href":"https:\/\/guillermou-avocats.fr\/fr\/wp-json\/wp\/v2\/posts"}],"about":[{"href":"https:\/\/guillermou-avocats.fr\/fr\/wp-json\/wp\/v2\/types\/post"}],"author":[{"embeddable":true,"href":"https:\/\/guillermou-avocats.fr\/fr\/wp-json\/wp\/v2\/users\/2"}],"replies":[{"embeddable":true,"href":"https:\/\/guillermou-avocats.fr\/fr\/wp-json\/wp\/v2\/comments?post=3814"}],"version-history":[{"count":4,"href":"https:\/\/guillermou-avocats.fr\/fr\/wp-json\/wp\/v2\/posts\/3814\/revisions"}],"predecessor-version":[{"id":4524,"href":"https:\/\/guillermou-avocats.fr\/fr\/wp-json\/wp\/v2\/posts\/3814\/revisions\/4524"}],"wp:attachment":[{"href":"https:\/\/guillermou-avocats.fr\/fr\/wp-json\/wp\/v2\/media?parent=3814"}],"wp:term":[{"taxonomy":"category","embeddable":true,"href":"https:\/\/guillermou-avocats.fr\/fr\/wp-json\/wp\/v2\/categories?post=3814"},{"taxonomy":"post_tag","embeddable":true,"href":"https:\/\/guillermou-avocats.fr\/fr\/wp-json\/wp\/v2\/tags?post=3814"}],"curies":[{"name":"wp","href":"https:\/\/api.w.org\/{rel}","templated":true}]}}