{"id":3809,"date":"2016-01-29T17:12:59","date_gmt":"2016-01-29T16:12:59","guid":{"rendered":"https:\/\/guillermou-avocats.fr\/portfolio-items\/bareme-de-capitalisation\/"},"modified":"2018-01-18T17:31:09","modified_gmt":"2018-01-18T16:31:09","slug":"id-91-bareme-de-capitalisation","status":"publish","type":"post","link":"https:\/\/guillermou-avocats.fr\/fr\/actualites\/id-91-bareme-de-capitalisation","title":{"rendered":"Bar\u00e8me de capitalisation"},"content":{"rendered":"<div class=\"fusion-fullwidth fullwidth-box nonhundred-percent-fullwidth non-hundred-percent-height-scrolling\"  style='background-color: rgba(255,255,255,0);background-position: center center;background-repeat: no-repeat;padding-top:0px;padding-right:0px;padding-bottom:0px;padding-left:0px;'><div class=\"fusion-builder-row fusion-row \"><div  class=\"fusion-layout-column fusion_builder_column fusion_builder_column_1_1  fusion-one-full fusion-column-first fusion-column-last bigFontSize 1_1\"  style='margin-top:0px;margin-bottom:0px;'>\n\t\t\t\t\t<div class=\"fusion-column-wrapper\" style=\"background-position:left top;background-repeat:no-repeat;-webkit-background-size:cover;-moz-background-size:cover;-o-background-size:cover;background-size:cover;\"  data-bg-url=\"\">\n\t\t\t\t\t\t<div class=\"fusion-text\"><h2>Bar\u00e8me de capitalisation\u00a0favorable \u00e0 la victime<\/h2>\n<p style=\"text-align: justify;\">Le bar\u00e8me de capitalisation est un outil de calcul qui permet d\u2019\u00e9valuer le pr\u00e9judice futur de la victime (renouvellement de mat\u00e9riel\u2026). Il existe diff\u00e9rents bar\u00e8mes de capitalisation\u00a0: ceux publi\u00e9s \u00e0 la Gazette du Palais, \u00a0le bar\u00e8me de capitalisation pour l&rsquo;indemnisation des victimes (BCIV)des assureurs&#8230;<\/p>\n<p style=\"text-align: justify;\">Selon une jurisprudence constante, le juge a un pouvoir souverain d\u2019appr\u00e9ciation du bar\u00e8me le mieux adapt\u00e9 \u00e0 l\u2019indemnisation de la victime.<\/p>\n<p><img loading=\"lazy\" decoding=\"async\" style=\"display: block; margin-left: auto; margin-right: auto;\" src=\"upload\/scooter.jpg\" alt=\"\" width=\"275\" height=\"183\" \/><\/p>\n<p style=\"text-align: justify;\">Suite \u00e0 un <a href=\"http:\/\/guillermou-avocats.fr\/indemnisation-prejudice\/id-1-accident-route-indemnisation\">accident de la circulation<\/a>, le conducteur d\u2019un scooter est gri\u00e8vement bless\u00e9\u00a0: il \u00a0est victime d\u2019un\u00a0<a href=\"http:\/\/guillermou-avocats.fr\/traumatisme-cranien\">traumatisme cr\u00e2nien<\/a>. Le responsable et son assurance ont \u00e9t\u00e9 condamn\u00e9s par la Cour d\u2019appel de Toulouse le 25 novembre 2014 \u00e0 verser la somme de 1\u00a0414\u00a0440,43 euros avec int\u00e9r\u00eats aux taux l\u00e9gal \u00e0 compter du jugement.<\/p>\n<p style=\"text-align: justify;\">Le responsable et son assurance ont form\u00e9 un pourvoi en cassation contestant le syst\u00e8me d\u2019\u00e9valuation du capital \u00e0 verser \u00e0 la victime au titre de ses pr\u00e9judices patrimoniaux permanents bas\u00e9\u00a0 sur le \u00ab <a href=\"upload\/Bareme_Gaz_Pal_2013_Homme_-_Femme_-_Taux_dinteret_120.pdf\"> bar\u00e8me de capitalisation publi\u00e9 en mars 2013 par la Gazette du Palais <\/a>qui s\u2019appuie sur les donn\u00e9es d\u00e9mographiques les plus r\u00e9cemment publi\u00e9es 2006-2008, et sur une appr\u00e9ciation de la conjoncture \u00e9conomique la plus proche de la r\u00e9alit\u00e9 avec un taux d\u2019int\u00e9r\u00eat de 1,20 % \u00bb<\/p>\n<p style=\"text-align: justify;\">En effet, ces derniers contestent le taux d\u2019int\u00e9r\u00eat de 1, 20% qui permet, selon eux, \u00e0 la victime de cumuler le b\u00e9n\u00e9fice du versement en capital avec le b\u00e9n\u00e9fice d\u2019une indexation r\u00e9serv\u00e9e au versement des rentes p\u00e9riodiques. Ils consid\u00e8rent que ce taux d\u2019int\u00e9r\u00eat \u00a0prend en compte une inflation \u00a0compl\u00e8tement hypoth\u00e9tique alors que, pour \u00eatre indemnisable, le dommage doit \u00eatre direct et certain et que l\u2019inflation susceptible d\u2019intervenir post\u00e9rieurement \u00e0 la d\u00e9cision est sans lien de causalit\u00e9 direct avec le fait dommageable, tout ceci, en violation de l\u2019article 1382 du code civil.<\/p>\n<h3 style=\"text-align: justify;\">Libert\u00e9 de choix du bar\u00e8me de capitalisation applicable par les juges du fonds<\/h3>\n<p style=\"text-align: justify;\"><a href=\"http:\/\/www.legifrance.gouv.fr\/affichJuriJudi.do?oldAction=rechJuriJudi&amp;idTexte=JURITEXT000031608291&amp;fastReqId=941100513&amp;fastPos=1\">L\u2019arr\u00eat de la 2\u00e8me chambre civile\u00a0 de la\u00a0Cour de cassation du 10 d\u00e9cembre 2015 n\u00b0 14-27243, 14-27244<\/a> rejette ce pourvoi\u00a0: \u00ab\u00a0Mais attendu que, tenue d\u2019assurer la r\u00e9paration int\u00e9grale du dommage actuel et certain de la victime sans perte ni profit, c\u2019est dans l\u2019exercice de son pouvoir souverain que la cour d\u2019appel a fait application du bar\u00e8me de capitalisation qui lui a paru le plus adapt\u00e9 \u00e0 assurer les modalit\u00e9s de cette r\u00e9paration pour le futur\u00a0\u00bb.<\/p>\n<p style=\"text-align: justify;\">Ainsi, les juges du fond restent libres du choix d\u2019application du bar\u00e8me de capitalisation qui permet d\u2019assurer au mieux le respect du principe de la r\u00e9paration int\u00e9grale.<\/p>\n<\/div><div class=\"fusion-clearfix\"><\/div>\n\n\t\t\t\t\t<\/div>\n\t\t\t\t<\/div><\/div><\/div>\n","protected":false},"excerpt":{"rendered":"","protected":false},"author":2,"featured_media":0,"comment_status":"open","ping_status":"open","sticky":false,"template":"","format":"standard","meta":{"footnotes":""},"categories":[93],"tags":[],"class_list":["post-3809","post","type-post","status-publish","format-standard","hentry","category-actualites"],"yoast_head":"<!-- This site is optimized with the Yoast SEO Premium plugin v23.4 (Yoast SEO v27.4) - https:\/\/yoast.com\/product\/yoast-seo-premium-wordpress\/ -->\n<title>Bar\u00e8me de capitalisation - Avocat indemnisation de victimes<\/title>\n<meta name=\"robots\" content=\"index, follow, max-snippet:-1, max-image-preview:large, max-video-preview:-1\" \/>\n<link rel=\"canonical\" href=\"https:\/\/proxima2023.okoumea.com\/fr\/actualites\/id-91-bareme-de-capitalisation\" \/>\n<meta property=\"og:locale\" content=\"fr_FR\" \/>\n<meta property=\"og:type\" content=\"article\" \/>\n<meta property=\"og:title\" content=\"Bar\u00e8me de capitalisation - Avocat indemnisation de victimes\" \/>\n<meta property=\"og:url\" content=\"https:\/\/proxima2023.okoumea.com\/fr\/actualites\/id-91-bareme-de-capitalisation\" \/>\n<meta property=\"og:site_name\" content=\"Avocat indemnisation de victimes\" \/>\n<meta property=\"article:publisher\" content=\"https:\/\/www.facebook.com\/emericguillermou\/\" \/>\n<meta property=\"article:published_time\" content=\"2016-01-29T16:12:59+00:00\" \/>\n<meta property=\"article:modified_time\" content=\"2018-01-18T16:31:09+00:00\" \/>\n<meta name=\"author\" content=\"Proxima\" \/>\n<meta name=\"twitter:card\" content=\"summary_large_image\" \/>\n<meta name=\"twitter:creator\" content=\"@eguillermou\" \/>\n<meta name=\"twitter:site\" content=\"@eguillermou\" \/>\n<meta name=\"twitter:label1\" content=\"\u00c9crit par\" \/>\n\t<meta name=\"twitter:data1\" content=\"Proxima\" \/>\n\t<meta name=\"twitter:label2\" content=\"Dur\u00e9e de lecture estim\u00e9e\" \/>\n\t<meta name=\"twitter:data2\" content=\"3 minutes\" \/>\n<script type=\"application\/ld+json\" class=\"yoast-schema-graph\">{\"@context\":\"https:\\\/\\\/schema.org\",\"@graph\":[{\"@type\":\"Article\",\"@id\":\"https:\\\/\\\/proxima2023.okoumea.com\\\/fr\\\/actualites\\\/id-91-bareme-de-capitalisation#article\",\"isPartOf\":{\"@id\":\"https:\\\/\\\/proxima2023.okoumea.com\\\/fr\\\/actualites\\\/id-91-bareme-de-capitalisation\"},\"author\":{\"name\":\"Proxima\",\"@id\":\"https:\\\/\\\/proxima2023.okoumea.com\\\/fr\\\/#\\\/schema\\\/person\\\/76485fc47f1ebece06bb555d9824cae0\"},\"headline\":\"Bar\u00e8me de capitalisation\",\"datePublished\":\"2016-01-29T16:12:59+00:00\",\"dateModified\":\"2018-01-18T16:31:09+00:00\",\"mainEntityOfPage\":{\"@id\":\"https:\\\/\\\/proxima2023.okoumea.com\\\/fr\\\/actualites\\\/id-91-bareme-de-capitalisation\"},\"wordCount\":625,\"commentCount\":0,\"publisher\":{\"@id\":\"https:\\\/\\\/proxima2023.okoumea.com\\\/fr\\\/#organization\"},\"articleSection\":[\"actualit\u00e9s\"],\"inLanguage\":\"fr-FR\",\"potentialAction\":[{\"@type\":\"CommentAction\",\"name\":\"Comment\",\"target\":[\"https:\\\/\\\/proxima2023.okoumea.com\\\/fr\\\/actualites\\\/id-91-bareme-de-capitalisation#respond\"]}]},{\"@type\":\"WebPage\",\"@id\":\"https:\\\/\\\/proxima2023.okoumea.com\\\/fr\\\/actualites\\\/id-91-bareme-de-capitalisation\",\"url\":\"https:\\\/\\\/proxima2023.okoumea.com\\\/fr\\\/actualites\\\/id-91-bareme-de-capitalisation\",\"name\":\"Bar\u00e8me de capitalisation - Avocat indemnisation de victimes\",\"isPartOf\":{\"@id\":\"https:\\\/\\\/proxima2023.okoumea.com\\\/fr\\\/#website\"},\"datePublished\":\"2016-01-29T16:12:59+00:00\",\"dateModified\":\"2018-01-18T16:31:09+00:00\",\"inLanguage\":\"fr-FR\",\"potentialAction\":[{\"@type\":\"ReadAction\",\"target\":[\"https:\\\/\\\/proxima2023.okoumea.com\\\/fr\\\/actualites\\\/id-91-bareme-de-capitalisation\"]}]},{\"@type\":\"WebSite\",\"@id\":\"https:\\\/\\\/proxima2023.okoumea.com\\\/fr\\\/#website\",\"url\":\"https:\\\/\\\/proxima2023.okoumea.com\\\/fr\\\/\",\"name\":\"Proxima - Avocats indemnisation de victimes\",\"description\":\"Chaque jour est un nouveau cap \u00e0 franchir ensemble\",\"publisher\":{\"@id\":\"https:\\\/\\\/proxima2023.okoumea.com\\\/fr\\\/#organization\"},\"potentialAction\":[{\"@type\":\"SearchAction\",\"target\":{\"@type\":\"EntryPoint\",\"urlTemplate\":\"https:\\\/\\\/proxima2023.okoumea.com\\\/fr\\\/?s={search_term_string}\"},\"query-input\":{\"@type\":\"PropertyValueSpecification\",\"valueRequired\":true,\"valueName\":\"search_term_string\"}}],\"inLanguage\":\"fr-FR\"},{\"@type\":\"Organization\",\"@id\":\"https:\\\/\\\/proxima2023.okoumea.com\\\/fr\\\/#organization\",\"name\":\"CABINET PROXIMA GUILLERMOU AVOCATS\",\"url\":\"https:\\\/\\\/proxima2023.okoumea.com\\\/fr\\\/\",\"logo\":{\"@type\":\"ImageObject\",\"inLanguage\":\"fr-FR\",\"@id\":\"https:\\\/\\\/proxima2023.okoumea.com\\\/fr\\\/#\\\/schema\\\/logo\\\/image\\\/\",\"url\":\"https:\\\/\\\/guillermou-avocats.fr\\\/wp-content\\\/uploads\\\/2024\\\/08\\\/2Fichier-12ProximaLogox1.png\",\"contentUrl\":\"https:\\\/\\\/guillermou-avocats.fr\\\/wp-content\\\/uploads\\\/2024\\\/08\\\/2Fichier-12ProximaLogox1.png\",\"width\":836,\"height\":825,\"caption\":\"CABINET PROXIMA GUILLERMOU AVOCATS\"},\"image\":{\"@id\":\"https:\\\/\\\/proxima2023.okoumea.com\\\/fr\\\/#\\\/schema\\\/logo\\\/image\\\/\"},\"sameAs\":[\"https:\\\/\\\/www.facebook.com\\\/emericguillermou\\\/\",\"https:\\\/\\\/x.com\\\/eguillermou\",\"https:\\\/\\\/fr.linkedin.com\\\/in\\\/emeric-guillermou-6a4b9bb6\",\"https:\\\/\\\/www.youtube.com\\\/@emericguillermou9412\"]},{\"@type\":\"Person\",\"@id\":\"https:\\\/\\\/proxima2023.okoumea.com\\\/fr\\\/#\\\/schema\\\/person\\\/76485fc47f1ebece06bb555d9824cae0\",\"name\":\"Proxima\",\"image\":{\"@type\":\"ImageObject\",\"inLanguage\":\"fr-FR\",\"@id\":\"https:\\\/\\\/secure.gravatar.com\\\/avatar\\\/1a9a201a1fcd5f2ecbfa35b383607d569af4cffda10e358211dbcb32e8d758cc?s=96&d=mm&r=g\",\"url\":\"https:\\\/\\\/secure.gravatar.com\\\/avatar\\\/1a9a201a1fcd5f2ecbfa35b383607d569af4cffda10e358211dbcb32e8d758cc?s=96&d=mm&r=g\",\"contentUrl\":\"https:\\\/\\\/secure.gravatar.com\\\/avatar\\\/1a9a201a1fcd5f2ecbfa35b383607d569af4cffda10e358211dbcb32e8d758cc?s=96&d=mm&r=g\",\"caption\":\"Proxima\"},\"description\":\"Avocat Indemnisation de victimes Emeric GUILLERMOU\",\"url\":\"https:\\\/\\\/guillermou-avocats.fr\\\/fr\\\/author\\\/proxima\"}]}<\/script>\n<!-- \/ Yoast SEO Premium plugin. -->","yoast_head_json":{"title":"Bar\u00e8me de capitalisation - Avocat indemnisation de victimes","robots":{"index":"index","follow":"follow","max-snippet":"max-snippet:-1","max-image-preview":"max-image-preview:large","max-video-preview":"max-video-preview:-1"},"canonical":"https:\/\/proxima2023.okoumea.com\/fr\/actualites\/id-91-bareme-de-capitalisation","og_locale":"fr_FR","og_type":"article","og_title":"Bar\u00e8me de capitalisation - Avocat indemnisation de victimes","og_url":"https:\/\/proxima2023.okoumea.com\/fr\/actualites\/id-91-bareme-de-capitalisation","og_site_name":"Avocat indemnisation de victimes","article_publisher":"https:\/\/www.facebook.com\/emericguillermou\/","article_published_time":"2016-01-29T16:12:59+00:00","article_modified_time":"2018-01-18T16:31:09+00:00","author":"Proxima","twitter_card":"summary_large_image","twitter_creator":"@eguillermou","twitter_site":"@eguillermou","twitter_misc":{"\u00c9crit par":"Proxima","Dur\u00e9e de lecture estim\u00e9e":"3 minutes"},"schema":{"@context":"https:\/\/schema.org","@graph":[{"@type":"Article","@id":"https:\/\/proxima2023.okoumea.com\/fr\/actualites\/id-91-bareme-de-capitalisation#article","isPartOf":{"@id":"https:\/\/proxima2023.okoumea.com\/fr\/actualites\/id-91-bareme-de-capitalisation"},"author":{"name":"Proxima","@id":"https:\/\/proxima2023.okoumea.com\/fr\/#\/schema\/person\/76485fc47f1ebece06bb555d9824cae0"},"headline":"Bar\u00e8me de capitalisation","datePublished":"2016-01-29T16:12:59+00:00","dateModified":"2018-01-18T16:31:09+00:00","mainEntityOfPage":{"@id":"https:\/\/proxima2023.okoumea.com\/fr\/actualites\/id-91-bareme-de-capitalisation"},"wordCount":625,"commentCount":0,"publisher":{"@id":"https:\/\/proxima2023.okoumea.com\/fr\/#organization"},"articleSection":["actualit\u00e9s"],"inLanguage":"fr-FR","potentialAction":[{"@type":"CommentAction","name":"Comment","target":["https:\/\/proxima2023.okoumea.com\/fr\/actualites\/id-91-bareme-de-capitalisation#respond"]}]},{"@type":"WebPage","@id":"https:\/\/proxima2023.okoumea.com\/fr\/actualites\/id-91-bareme-de-capitalisation","url":"https:\/\/proxima2023.okoumea.com\/fr\/actualites\/id-91-bareme-de-capitalisation","name":"Bar\u00e8me de capitalisation - Avocat indemnisation de victimes","isPartOf":{"@id":"https:\/\/proxima2023.okoumea.com\/fr\/#website"},"datePublished":"2016-01-29T16:12:59+00:00","dateModified":"2018-01-18T16:31:09+00:00","inLanguage":"fr-FR","potentialAction":[{"@type":"ReadAction","target":["https:\/\/proxima2023.okoumea.com\/fr\/actualites\/id-91-bareme-de-capitalisation"]}]},{"@type":"WebSite","@id":"https:\/\/proxima2023.okoumea.com\/fr\/#website","url":"https:\/\/proxima2023.okoumea.com\/fr\/","name":"Proxima - Avocats indemnisation de victimes","description":"Chaque jour est un nouveau cap \u00e0 franchir ensemble","publisher":{"@id":"https:\/\/proxima2023.okoumea.com\/fr\/#organization"},"potentialAction":[{"@type":"SearchAction","target":{"@type":"EntryPoint","urlTemplate":"https:\/\/proxima2023.okoumea.com\/fr\/?s={search_term_string}"},"query-input":{"@type":"PropertyValueSpecification","valueRequired":true,"valueName":"search_term_string"}}],"inLanguage":"fr-FR"},{"@type":"Organization","@id":"https:\/\/proxima2023.okoumea.com\/fr\/#organization","name":"CABINET PROXIMA GUILLERMOU AVOCATS","url":"https:\/\/proxima2023.okoumea.com\/fr\/","logo":{"@type":"ImageObject","inLanguage":"fr-FR","@id":"https:\/\/proxima2023.okoumea.com\/fr\/#\/schema\/logo\/image\/","url":"https:\/\/guillermou-avocats.fr\/wp-content\/uploads\/2024\/08\/2Fichier-12ProximaLogox1.png","contentUrl":"https:\/\/guillermou-avocats.fr\/wp-content\/uploads\/2024\/08\/2Fichier-12ProximaLogox1.png","width":836,"height":825,"caption":"CABINET PROXIMA GUILLERMOU AVOCATS"},"image":{"@id":"https:\/\/proxima2023.okoumea.com\/fr\/#\/schema\/logo\/image\/"},"sameAs":["https:\/\/www.facebook.com\/emericguillermou\/","https:\/\/x.com\/eguillermou","https:\/\/fr.linkedin.com\/in\/emeric-guillermou-6a4b9bb6","https:\/\/www.youtube.com\/@emericguillermou9412"]},{"@type":"Person","@id":"https:\/\/proxima2023.okoumea.com\/fr\/#\/schema\/person\/76485fc47f1ebece06bb555d9824cae0","name":"Proxima","image":{"@type":"ImageObject","inLanguage":"fr-FR","@id":"https:\/\/secure.gravatar.com\/avatar\/1a9a201a1fcd5f2ecbfa35b383607d569af4cffda10e358211dbcb32e8d758cc?s=96&d=mm&r=g","url":"https:\/\/secure.gravatar.com\/avatar\/1a9a201a1fcd5f2ecbfa35b383607d569af4cffda10e358211dbcb32e8d758cc?s=96&d=mm&r=g","contentUrl":"https:\/\/secure.gravatar.com\/avatar\/1a9a201a1fcd5f2ecbfa35b383607d569af4cffda10e358211dbcb32e8d758cc?s=96&d=mm&r=g","caption":"Proxima"},"description":"Avocat Indemnisation de victimes Emeric GUILLERMOU","url":"https:\/\/guillermou-avocats.fr\/fr\/author\/proxima"}]}},"_links":{"self":[{"href":"https:\/\/guillermou-avocats.fr\/fr\/wp-json\/wp\/v2\/posts\/3809","targetHints":{"allow":["GET"]}}],"collection":[{"href":"https:\/\/guillermou-avocats.fr\/fr\/wp-json\/wp\/v2\/posts"}],"about":[{"href":"https:\/\/guillermou-avocats.fr\/fr\/wp-json\/wp\/v2\/types\/post"}],"author":[{"embeddable":true,"href":"https:\/\/guillermou-avocats.fr\/fr\/wp-json\/wp\/v2\/users\/2"}],"replies":[{"embeddable":true,"href":"https:\/\/guillermou-avocats.fr\/fr\/wp-json\/wp\/v2\/comments?post=3809"}],"version-history":[{"count":4,"href":"https:\/\/guillermou-avocats.fr\/fr\/wp-json\/wp\/v2\/posts\/3809\/revisions"}],"predecessor-version":[{"id":4536,"href":"https:\/\/guillermou-avocats.fr\/fr\/wp-json\/wp\/v2\/posts\/3809\/revisions\/4536"}],"wp:attachment":[{"href":"https:\/\/guillermou-avocats.fr\/fr\/wp-json\/wp\/v2\/media?parent=3809"}],"wp:term":[{"taxonomy":"category","embeddable":true,"href":"https:\/\/guillermou-avocats.fr\/fr\/wp-json\/wp\/v2\/categories?post=3809"},{"taxonomy":"post_tag","embeddable":true,"href":"https:\/\/guillermou-avocats.fr\/fr\/wp-json\/wp\/v2\/tags?post=3809"}],"curies":[{"name":"wp","href":"https:\/\/api.w.org\/{rel}","templated":true}]}}