{"id":3797,"date":"2015-10-09T17:12:54","date_gmt":"2015-10-09T15:12:54","guid":{"rendered":"https:\/\/guillermou-avocats.fr\/portfolio-items\/indemnisation-des-accidents-de-sport\/"},"modified":"2018-01-18T17:38:45","modified_gmt":"2018-01-18T16:38:45","slug":"id-79-indemnisation-des-accidents-de-sport","status":"publish","type":"post","link":"https:\/\/guillermou-avocats.fr\/fr\/actualites\/id-79-indemnisation-des-accidents-de-sport","title":{"rendered":"Indemnisation des accidents de sport"},"content":{"rendered":"<div class=\"fusion-fullwidth fullwidth-box nonhundred-percent-fullwidth non-hundred-percent-height-scrolling\"  style='background-color: rgba(255,255,255,0);background-position: center center;background-repeat: no-repeat;padding-top:0px;padding-right:0px;padding-bottom:0px;padding-left:0px;'><div class=\"fusion-builder-row fusion-row \"><div  class=\"fusion-layout-column fusion_builder_column fusion_builder_column_1_1  fusion-one-full fusion-column-first fusion-column-last bigFontSize 1_1\"  style='margin-top:0px;margin-bottom:0px;'>\n\t\t\t\t\t<div class=\"fusion-column-wrapper\" style=\"background-position:left top;background-repeat:no-repeat;-webkit-background-size:cover;-moz-background-size:cover;-o-background-size:cover;background-size:cover;\"  data-bg-url=\"\">\n\t\t\t\t\t\t<div class=\"fusion-text\"><p>&nbsp;<\/p>\n<h2 style=\"text-align: justify;\">Accidents de sport: rejet de la th\u00e9orie de l\u2019acceptation des risques<\/h2>\n<p style=\"text-align: justify;\">Lors d\u2019une comp\u00e9tition de grass track (course de moto), organis\u00e9e le 28 juillet 2007 par une association sportive, un jeune pilote, alors mineur, chute. Apr\u00e8s s\u2019\u00eatre relev\u00e9, il est heurt\u00e9 par un autre participant \u00e0 \u00a0la course. Suite \u00e0 cet accident, il devient <a href=\"http:\/\/guillermou-avocats.fr\/lexique-juridique\/?motscles=paraplegie\">parapl\u00e9gique<\/a>. Il assigne alors, avec ses parents, le gardien du v\u00e9hicule en responsabilit\u00e9 sur le fondement de l<a href=\"http:\/\/www.legifrance.gouv.fr\/affichCodeArticle.do;jsessionid=A7357EDB38066D746DFDA694A365C24A.tpdila18v_1?cidTexte=LEGITEXT000006070721&amp;idArticle=LEGIARTI000006438839&amp;dateTexte=&amp;categorieLien=cid\">\u2019article 1384 al 1 <\/a>du code civil et l\u2019association organisatrice de la <strong>manifestation sportive<\/strong> sur le fondement de l\u2019<a href=\"http:\/\/www.legifrance.gouv.fr\/affichCodeArticle.do?idArticle=LEGIARTI000006436401&amp;cidTexte=LEGITEXT000006070721\">article 1147 <\/a>du code civil pour manquement \u00e0 son obligation contractuelle de s\u00e9curit\u00e9 (ils ont le m\u00eame assureur).<\/p>\n<p style=\"text-align: justify;\">Par un arr\u00eat de la Cour d\u2019appel de Bordeaux du 30 avril 2014, ces derniers sont condamn\u00e9s \u00e0 indemniser l\u2019entier pr\u00e9judice de la victime et \u00e0 verser une indemnit\u00e9 provisionnelle de 150 000 \u20ac au titre de la <strong>responsabilit\u00e9 du pilote<\/strong>, en tant que gardien de la moto, en vertu de l\u2019article 1384 alin\u00e9a 1 du code civil. Par m\u00eame arr\u00eat, la Cour diligente une expertise m\u00e9dicale de la victime.<\/p>\n<p style=\"text-align: justify;\">La responsabilit\u00e9 contractuelle de l\u2019association est retenue pour manquement \u00e0 son obligation contractuelle de s\u00e9curit\u00e9 car elle aurait d\u00fb \u00e9clairer convenablement la piste d\u00e9volue \u00e0 la comp\u00e9tition qui se d\u00e9roulait de nuit.<\/p>\n<p style=\"text-align: justify;\">L\u2019<strong>assureur<\/strong> et le pilote <strong>responsable de l\u2019accident<\/strong> se pourvoient en cassation, plaidant la <a href=\"http:\/\/guillermou-avocats.fr\/lexique-juridique\/id-226-acceptation-des-risques-theorie-de-l-\">th\u00e9orie de l\u2019acceptation des risques<\/a> afin d\u2019\u00eatre exon\u00e9r\u00e9s de toute responsabilit\u00e9.<\/p>\n<p style=\"text-align: justify;\"><strong>D\u00e9cision de l\u2019arr\u00eat de la 2\u00e8me chambre civile de la <a href=\"http:\/\/www.legifrance.gouv.fr\/affichJuriJudi.do;jsessionid=127367977065E9FC7B026729269BAAB4.tpdila13v_2?oldAction=rechJuriJudi&amp;idTexte=JURITEXT000030842700&amp;fastReqId=1905810756&amp;fastPos=10\">Cour de cassation du 2 juillet 2015 n\u00b014-19078<\/a><\/strong><\/p>\n<p style=\"text-align: justify;\">Concernant le manquement \u00e0 l\u2019obligation contractuelle de s\u00e9curit\u00e9, \u00a0la Haute juridiction affirme qu\u2019il\u00a0n\u2019y a pas lieu de statuer sur les moyens \u00ab\u00a0qui ne sont manifestement pas de nature \u00e0 entra\u00eener la cassation\u00a0\u00bb. Notamment, que l\u2019accident \u00e9tait intervenu la nuit entre 22h et 22h30 et que personne ne conteste que l\u2019\u00e9clairage f\u00fbt insuffisant et le manque de visibilit\u00e9 certain.<\/p>\n<p style=\"text-align: justify;\">Quant \u00e0 la <strong>responsabilit\u00e9<\/strong> du pilote, elle est confirm\u00e9e par la Cour de cassation\u00a0: \u00ab\u00a0la victime d\u2019un dommage caus\u00e9 par une chose peut invoquer la responsabilit\u00e9 r\u00e9sultant de l\u2019article1384 alin\u00e9a 1er du code civil \u00e0 l\u2019encontre du gardien de la chose, instrument du dommage, sans que puisse lui \u00eatre oppos\u00e9e son <strong>acceptation des risques<\/strong>\u00a0\u00bb.<\/p>\n<h2 style=\"text-align: justify;\">Th\u00e9orie de l&rsquo;acceptation des risques<\/h2>\n<p style=\"text-align: justify;\">Cette jurisprudence s\u2019inscrit dans la continuit\u00e9 des d\u00e9cisions rendues depuis un revirement op\u00e9r\u00e9 par la Haute juridiction dans un arr\u00eat du 4 novembre 2010 n\u00b009-65947. Ce dernier a \u00e9tendu le rejet de la th\u00e9orie de l\u2019acceptation des risques aux<strong> sports m\u00e9caniques<\/strong>\u00a0: \u00ab\u00a0attendu que pour d\u00e9bouter M. X&#8230; de ses demandes, l&rsquo;arr\u00eat retient que l&rsquo;accident est survenu entre des concurrents \u00e0 l&rsquo;entra\u00eenement, \u00e9voluant sur un circuit ferm\u00e9 exclusivement d\u00e9di\u00e9 \u00e0 l&rsquo;activit\u00e9 sportive o\u00f9 les r\u00e8gles du code de la route ne s&rsquo;appliquent pas, et qui avait pour but d&rsquo;\u00e9valuer et d&rsquo;am\u00e9liorer les performances des coureurs ; que la participation \u00e0 cet entra\u00eenement impliquait une acceptation des risques inh\u00e9rents \u00e0 une telle pratique sportive.(\u2026)\u00a0Qu&rsquo;en statuant ainsi, par des motifs inop\u00e9rants, la cour d&rsquo;appel a viol\u00e9 le texte susvis\u00e9\u00a0\u00bb.<\/p>\n<h3 style=\"text-align: justify;\">Obligation de s\u00e9curit\u00e9<\/h3>\n<p style=\"text-align: justify;\">Elle a ensuite confirm\u00e9 sa position dans un arr\u00eat du 12 avril 2012 n\u00b010-20.831 et dans une d\u00e9cision r\u00e9cente de la 2\u00e8me chambre civile de la Cour de cassation du 21 mai 2015 n\u00b0 14-14.812\u00a0: l\u2019acceptation des risques ne fait pas obstacle \u00e0 l\u2019application de l\u2019article 1384 alin\u00e9a 1 du code civil. Cette d\u00e9cision va encore plus loin en terme de responsabilit\u00e9 car elle <strong>impose une obligation de s\u00e9curit\u00e9 de r\u00e9sultat<\/strong> de la part de l\u2019organisateur d\u2019un rallye, alors qu\u2019en principe les d\u00e9cisions s\u2019attachent \u00e0 une obligation de s\u00e9curit\u00e9 de moyens, comme en l\u2019esp\u00e8ce.<\/p>\n<p style=\"text-align: justify;\">Cette jurisprudence, favorable \u00e0 l\u2019<strong>indemnisation des victimes de <a title=\"dommages corporels\" href=\"http:\/\/guillermou-avocats.fr\/lexique-juridique\/id-148-dommage-corporel\" target=\"_blank\" rel=\"noopener\">dommages corporels<\/a><\/strong>\u00a0est toutefois limit\u00e9e depuis la loi n\u00b0 2012-348 du 12 mars 2012 (loi tendant \u00e0 faciliter l\u2019organisation des manifestations sportives et culturelles) dont l\u2019article L 321-3-1 (code du sport) neutralise l\u2019application de l\u2019article 1384 alin\u00e9a 1 uniquement \u00e0 l\u2019\u00e9gard des \u00ab <a title=\"dommages mat\u00e9riels\" href=\"http:\/\/guillermou-avocats.fr\/lexique-juridique\/id-205-dommage-materiel\" target=\"_blank\" rel=\"noopener\">dommages mat\u00e9riels<\/a> \u00bb\u00a0: \u00ab\u00a0Les pratiquants ne peuvent \u00eatre tenus pour responsables des dommages mat\u00e9riels caus\u00e9s \u00e0 un autre pratiquant par le fait d&rsquo;une chose qu&rsquo;ils ont sous leur garde, au sens du\u00a0premier alin\u00e9a de l&rsquo;article 1384 du code civil, \u00e0 l&rsquo;occasion de l&rsquo;exercice d&rsquo;une pratique sportive au cours d&rsquo;une manifestation sportive ou d&rsquo;un entra\u00eenement en vue de cette manifestation sportive sur un lieu r\u00e9serv\u00e9 de mani\u00e8re permanente ou temporaire \u00e0 cette pratique\u00a0\u00bb.<\/p>\n<p style=\"text-align: justify;\">N\u00e9anmoins, le fait que les comp\u00e9titeurs puissent b\u00e9n\u00e9ficier partiellement du r\u00e9gime g\u00e9n\u00e9ral de la responsabilit\u00e9 en mati\u00e8re sportive est une \u00a0\u00e9volution favorable. Avant 2010, les recours contre les coparticipants aux manifestations sportives restaient difficiles \u00e0 \u00e9tablir en raison de cette th\u00e9orie de l\u2019acceptation des risques\u00a0 qui limitait la faute \u00e0 \u00ab\u00a0une violation de la r\u00e8gle du jeu\u00a0\u00bb ou\u00a0\u00e0 \u00ab un manquement \u00e0 la loyaut\u00e9 de la pratique\u00a0\u00bb (ex: brutalit\u00e9 volontaire, comportement d\u00e9loyal, maladresse caract\u00e9ris\u00e9e): la victime devait ainsi \u00e9tablir que le risque \u00e9tait \u00abanormal\u00bb pour pouvoir engager la responsabilit\u00e9 de l&rsquo;auteur\u00a0du dommage. Pour autant, certains auteurs veulent aller plus loin et appliquer la loi du 5 juillet 1985 aux accidents entre pratiquants de sports m\u00e9caniques.<\/p>\n<\/div><div class=\"fusion-clearfix\"><\/div>\n\n\t\t\t\t\t<\/div>\n\t\t\t\t<\/div><\/div><\/div>\n","protected":false},"excerpt":{"rendered":"","protected":false},"author":2,"featured_media":0,"comment_status":"open","ping_status":"open","sticky":false,"template":"","format":"standard","meta":{"footnotes":""},"categories":[93],"tags":[],"class_list":["post-3797","post","type-post","status-publish","format-standard","hentry","category-actualites"],"yoast_head":"<!-- This site is optimized with the Yoast SEO Premium plugin v23.4 (Yoast SEO v27.4) - https:\/\/yoast.com\/product\/yoast-seo-premium-wordpress\/ -->\n<title>Indemnisation des accidents de sport - Avocat indemnisation de victimes<\/title>\n<meta name=\"robots\" content=\"index, follow, max-snippet:-1, max-image-preview:large, max-video-preview:-1\" \/>\n<link rel=\"canonical\" href=\"https:\/\/proxima2023.okoumea.com\/fr\/actualites\/id-79-indemnisation-des-accidents-de-sport\" \/>\n<meta property=\"og:locale\" content=\"fr_FR\" \/>\n<meta property=\"og:type\" content=\"article\" \/>\n<meta property=\"og:title\" content=\"Indemnisation des accidents de sport - Avocat indemnisation de victimes\" \/>\n<meta property=\"og:url\" content=\"https:\/\/proxima2023.okoumea.com\/fr\/actualites\/id-79-indemnisation-des-accidents-de-sport\" \/>\n<meta property=\"og:site_name\" content=\"Avocat indemnisation de victimes\" \/>\n<meta property=\"article:publisher\" content=\"https:\/\/www.facebook.com\/emericguillermou\/\" \/>\n<meta property=\"article:published_time\" content=\"2015-10-09T15:12:54+00:00\" \/>\n<meta property=\"article:modified_time\" content=\"2018-01-18T16:38:45+00:00\" \/>\n<meta name=\"author\" content=\"Proxima\" \/>\n<meta name=\"twitter:card\" content=\"summary_large_image\" \/>\n<meta name=\"twitter:creator\" content=\"@eguillermou\" \/>\n<meta name=\"twitter:site\" content=\"@eguillermou\" \/>\n<meta name=\"twitter:label1\" content=\"\u00c9crit par\" \/>\n\t<meta name=\"twitter:data1\" content=\"Proxima\" \/>\n\t<meta name=\"twitter:label2\" content=\"Dur\u00e9e de lecture estim\u00e9e\" \/>\n\t<meta name=\"twitter:data2\" content=\"5 minutes\" \/>\n<script type=\"application\/ld+json\" class=\"yoast-schema-graph\">{\"@context\":\"https:\\\/\\\/schema.org\",\"@graph\":[{\"@type\":\"Article\",\"@id\":\"https:\\\/\\\/proxima2023.okoumea.com\\\/fr\\\/actualites\\\/id-79-indemnisation-des-accidents-de-sport#article\",\"isPartOf\":{\"@id\":\"https:\\\/\\\/proxima2023.okoumea.com\\\/fr\\\/actualites\\\/id-79-indemnisation-des-accidents-de-sport\"},\"author\":{\"name\":\"Proxima\",\"@id\":\"https:\\\/\\\/proxima2023.okoumea.com\\\/fr\\\/#\\\/schema\\\/person\\\/76485fc47f1ebece06bb555d9824cae0\"},\"headline\":\"Indemnisation des accidents de sport\",\"datePublished\":\"2015-10-09T15:12:54+00:00\",\"dateModified\":\"2018-01-18T16:38:45+00:00\",\"mainEntityOfPage\":{\"@id\":\"https:\\\/\\\/proxima2023.okoumea.com\\\/fr\\\/actualites\\\/id-79-indemnisation-des-accidents-de-sport\"},\"wordCount\":1077,\"commentCount\":0,\"publisher\":{\"@id\":\"https:\\\/\\\/proxima2023.okoumea.com\\\/fr\\\/#organization\"},\"articleSection\":[\"actualit\u00e9s\"],\"inLanguage\":\"fr-FR\",\"potentialAction\":[{\"@type\":\"CommentAction\",\"name\":\"Comment\",\"target\":[\"https:\\\/\\\/proxima2023.okoumea.com\\\/fr\\\/actualites\\\/id-79-indemnisation-des-accidents-de-sport#respond\"]}]},{\"@type\":\"WebPage\",\"@id\":\"https:\\\/\\\/proxima2023.okoumea.com\\\/fr\\\/actualites\\\/id-79-indemnisation-des-accidents-de-sport\",\"url\":\"https:\\\/\\\/proxima2023.okoumea.com\\\/fr\\\/actualites\\\/id-79-indemnisation-des-accidents-de-sport\",\"name\":\"Indemnisation des accidents de sport - Avocat indemnisation de victimes\",\"isPartOf\":{\"@id\":\"https:\\\/\\\/proxima2023.okoumea.com\\\/fr\\\/#website\"},\"datePublished\":\"2015-10-09T15:12:54+00:00\",\"dateModified\":\"2018-01-18T16:38:45+00:00\",\"inLanguage\":\"fr-FR\",\"potentialAction\":[{\"@type\":\"ReadAction\",\"target\":[\"https:\\\/\\\/proxima2023.okoumea.com\\\/fr\\\/actualites\\\/id-79-indemnisation-des-accidents-de-sport\"]}]},{\"@type\":\"WebSite\",\"@id\":\"https:\\\/\\\/proxima2023.okoumea.com\\\/fr\\\/#website\",\"url\":\"https:\\\/\\\/proxima2023.okoumea.com\\\/fr\\\/\",\"name\":\"Proxima - Avocats indemnisation de victimes\",\"description\":\"Chaque jour est un nouveau cap \u00e0 franchir ensemble\",\"publisher\":{\"@id\":\"https:\\\/\\\/proxima2023.okoumea.com\\\/fr\\\/#organization\"},\"potentialAction\":[{\"@type\":\"SearchAction\",\"target\":{\"@type\":\"EntryPoint\",\"urlTemplate\":\"https:\\\/\\\/proxima2023.okoumea.com\\\/fr\\\/?s={search_term_string}\"},\"query-input\":{\"@type\":\"PropertyValueSpecification\",\"valueRequired\":true,\"valueName\":\"search_term_string\"}}],\"inLanguage\":\"fr-FR\"},{\"@type\":\"Organization\",\"@id\":\"https:\\\/\\\/proxima2023.okoumea.com\\\/fr\\\/#organization\",\"name\":\"CABINET PROXIMA GUILLERMOU AVOCATS\",\"url\":\"https:\\\/\\\/proxima2023.okoumea.com\\\/fr\\\/\",\"logo\":{\"@type\":\"ImageObject\",\"inLanguage\":\"fr-FR\",\"@id\":\"https:\\\/\\\/proxima2023.okoumea.com\\\/fr\\\/#\\\/schema\\\/logo\\\/image\\\/\",\"url\":\"https:\\\/\\\/guillermou-avocats.fr\\\/wp-content\\\/uploads\\\/2024\\\/08\\\/2Fichier-12ProximaLogox1.png\",\"contentUrl\":\"https:\\\/\\\/guillermou-avocats.fr\\\/wp-content\\\/uploads\\\/2024\\\/08\\\/2Fichier-12ProximaLogox1.png\",\"width\":836,\"height\":825,\"caption\":\"CABINET PROXIMA GUILLERMOU AVOCATS\"},\"image\":{\"@id\":\"https:\\\/\\\/proxima2023.okoumea.com\\\/fr\\\/#\\\/schema\\\/logo\\\/image\\\/\"},\"sameAs\":[\"https:\\\/\\\/www.facebook.com\\\/emericguillermou\\\/\",\"https:\\\/\\\/x.com\\\/eguillermou\",\"https:\\\/\\\/fr.linkedin.com\\\/in\\\/emeric-guillermou-6a4b9bb6\",\"https:\\\/\\\/www.youtube.com\\\/@emericguillermou9412\"]},{\"@type\":\"Person\",\"@id\":\"https:\\\/\\\/proxima2023.okoumea.com\\\/fr\\\/#\\\/schema\\\/person\\\/76485fc47f1ebece06bb555d9824cae0\",\"name\":\"Proxima\",\"image\":{\"@type\":\"ImageObject\",\"inLanguage\":\"fr-FR\",\"@id\":\"https:\\\/\\\/secure.gravatar.com\\\/avatar\\\/1a9a201a1fcd5f2ecbfa35b383607d569af4cffda10e358211dbcb32e8d758cc?s=96&d=mm&r=g\",\"url\":\"https:\\\/\\\/secure.gravatar.com\\\/avatar\\\/1a9a201a1fcd5f2ecbfa35b383607d569af4cffda10e358211dbcb32e8d758cc?s=96&d=mm&r=g\",\"contentUrl\":\"https:\\\/\\\/secure.gravatar.com\\\/avatar\\\/1a9a201a1fcd5f2ecbfa35b383607d569af4cffda10e358211dbcb32e8d758cc?s=96&d=mm&r=g\",\"caption\":\"Proxima\"},\"description\":\"Avocat Indemnisation de victimes Emeric GUILLERMOU\",\"url\":\"https:\\\/\\\/guillermou-avocats.fr\\\/fr\\\/author\\\/proxima\"}]}<\/script>\n<!-- \/ Yoast SEO Premium plugin. -->","yoast_head_json":{"title":"Indemnisation des accidents de sport - Avocat indemnisation de victimes","robots":{"index":"index","follow":"follow","max-snippet":"max-snippet:-1","max-image-preview":"max-image-preview:large","max-video-preview":"max-video-preview:-1"},"canonical":"https:\/\/proxima2023.okoumea.com\/fr\/actualites\/id-79-indemnisation-des-accidents-de-sport","og_locale":"fr_FR","og_type":"article","og_title":"Indemnisation des accidents de sport - Avocat indemnisation de victimes","og_url":"https:\/\/proxima2023.okoumea.com\/fr\/actualites\/id-79-indemnisation-des-accidents-de-sport","og_site_name":"Avocat indemnisation de victimes","article_publisher":"https:\/\/www.facebook.com\/emericguillermou\/","article_published_time":"2015-10-09T15:12:54+00:00","article_modified_time":"2018-01-18T16:38:45+00:00","author":"Proxima","twitter_card":"summary_large_image","twitter_creator":"@eguillermou","twitter_site":"@eguillermou","twitter_misc":{"\u00c9crit par":"Proxima","Dur\u00e9e de lecture estim\u00e9e":"5 minutes"},"schema":{"@context":"https:\/\/schema.org","@graph":[{"@type":"Article","@id":"https:\/\/proxima2023.okoumea.com\/fr\/actualites\/id-79-indemnisation-des-accidents-de-sport#article","isPartOf":{"@id":"https:\/\/proxima2023.okoumea.com\/fr\/actualites\/id-79-indemnisation-des-accidents-de-sport"},"author":{"name":"Proxima","@id":"https:\/\/proxima2023.okoumea.com\/fr\/#\/schema\/person\/76485fc47f1ebece06bb555d9824cae0"},"headline":"Indemnisation des accidents de sport","datePublished":"2015-10-09T15:12:54+00:00","dateModified":"2018-01-18T16:38:45+00:00","mainEntityOfPage":{"@id":"https:\/\/proxima2023.okoumea.com\/fr\/actualites\/id-79-indemnisation-des-accidents-de-sport"},"wordCount":1077,"commentCount":0,"publisher":{"@id":"https:\/\/proxima2023.okoumea.com\/fr\/#organization"},"articleSection":["actualit\u00e9s"],"inLanguage":"fr-FR","potentialAction":[{"@type":"CommentAction","name":"Comment","target":["https:\/\/proxima2023.okoumea.com\/fr\/actualites\/id-79-indemnisation-des-accidents-de-sport#respond"]}]},{"@type":"WebPage","@id":"https:\/\/proxima2023.okoumea.com\/fr\/actualites\/id-79-indemnisation-des-accidents-de-sport","url":"https:\/\/proxima2023.okoumea.com\/fr\/actualites\/id-79-indemnisation-des-accidents-de-sport","name":"Indemnisation des accidents de sport - Avocat indemnisation de victimes","isPartOf":{"@id":"https:\/\/proxima2023.okoumea.com\/fr\/#website"},"datePublished":"2015-10-09T15:12:54+00:00","dateModified":"2018-01-18T16:38:45+00:00","inLanguage":"fr-FR","potentialAction":[{"@type":"ReadAction","target":["https:\/\/proxima2023.okoumea.com\/fr\/actualites\/id-79-indemnisation-des-accidents-de-sport"]}]},{"@type":"WebSite","@id":"https:\/\/proxima2023.okoumea.com\/fr\/#website","url":"https:\/\/proxima2023.okoumea.com\/fr\/","name":"Proxima - Avocats indemnisation de victimes","description":"Chaque jour est un nouveau cap \u00e0 franchir ensemble","publisher":{"@id":"https:\/\/proxima2023.okoumea.com\/fr\/#organization"},"potentialAction":[{"@type":"SearchAction","target":{"@type":"EntryPoint","urlTemplate":"https:\/\/proxima2023.okoumea.com\/fr\/?s={search_term_string}"},"query-input":{"@type":"PropertyValueSpecification","valueRequired":true,"valueName":"search_term_string"}}],"inLanguage":"fr-FR"},{"@type":"Organization","@id":"https:\/\/proxima2023.okoumea.com\/fr\/#organization","name":"CABINET PROXIMA GUILLERMOU AVOCATS","url":"https:\/\/proxima2023.okoumea.com\/fr\/","logo":{"@type":"ImageObject","inLanguage":"fr-FR","@id":"https:\/\/proxima2023.okoumea.com\/fr\/#\/schema\/logo\/image\/","url":"https:\/\/guillermou-avocats.fr\/wp-content\/uploads\/2024\/08\/2Fichier-12ProximaLogox1.png","contentUrl":"https:\/\/guillermou-avocats.fr\/wp-content\/uploads\/2024\/08\/2Fichier-12ProximaLogox1.png","width":836,"height":825,"caption":"CABINET PROXIMA GUILLERMOU AVOCATS"},"image":{"@id":"https:\/\/proxima2023.okoumea.com\/fr\/#\/schema\/logo\/image\/"},"sameAs":["https:\/\/www.facebook.com\/emericguillermou\/","https:\/\/x.com\/eguillermou","https:\/\/fr.linkedin.com\/in\/emeric-guillermou-6a4b9bb6","https:\/\/www.youtube.com\/@emericguillermou9412"]},{"@type":"Person","@id":"https:\/\/proxima2023.okoumea.com\/fr\/#\/schema\/person\/76485fc47f1ebece06bb555d9824cae0","name":"Proxima","image":{"@type":"ImageObject","inLanguage":"fr-FR","@id":"https:\/\/secure.gravatar.com\/avatar\/1a9a201a1fcd5f2ecbfa35b383607d569af4cffda10e358211dbcb32e8d758cc?s=96&d=mm&r=g","url":"https:\/\/secure.gravatar.com\/avatar\/1a9a201a1fcd5f2ecbfa35b383607d569af4cffda10e358211dbcb32e8d758cc?s=96&d=mm&r=g","contentUrl":"https:\/\/secure.gravatar.com\/avatar\/1a9a201a1fcd5f2ecbfa35b383607d569af4cffda10e358211dbcb32e8d758cc?s=96&d=mm&r=g","caption":"Proxima"},"description":"Avocat Indemnisation de victimes Emeric GUILLERMOU","url":"https:\/\/guillermou-avocats.fr\/fr\/author\/proxima"}]}},"_links":{"self":[{"href":"https:\/\/guillermou-avocats.fr\/fr\/wp-json\/wp\/v2\/posts\/3797","targetHints":{"allow":["GET"]}}],"collection":[{"href":"https:\/\/guillermou-avocats.fr\/fr\/wp-json\/wp\/v2\/posts"}],"about":[{"href":"https:\/\/guillermou-avocats.fr\/fr\/wp-json\/wp\/v2\/types\/post"}],"author":[{"embeddable":true,"href":"https:\/\/guillermou-avocats.fr\/fr\/wp-json\/wp\/v2\/users\/2"}],"replies":[{"embeddable":true,"href":"https:\/\/guillermou-avocats.fr\/fr\/wp-json\/wp\/v2\/comments?post=3797"}],"version-history":[{"count":4,"href":"https:\/\/guillermou-avocats.fr\/fr\/wp-json\/wp\/v2\/posts\/3797\/revisions"}],"predecessor-version":[{"id":4578,"href":"https:\/\/guillermou-avocats.fr\/fr\/wp-json\/wp\/v2\/posts\/3797\/revisions\/4578"}],"wp:attachment":[{"href":"https:\/\/guillermou-avocats.fr\/fr\/wp-json\/wp\/v2\/media?parent=3797"}],"wp:term":[{"taxonomy":"category","embeddable":true,"href":"https:\/\/guillermou-avocats.fr\/fr\/wp-json\/wp\/v2\/categories?post=3797"},{"taxonomy":"post_tag","embeddable":true,"href":"https:\/\/guillermou-avocats.fr\/fr\/wp-json\/wp\/v2\/tags?post=3797"}],"curies":[{"name":"wp","href":"https:\/\/api.w.org\/{rel}","templated":true}]}}